{"id":626218,"date":"2025-12-28T01:47:27","date_gmt":"2025-12-28T01:47:27","guid":{"rendered":"https:\/\/www.europesays.com\/fr\/626218\/"},"modified":"2025-12-28T01:47:27","modified_gmt":"2025-12-28T01:47:27","slug":"loire-un-homme-tue-a-larme-blanche-un-suspect-interpelle-pres-de-saint-etienne","status":"publish","type":"post","link":"https:\/\/www.europesays.com\/fr\/626218\/","title":{"rendered":"Loire\u00a0: un homme tu\u00e9 \u00e0 l\u2019arme blanche, un suspect interpell\u00e9 pr\u00e8s de Saint-Etienne"},"content":{"rendered":"<tr wp_automatic_readability=\"6.8645161290323\">\n<td valign=\"middle\" align=\"center\" class=\"col-logo\" wp_automatic_readability=\"5\">\n    <img decoding=\"async\" src=\"https:\/\/maville.com\/design\/images\/logo-of-monetise.svg?version=20130627\" alt=\"logo Ouest-France\" height=\"66\"\/><\/p>\n<p>Contenu r\u00e9serv\u00e9 aux abonn\u00e9s<\/p>\n<\/td>\n<td class=\"col-titre\">\n\t\t\tSamedi 27 d\u00e9cembre 2025 19:46<br \/>\n\t\t\t<a class=\"icon-bulle sizeL count\" href=\"#ancreAvis\"><br \/>\n\t&#8230;<br \/>\n<\/a><\/td>\n<\/tr>\n<p>\t\t<a class=\"mavillebox2 elmt-photo\" href=\"https:\/\/maville.com\/photosmvi\/2025\/12\/27\/P35662055D7126069G.jpg\" title=\" Le drame s\u2019est d\u00e9roul\u00e9 dans le village de St-Bonnet-le-Ch\u00e2teau, \u00e0 une quarantaine de kilom\u00e8tres \u00e0 l\u2019ouest de Saint-Etienne. Photo d\u2019illustration.  \u00a9  Pierre Fontanier \/ Archives Ouest-France  \" rel=\"galerie_actu noopener\" target=\"_blank\"><br \/>\n\t<img decoding=\"async\" src=\"https:\/\/www.europesays.com\/fr\/wp-content\/uploads\/2025\/12\/P35662055D7126069G_crop_640-330_.jpg\" alt=\"photo  le drame s\u2019est d\u00e9roul\u00e9 dans le village de st-bonnet-le-ch\u00e2teau, \u00e0 une quarantaine de kilom\u00e8tres \u00e0 l\u2019ouest de saint-etienne. photo d\u2019illustration.  \u00a9  pierre fontanier \/ archives ouest-france \"\/><br \/>\n\t1<br \/>\n<\/a><\/p>\n<p class=\"elmt-legende\"> Le drame s\u2019est d\u00e9roul\u00e9 dans le village de St-Bonnet-le-Ch\u00e2teau, \u00e0 une quarantaine de kilom\u00e8tres \u00e0 l\u2019ouest de Saint-Etienne. Photo d\u2019illustration.  \u00a9  Pierre Fontanier \/ Archives Ouest-France  <\/p>\n<p>\t\tUn homme a \u00e9t\u00e9 tu\u00e9 \u00e0 l\u2019arme blanche et une femme bless\u00e9e dans la nuit de vendredi \u00e0 samedi 27\u00a0d\u00e9cembre 2025 \u00e0 St-Bonnet-le-Ch\u00e2teau, pr\u00e8s de Saint-Etienne (Loire).<\/p>\n<p><b>Cet article est r\u00e9serv\u00e9 aux abonn\u00e9s<\/b><\/p>\n<p>Pour un acc\u00e8s imm\u00e9diat, abonnez-vous<\/p>\n<p><b>1\u00e8re semaine offerte<\/b><\/p>\n<p>\t\tOuest-France<\/p>\n<p>\t\t&#13;<\/p>\n","protected":false},"excerpt":{"rendered":"Contenu r\u00e9serv\u00e9 aux abonn\u00e9s Samedi 27 d\u00e9cembre 2025 19:46 &#8230; 1 Le drame s\u2019est d\u00e9roul\u00e9 dans le village&hellip;\n","protected":false},"author":2,"featured_media":626219,"comment_status":"","ping_status":"","sticky":false,"template":"","format":"standard","meta":{"footnotes":""},"categories":[9653],"tags":[1111,11,10268,2430,8386,1777,674,1011,27,4933,9817,3367,2047,12,3762,25,4001,16022,5911],"class_list":{"0":"post-626218","1":"post","2":"type-post","3":"status-publish","4":"format-standard","5":"has-post-thumbnail","7":"category-saint-etienne","8":"tag-actu","9":"tag-actualites","10":"tag-arme","11":"tag-auvergne-rhone-alpes","12":"tag-blanche","13":"tag-eu","14":"tag-europe","15":"tag-fr","16":"tag-france","17":"tag-homme","18":"tag-interpelle","19":"tag-loire","20":"tag-mans","21":"tag-news","22":"tag-pres","23":"tag-republique-francaise","24":"tag-saint-etienne","25":"tag-suspect","26":"tag-tue"},"share_on_mastodon":{"url":"https:\/\/pubeurope.com\/@fr\/115794677288168123","error":""},"_links":{"self":[{"href":"https:\/\/www.europesays.com\/fr\/wp-json\/wp\/v2\/posts\/626218","targetHints":{"allow":["GET"]}}],"collection":[{"href":"https:\/\/www.europesays.com\/fr\/wp-json\/wp\/v2\/posts"}],"about":[{"href":"https:\/\/www.europesays.com\/fr\/wp-json\/wp\/v2\/types\/post"}],"author":[{"embeddable":true,"href":"https:\/\/www.europesays.com\/fr\/wp-json\/wp\/v2\/users\/2"}],"replies":[{"embeddable":true,"href":"https:\/\/www.europesays.com\/fr\/wp-json\/wp\/v2\/comments?post=626218"}],"version-history":[{"count":0,"href":"https:\/\/www.europesays.com\/fr\/wp-json\/wp\/v2\/posts\/626218\/revisions"}],"wp:featuredmedia":[{"embeddable":true,"href":"https:\/\/www.europesays.com\/fr\/wp-json\/wp\/v2\/media\/626219"}],"wp:attachment":[{"href":"https:\/\/www.europesays.com\/fr\/wp-json\/wp\/v2\/media?parent=626218"}],"wp:term":[{"taxonomy":"category","embeddable":true,"href":"https:\/\/www.europesays.com\/fr\/wp-json\/wp\/v2\/categories?post=626218"},{"taxonomy":"post_tag","embeddable":true,"href":"https:\/\/www.europesays.com\/fr\/wp-json\/wp\/v2\/tags?post=626218"}],"curies":[{"name":"wp","href":"https:\/\/api.w.org\/{rel}","templated":true}]}}