{"id":626225,"date":"2025-12-28T02:03:27","date_gmt":"2025-12-28T02:03:27","guid":{"rendered":"https:\/\/www.europesays.com\/fr\/626225\/"},"modified":"2025-12-28T02:03:27","modified_gmt":"2025-12-28T02:03:27","slug":"rennes-cible-7-joueurs-de-ligue-1","status":"publish","type":"post","link":"https:\/\/www.europesays.com\/fr\/626225\/","title":{"rendered":"Rennes cible 7 joueurs de Ligue 1 !"},"content":{"rendered":"<p><b>Apr\u00e8s avoir boulvers\u00e9 son effectif l\u2019\u00e9t\u00e9 dernier, le Stade Rennais pourrait apporter de nouvelles modifications cet hiver. Le club breton est notamment \u00e0 l\u2019aff\u00fbt dans plusieurs dossiers qui concernent des joueurs de <a href=\"https:\/\/www.foot01.com\/ligue1\" title=\"Ligue 1\" target=\"_blank\" rel=\"noopener\">Ligue 1<\/a>.<\/b><\/p>\n<p>L\u2019\u00e9t\u00e9 dernier, le Stade Rennais a consid\u00e9rablement modifi\u00e9 son effectif. Les joueurs recrut\u00e9s par l\u2019ancien directeur sportif Frederic Massara sont tous partis ou presque et pour compenser ces d\u00e9parts, Rennes a essentiellement mis\u00e9 sur des joueurs ayant une bonne exp\u00e9rience de la Ligue 1 (Rongier, Merlin, Embolo, Lepaul, Frankowski). Une strat\u00e9gie payante pour le moment puisque le club breton est remont\u00e9 \u00e0 la 6e place du classement gr\u00e2ce \u00e0 une folle s\u00e9rie en novembre et d\u00e9cembre.<\/p>\n<p>Cet hiver, le Stade Rennais ne s\u2019interdit pas de miser sur un ou deux renforts pour compl\u00e9ter son effectif et compenser certains manques. Le site But fait d\u2019ailleurs un point sur l\u2019ensemble des pistes \u00e9tudi\u00e9es par le club breton. Au total, ce n\u2019est pas moins de sept joueurs \u00e9voluant en Ligue 1 qui suscitent un vif int\u00e9r\u00eat de la part du pensionnaire du Roazhon Park.<\/p>\n<p>Rennes multiplie les cibles en Ligue 1<\/p>\n<p>En effet, le m\u00e9dia indique que Rennes est tr\u00e8s int\u00e9ress\u00e9 par Louis Leroux (Nantes), K\u00e9vin Danois (Auxerre), Arthur Avom (Lorient), Illan Kebbal (Paris FC), Himad Abdelli (Angers), Sidiki Ch\u00e9rif (Angers) et Yann Ghobo (Toulouse). Des pistes s\u00e9duisantes pour les supporters rennais, qui appr\u00e9cient sans doute de voir leur direction se pencher sur des \u00e9l\u00e9ments qui ont d\u00e9j\u00e0 fait leurs preuves en Ligue 1 et qui disposent tous d\u2019un fort potentiel. A ces sept pistes du championnat de France, on peut ajouter celle menant \u00e0 Lucas Stassin.<\/p>\n<p>Et pour cause, le m\u00e9dia affirme que l\u2019attaquant belge de l\u2019AS Saint-Etienne, actuel deuxi\u00e8me de Ligue 2, est toujours suivi par les dirigeants du Stade Rennais. Evidemment, il ne sera pas question pour l\u2019actuel 6e de Ligue 1 de tout chambouler cet hiver et de multiplier les recrues. Mais il ne serait pas \u00e9tonnant du tout de voir Rennes se pencher sur certains de ces joueurs l\u2019\u00e9t\u00e9 prochain pour continuer de renforcer et de renouveler son effectif. D\u2019ici l\u00e0, tout d\u00e9pendra aussi d\u2019une \u00e9ventuelle qualification en coupe d\u2019Europe pour la saison prochaine, un objectif clairement assum\u00e9 par Habib Beye.<\/p>\n","protected":false},"excerpt":{"rendered":"Apr\u00e8s avoir boulvers\u00e9 son effectif l\u2019\u00e9t\u00e9 dernier, le Stade Rennais pourrait apporter de nouvelles modifications cet hiver. Le&hellip;\n","protected":false},"author":2,"featured_media":626226,"comment_status":"","ping_status":"","sticky":false,"template":"","format":"standard","meta":{"footnotes":""},"categories":[2821],"tags":[1111,11,829,1777,674,1011,27,66,1434,12,584,25],"class_list":{"0":"post-626225","1":"post","2":"type-post","3":"status-publish","4":"format-standard","5":"has-post-thumbnail","7":"category-rennes","8":"tag-actu","9":"tag-actualites","10":"tag-bretagne","11":"tag-eu","12":"tag-europe","13":"tag-fr","14":"tag-france","15":"tag-ligue-1","16":"tag-mercato","17":"tag-news","18":"tag-rennes","19":"tag-republique-francaise"},"share_on_mastodon":{"url":"https:\/\/pubeurope.com\/@fr\/115794739377611626","error":""},"_links":{"self":[{"href":"https:\/\/www.europesays.com\/fr\/wp-json\/wp\/v2\/posts\/626225","targetHints":{"allow":["GET"]}}],"collection":[{"href":"https:\/\/www.europesays.com\/fr\/wp-json\/wp\/v2\/posts"}],"about":[{"href":"https:\/\/www.europesays.com\/fr\/wp-json\/wp\/v2\/types\/post"}],"author":[{"embeddable":true,"href":"https:\/\/www.europesays.com\/fr\/wp-json\/wp\/v2\/users\/2"}],"replies":[{"embeddable":true,"href":"https:\/\/www.europesays.com\/fr\/wp-json\/wp\/v2\/comments?post=626225"}],"version-history":[{"count":0,"href":"https:\/\/www.europesays.com\/fr\/wp-json\/wp\/v2\/posts\/626225\/revisions"}],"wp:featuredmedia":[{"embeddable":true,"href":"https:\/\/www.europesays.com\/fr\/wp-json\/wp\/v2\/media\/626226"}],"wp:attachment":[{"href":"https:\/\/www.europesays.com\/fr\/wp-json\/wp\/v2\/media?parent=626225"}],"wp:term":[{"taxonomy":"category","embeddable":true,"href":"https:\/\/www.europesays.com\/fr\/wp-json\/wp\/v2\/categories?post=626225"},{"taxonomy":"post_tag","embeddable":true,"href":"https:\/\/www.europesays.com\/fr\/wp-json\/wp\/v2\/tags?post=626225"}],"curies":[{"name":"wp","href":"https:\/\/api.w.org\/{rel}","templated":true}]}}