{"id":626229,"date":"2025-12-28T02:06:20","date_gmt":"2025-12-28T02:06:20","guid":{"rendered":"https:\/\/www.europesays.com\/fr\/626229\/"},"modified":"2025-12-28T02:06:20","modified_gmt":"2025-12-28T02:06:20","slug":"asse-om-losc-rc-strasbourg-mercato-deux-clubs-ont-pris-les-devants-pour-gessime-yassine-dunkerque","status":"publish","type":"post","link":"https:\/\/www.europesays.com\/fr\/626229\/","title":{"rendered":"ASSE, OM, LOSC, RC Strasbourg Mercato\u00a0: Deux Clubs Ont Pris Les Devants Pour Gessime Yassine (Dunkerque)"},"content":{"rendered":"<p>\u00c0 Dunkerque, <strong>Gessime Yassine <\/strong>s\u2019est impos\u00e9 cette saison comme la r\u00e9v\u00e9lation que personne n\u2019avait vu venir aussi vite. Meilleur passeur de Ligue 2 et fra\u00eechement sacr\u00e9 champion du monde U20, le Marocain attise les convoitises. <a href=\"https:\/\/www.butfootballclub.fr\/1637012-om-rc-lens-losc-asse-mercato-marseille-prend-les-devants-pour-yassine\/\" target=\"_blank\" rel=\"noreferrer noopener\">Si l\u2019OM s\u2019est d\u00e9j\u00e0 positionn\u00e9<\/a>, le LOSC et l\u2019AS Saint-\u00c9tienne ont aussi \u00e9t\u00e9 cit\u00e9s parmi les pr\u00e9tendants. Mais, comme d\u00e9voil\u00e9 sur notre site, <a href=\"https:\/\/www.butfootballclub.fr\/1636800-om-rc-lens-losc-asse-mercato-info-but-gessime-yassine-a-fait-son-choix\/\" target=\"_blank\" rel=\"noreferrer noopener\">c\u2019est vers le RC Strasbourg que Yassine pencherait<\/a>. <a href=\"https:\/\/x.com\/Santi_J_FM?lang=en\">Foot Mercato<\/a> confirme la tendance ce samedi en ajoutant que l\u2019AS Monaco acc\u00e9l\u00e8re aussi sur le dossier.<\/p>\n<p>Vers un match entre Strasbourg et Monaco<\/p>\n<p>L\u2019explosion de <strong>Gessime Yassine<\/strong> est un cas d\u2019\u00e9cole. Port\u00e9 par un sacre historique lors de la Coupe du Monde U20 avec le Maroc, fort de 2 buts et 3 passes d\u00e9cisives durant la comp\u00e9tition, il a franchi une dimension. Ses prestations en Coupe, notamment face \u00e0 <strong>Strasbourg<\/strong> et le printemps dernier contre le PSG, ont scell\u00e9 sa r\u00e9putation de joueur \u201ctaill\u00e9 pour la lumi\u00e8re\u201d. Face aux Alsaciens, il a \u00e9t\u00e9 un cauchemar pour la d\u00e9fense de Ben Chilwell, multipliant les d\u00e9bordements et provoquant un penalty d\u00e9cisif.<\/p>\n<p>Des prestations qui font grimper sa cote<\/p>\n<ul class=\"wp-block-list\">\n<li>Champion du monde U20 avec le Maroc (2 buts, 3 passes d\u00e9cisives)<\/li>\n<li>Meilleur passeur de Ligue 2 sur la premi\u00e8re partie de saison<\/li>\n<li>Matchs r\u00e9f\u00e9rences contre le PSG et Strasbourg<\/li>\n<\/ul>\n<p>D\u00e9sormais, sa notori\u00e9t\u00e9 d\u00e9passe largement le cercle hexagonal : partout, on s\u2019arrache ses dribbles et sa facult\u00e9 \u00e0 \u00e9lectriser les d\u00e9fenses. Oubli\u00e9es les simples prises de contact\u00a0: pour <strong>Gessime Yassine<\/strong>, il est question d\u2019ench\u00e8res. Et le dossier s\u2019internationalise puisque des \u00e9curies comme le Borussia M\u00f6nchengladbach, le Werder Br\u00eame, Villarreal ou encore le groupe Red Bull avancent leurs pions. Si m\u00eame l\u2019Arabie Saoudite s\u2019est invit\u00e9e dans la danse, l\u2019entourage du joueur reste cat\u00e9gorique : priorit\u00e9 au projet sportif, et pr\u00e9f\u00e9rence nette pour la Ligue 1 ou un grand projet europ\u00e9en.<\/p>\n<p>Dunkerque pr\u00eat \u00e0 l\u2019in\u00e9vitable<\/p>\n<p>Pour <strong>Dunkerque<\/strong>, l\u2019affaire s\u2019annonce implacable mais strat\u00e9gique. Sous la houlette de Demba Ba, ex-buteur de Premier League \u00e0 la reconversion \u00e9clatante, le club sait qu\u2019il tient l\u00e0 un atout majeur capable de bouleverser son \u00e9quilibre financier. Les montants \u00e9voqu\u00e9s sur le march\u00e9 tournent autour de 6 M\u20ac \u2014 soit plus de la moiti\u00e9 du budget annuel \u2014, une somme inesp\u00e9r\u00e9e \u00e0 ce stade pour une structure de L2.<\/p>\n<p>Du c\u00f4t\u00e9 maritime, on se pr\u00e9pare \u00e0 tourner la page, mais non sans ambition. Le pr\u00e9sident Sel\u00e7uk Demir l\u2019a rappel\u00e9 : il n\u2019y a aucune fermeture de porte, l\u2019int\u00e9r\u00eat g\u00e9n\u00e9ral pr\u00e9vaut. Demba Ba, incontournable dans le management sportif dunkerquois, g\u00e8re les n\u00e9gociations pied au plancher. <strong>Et c\u2019est donc avec le Racing et l\u2019ASM que ses discussions se sont intensifi\u00e9es. A suivre\u2026<\/strong><\/p>\n","protected":false},"excerpt":{"rendered":"\u00c0 Dunkerque, Gessime Yassine s\u2019est impos\u00e9 cette saison comme la r\u00e9v\u00e9lation que personne n\u2019avait vu venir aussi vite.&hellip;\n","protected":false},"author":2,"featured_media":626230,"comment_status":"","ping_status":"","sticky":false,"template":"","format":"standard","meta":{"footnotes":""},"categories":[2820],"tags":[1111,11,1777,674,1011,27,775,12,25,640],"class_list":{"0":"post-626229","1":"post","2":"type-post","3":"status-publish","4":"format-standard","5":"has-post-thumbnail","7":"category-strasbourg","8":"tag-actu","9":"tag-actualites","10":"tag-eu","11":"tag-europe","12":"tag-fr","13":"tag-france","14":"tag-grand-est","15":"tag-news","16":"tag-republique-francaise","17":"tag-strasbourg"},"share_on_mastodon":{"url":"https:\/\/pubeurope.com\/@fr\/115794751219252291","error":""},"_links":{"self":[{"href":"https:\/\/www.europesays.com\/fr\/wp-json\/wp\/v2\/posts\/626229","targetHints":{"allow":["GET"]}}],"collection":[{"href":"https:\/\/www.europesays.com\/fr\/wp-json\/wp\/v2\/posts"}],"about":[{"href":"https:\/\/www.europesays.com\/fr\/wp-json\/wp\/v2\/types\/post"}],"author":[{"embeddable":true,"href":"https:\/\/www.europesays.com\/fr\/wp-json\/wp\/v2\/users\/2"}],"replies":[{"embeddable":true,"href":"https:\/\/www.europesays.com\/fr\/wp-json\/wp\/v2\/comments?post=626229"}],"version-history":[{"count":0,"href":"https:\/\/www.europesays.com\/fr\/wp-json\/wp\/v2\/posts\/626229\/revisions"}],"wp:featuredmedia":[{"embeddable":true,"href":"https:\/\/www.europesays.com\/fr\/wp-json\/wp\/v2\/media\/626230"}],"wp:attachment":[{"href":"https:\/\/www.europesays.com\/fr\/wp-json\/wp\/v2\/media?parent=626229"}],"wp:term":[{"taxonomy":"category","embeddable":true,"href":"https:\/\/www.europesays.com\/fr\/wp-json\/wp\/v2\/categories?post=626229"},{"taxonomy":"post_tag","embeddable":true,"href":"https:\/\/www.europesays.com\/fr\/wp-json\/wp\/v2\/tags?post=626229"}],"curies":[{"name":"wp","href":"https:\/\/api.w.org\/{rel}","templated":true}]}}