{"id":626231,"date":"2025-12-28T02:08:15","date_gmt":"2025-12-28T02:08:15","guid":{"rendered":"https:\/\/www.europesays.com\/fr\/626231\/"},"modified":"2025-12-28T02:08:15","modified_gmt":"2025-12-28T02:08:15","slug":"previsions-du-dimanche-28-decembre-2025-3","status":"publish","type":"post","link":"https:\/\/www.europesays.com\/fr\/626231\/","title":{"rendered":"pr\u00e9visions du dimanche 28 d\u00e9cembre 2025"},"content":{"rendered":"<p>Cette journ\u00e9e rimera avec grand soleil pour Nice. Les valeurs iront de 8 \u00e0 13\u00b0C. Les temp\u00e9ratures tourneront autour des 10\u00b0C au cours de la matin\u00e9e. Une petite brise de nord-ouest sera ressentie par les habitants. Les valeurs seront comprises entre 10 et 13\u00b0C pendant l&rsquo;apr\u00e8s-midi. Le ciel sera assez lumineux, avec quelques \u00e9claircies le soir. Le thermom\u00e8tre affichera 9\u00b0C en moyenne. On pr\u00e9voit une nuit claire entre dimanche et lundi.<\/p>\n<p>Un bel ensoleillement est attendu demain \u00e0 Nice. Une chute des temp\u00e9ratures est \u00e0 pr\u00e9voir. Il va faire en moyenne 10\u00b0C. Les temp\u00e9ratures afficheront entre 7\u00b0C et 12\u00b0C dans la matin\u00e9e. Un vent de nord-ouest rafra\u00eechira l\u00e9g\u00e8rement l&rsquo;atmosph\u00e8re. Les valeurs s&rsquo;\u00e9chelonneront entre 9 et 12\u00b0C demain apr\u00e8s-midi. La m\u00e9t\u00e9o devrait s&rsquo;am\u00e9liorer durant la soir\u00e9e. Un vent de nord soufflera l\u00e9g\u00e8rement.<\/p>\n<p>Les jours s&rsquo;encha\u00eenent et ne changent pas. Des temp\u00e9ratures dans les 6\u00b0C accompagneront un ciel ensoleill\u00e9.<\/p>\n<p><\/p>\n","protected":false},"excerpt":{"rendered":"Cette journ\u00e9e rimera avec grand soleil pour Nice. Les valeurs iront de 8 \u00e0 13\u00b0C. Les temp\u00e9ratures tourneront&hellip;\n","protected":false},"author":2,"featured_media":626232,"comment_status":"","ping_status":"","sticky":false,"template":"","format":"standard","meta":{"footnotes":""},"categories":[2819],"tags":[1111,11,1777,674,1011,27,12,2401,2119,882,25],"class_list":{"0":"post-626231","1":"post","2":"type-post","3":"status-publish","4":"format-standard","5":"has-post-thumbnail","7":"category-nice","8":"tag-actu","9":"tag-actualites","10":"tag-eu","11":"tag-europe","12":"tag-fr","13":"tag-france","14":"tag-news","15":"tag-nice","16":"tag-previsions-meteo","17":"tag-provence-alpes-cote-dazur","18":"tag-republique-francaise"},"share_on_mastodon":{"url":"https:\/\/pubeurope.com\/@fr\/115794759133737081","error":""},"_links":{"self":[{"href":"https:\/\/www.europesays.com\/fr\/wp-json\/wp\/v2\/posts\/626231","targetHints":{"allow":["GET"]}}],"collection":[{"href":"https:\/\/www.europesays.com\/fr\/wp-json\/wp\/v2\/posts"}],"about":[{"href":"https:\/\/www.europesays.com\/fr\/wp-json\/wp\/v2\/types\/post"}],"author":[{"embeddable":true,"href":"https:\/\/www.europesays.com\/fr\/wp-json\/wp\/v2\/users\/2"}],"replies":[{"embeddable":true,"href":"https:\/\/www.europesays.com\/fr\/wp-json\/wp\/v2\/comments?post=626231"}],"version-history":[{"count":0,"href":"https:\/\/www.europesays.com\/fr\/wp-json\/wp\/v2\/posts\/626231\/revisions"}],"wp:featuredmedia":[{"embeddable":true,"href":"https:\/\/www.europesays.com\/fr\/wp-json\/wp\/v2\/media\/626232"}],"wp:attachment":[{"href":"https:\/\/www.europesays.com\/fr\/wp-json\/wp\/v2\/media?parent=626231"}],"wp:term":[{"taxonomy":"category","embeddable":true,"href":"https:\/\/www.europesays.com\/fr\/wp-json\/wp\/v2\/categories?post=626231"},{"taxonomy":"post_tag","embeddable":true,"href":"https:\/\/www.europesays.com\/fr\/wp-json\/wp\/v2\/tags?post=626231"}],"curies":[{"name":"wp","href":"https:\/\/api.w.org\/{rel}","templated":true}]}}