{"id":62624,"date":"2025-04-29T20:09:15","date_gmt":"2025-04-29T20:09:15","guid":{"rendered":"https:\/\/www.europesays.com\/fr\/62624\/"},"modified":"2025-04-29T20:09:15","modified_gmt":"2025-04-29T20:09:15","slug":"malzeville-un-week-end-pour-decouvrir-les-metiers-agricoles-a-pixerecourt","status":"publish","type":"post","link":"https:\/\/www.europesays.com\/fr\/62624\/","title":{"rendered":"Malz\u00e9ville. Un week-end pour d\u00e9couvrir les m\u00e9tiers agricoles \u00e0 Pix\u00e9r\u00e9court"},"content":{"rendered":"<p>Le week-end a \u00e9t\u00e9 rythm\u00e9 \u00e0 Pix\u00e9r\u00e9court par une s\u00e9rie d\u2019animations organis\u00e9es dans le cadre du dispositif \u00ab\u00a0l\u2019aventure du vivant\u00a0\u00bb.<\/p>\n<p>Vendredi, Franck Leroy, pr\u00e9sident de la r\u00e9gion Grand Est, accompagn\u00e9 de Pierre Bessin, directeur r\u00e9gional de l\u2019Alimentation, de l\u2019agriculture et de la for\u00eat, du s\u00e9nateur Olivier Jacquin et de la d\u00e9put\u00e9e Estelle Mercier, a visit\u00e9 le domaine. L\u2019occasion de rencontrer Ir\u00e8ne Girard, adjointe au&#8230;<\/p>\n","protected":false},"excerpt":{"rendered":"Le week-end a \u00e9t\u00e9 rythm\u00e9 \u00e0 Pix\u00e9r\u00e9court par une s\u00e9rie d\u2019animations organis\u00e9es dans le cadre du dispositif \u00ab\u00a0l\u2019aventure&hellip;\n","protected":false},"author":2,"featured_media":62625,"comment_status":"","ping_status":"","sticky":false,"template":"","format":"standard","meta":{"footnotes":""},"categories":[9635],"tags":[1111,11,327,33,1704,1777,674,1011,27,775,11259,11260,1702,12,25],"class_list":{"0":"post-62624","1":"post","2":"type-post","3":"status-publish","4":"format-standard","5":"has-post-thumbnail","7":"category-nancy","8":"tag-actu","9":"tag-actualites","10":"tag-agriculture","11":"tag-economie","12":"tag-edition-nancy-et-agglomeration","13":"tag-eu","14":"tag-europe","15":"tag-fr","16":"tag-france","17":"tag-grand-est","18":"tag-malzeville","19":"tag-metropole-du-grand-nancy-54b4","20":"tag-nancy","21":"tag-news","22":"tag-republique-francaise"},"share_on_mastodon":{"url":"https:\/\/pubeurope.com\/@fr\/114423068510715056","error":""},"_links":{"self":[{"href":"https:\/\/www.europesays.com\/fr\/wp-json\/wp\/v2\/posts\/62624","targetHints":{"allow":["GET"]}}],"collection":[{"href":"https:\/\/www.europesays.com\/fr\/wp-json\/wp\/v2\/posts"}],"about":[{"href":"https:\/\/www.europesays.com\/fr\/wp-json\/wp\/v2\/types\/post"}],"author":[{"embeddable":true,"href":"https:\/\/www.europesays.com\/fr\/wp-json\/wp\/v2\/users\/2"}],"replies":[{"embeddable":true,"href":"https:\/\/www.europesays.com\/fr\/wp-json\/wp\/v2\/comments?post=62624"}],"version-history":[{"count":0,"href":"https:\/\/www.europesays.com\/fr\/wp-json\/wp\/v2\/posts\/62624\/revisions"}],"wp:featuredmedia":[{"embeddable":true,"href":"https:\/\/www.europesays.com\/fr\/wp-json\/wp\/v2\/media\/62625"}],"wp:attachment":[{"href":"https:\/\/www.europesays.com\/fr\/wp-json\/wp\/v2\/media?parent=62624"}],"wp:term":[{"taxonomy":"category","embeddable":true,"href":"https:\/\/www.europesays.com\/fr\/wp-json\/wp\/v2\/categories?post=62624"},{"taxonomy":"post_tag","embeddable":true,"href":"https:\/\/www.europesays.com\/fr\/wp-json\/wp\/v2\/tags?post=62624"}],"curies":[{"name":"wp","href":"https:\/\/api.w.org\/{rel}","templated":true}]}}