{"id":626245,"date":"2025-12-28T02:15:18","date_gmt":"2025-12-28T02:15:18","guid":{"rendered":"https:\/\/www.europesays.com\/fr\/626245\/"},"modified":"2025-12-28T02:15:18","modified_gmt":"2025-12-28T02:15:18","slug":"feminicide-deux-hommes-mis-en-cause-pour-le-meurtre-dune-femme-le-jour-de-noel-a-lille","status":"publish","type":"post","link":"https:\/\/www.europesays.com\/fr\/626245\/","title":{"rendered":"F\u00e9minicide\u00a0: deux hommes mis en cause pour le meurtre d\u2019une femme le jour de No\u00ebl \u00e0 Lille"},"content":{"rendered":"<p>Un homme de 36\u00a0ans a \u00e9t\u00e9 mis en examen et \u00e9crou\u00e9 ce samedi 27\u00a0d\u00e9cembre \u00e0 Lille (<a href=\"https:\/\/www.ouest-france.fr\/hauts-de-france\/\" target=\"_self\" rel=\"noopener\">Hauts-de-France<\/a>), soup\u00e7onn\u00e9 d\u2019avoir tu\u00e9 sa compagne, <a href=\"https:\/\/lille.maville.com\/actu\/actudet_-feminicide-une-femme-retrouvee-morte-a-lille-son-compagnon-place-en-garde-a-vue-_12679-7124292_actu.Htm\" target=\"_self\" rel=\"noopener\">retrouv\u00e9e morte le jour de No\u00ebl \u00e0 leur domicile<\/a>. Le parquet a retenu la qualification de meurtre par conjoint, a indiqu\u00e9 le procureur adjoint de la R\u00e9publique, Antoine Berthelot \u00e0 l\u2019Agence France-Presse (AFP).<\/p>\n<p>La victime, une femme de 34\u00a0ans de nationalit\u00e9 belge, a \u00e9t\u00e9 d\u00e9couverte sans vie jeudi. Son corps pr\u00e9sentait de nombreuses traces de coups, notamment au visage et des dents cass\u00e9es. Les constatations effectu\u00e9es dans l\u2019appartement ont mis en \u00e9vidence un contexte de violences, avec des traces de sang, des d\u00e9gradations et une porte fractur\u00e9e, selon une source polici\u00e8re.<\/p>\n<p>Le conjoint et un ami interpell\u00e9s<\/p>\n<p>Interpell\u00e9 sur place, le compagnon de la victime, de nationalit\u00e9 alg\u00e9rienne et en situation r\u00e9guli\u00e8re en France, a \u00e9t\u00e9 plac\u00e9 en d\u00e9tention provisoire. Il conteste \u00e0 ce stade toute responsabilit\u00e9, selon le parquet. Les enqu\u00eateurs ont relev\u00e9 des griffures sur son corps lors de son interpellation.<\/p>\n<p>L\u2019homme a expliqu\u00e9 avoir d\u00e9couvert sa compagne morte au r\u00e9veil, apr\u00e8s une soir\u00e9e fortement alcoolis\u00e9e, en pr\u00e9sence d\u2019un tiers. Ce dernier, \u00e2g\u00e9 de 47\u00a0ans, <strong>\u00ab\u00a0ami du compagnon de la victime et h\u00e9berg\u00e9 depuis plusieurs semaines au domicile commun\u00a0\u00bb<\/strong>, a \u00e9galement \u00e9t\u00e9 mis en examen pour non-assistance \u00e0 personne en danger. Il a \u00e9t\u00e9 plac\u00e9 sous contr\u00f4le judiciaire.<\/p>\n<p>Selon les donn\u00e9es 2024 de la Mission interminist\u00e9rielle pour la protection des femmes (Miprof), publi\u00e9es en novembre, plus de trois femmes sont chaque jour victimes de f\u00e9minicide ou de tentative de f\u00e9minicide conjugal, un chiffre en hausse sur un an.<\/p>\n<p>Le m\u00eame jour \u00e0 Lille, un autre homme s\u2019est pr\u00e9sent\u00e9 \u00e0 la police en d\u00e9clarant avoir <a href=\"https:\/\/lille.maville.com\/actu\/actudet_-une-femme-de-25-ans-retrouvee-morte-dans-le-centre-de-lille-son-compagnon-a-ete-interpelle-_12679-7126066_actu.Htm\" target=\"_self\" rel=\"noopener\">mortellement poignard\u00e9 sa compagne<\/a>, a confirm\u00e9 le parquet.<\/p>\n<p>\u00a0<\/p>\n","protected":false},"excerpt":{"rendered":"Un homme de 36\u00a0ans a \u00e9t\u00e9 mis en examen et \u00e9crou\u00e9 ce samedi 27\u00a0d\u00e9cembre \u00e0 Lille (Hauts-de-France), soup\u00e7onn\u00e9&hellip;\n","protected":false},"author":2,"featured_media":626246,"comment_status":"","ping_status":"","sticky":false,"template":"","format":"standard","meta":{"footnotes":""},"categories":[2815],"tags":[1111,11,3738,1777,674,3555,1294,1011,27,811,1101,4432,1307,777,18360,12,15830,25],"class_list":{"0":"post-626245","1":"post","2":"type-post","3":"status-publish","4":"format-standard","5":"has-post-thumbnail","7":"category-lille","8":"tag-actu","9":"tag-actualites","10":"tag-cause","11":"tag-eu","12":"tag-europe","13":"tag-feminicide","14":"tag-femme","15":"tag-fr","16":"tag-france","17":"tag-hauts-de-france","18":"tag-hommes","19":"tag-jour","20":"tag-lille","21":"tag-meurtre","22":"tag-mis","23":"tag-news","24":"tag-noel","25":"tag-republique-francaise"},"share_on_mastodon":{"url":"https:\/\/pubeurope.com\/@fr\/115794786586401886","error":""},"_links":{"self":[{"href":"https:\/\/www.europesays.com\/fr\/wp-json\/wp\/v2\/posts\/626245","targetHints":{"allow":["GET"]}}],"collection":[{"href":"https:\/\/www.europesays.com\/fr\/wp-json\/wp\/v2\/posts"}],"about":[{"href":"https:\/\/www.europesays.com\/fr\/wp-json\/wp\/v2\/types\/post"}],"author":[{"embeddable":true,"href":"https:\/\/www.europesays.com\/fr\/wp-json\/wp\/v2\/users\/2"}],"replies":[{"embeddable":true,"href":"https:\/\/www.europesays.com\/fr\/wp-json\/wp\/v2\/comments?post=626245"}],"version-history":[{"count":0,"href":"https:\/\/www.europesays.com\/fr\/wp-json\/wp\/v2\/posts\/626245\/revisions"}],"wp:featuredmedia":[{"embeddable":true,"href":"https:\/\/www.europesays.com\/fr\/wp-json\/wp\/v2\/media\/626246"}],"wp:attachment":[{"href":"https:\/\/www.europesays.com\/fr\/wp-json\/wp\/v2\/media?parent=626245"}],"wp:term":[{"taxonomy":"category","embeddable":true,"href":"https:\/\/www.europesays.com\/fr\/wp-json\/wp\/v2\/categories?post=626245"},{"taxonomy":"post_tag","embeddable":true,"href":"https:\/\/www.europesays.com\/fr\/wp-json\/wp\/v2\/tags?post=626245"}],"curies":[{"name":"wp","href":"https:\/\/api.w.org\/{rel}","templated":true}]}}