{"id":626247,"date":"2025-12-28T02:17:35","date_gmt":"2025-12-28T02:17:35","guid":{"rendered":"https:\/\/www.europesays.com\/fr\/626247\/"},"modified":"2025-12-28T02:17:35","modified_gmt":"2025-12-28T02:17:35","slug":"deces-dune-belge-a-lille-son-conjoint-mis-en-examen-pour-meurtre","status":"publish","type":"post","link":"https:\/\/www.europesays.com\/fr\/626247\/","title":{"rendered":"D\u00e9c\u00e8s d&rsquo;une Belge \u00e0 Lille: son conjoint mis en examen pour meurtre"},"content":{"rendered":"<p class=\"ap-StoryElement ap-StoryElement--mb ap-StoryText\">Le conjoint de la victime, un Alg\u00e9rien de 36 ans, en situation r\u00e9guli\u00e8re sur le territoire fran\u00e7ais et connu de la justice pour d\u00e9lit routier, pr\u00e9sentait des griffures au moment de son interpellation, selon cette m\u00eame source.<\/p>\n<p class=\"ap-StoryElement ap-StoryElement--mb ap-StoryText\">Toujours selon cette derni\u00e8re, il aurait assur\u00e9 avoir retrouv\u00e9 sa compagne morte \u00e0 son r\u00e9veil apr\u00e8s une soir\u00e9e alcoolis\u00e9e pendant laquelle \u00e9tait pr\u00e9sente une autre de leurs connaissances.<\/p>\n<p><a href=\"https:\/\/www.dhnet.be\/actu\/monde\/2025\/12\/25\/une-belge-retrouvee-morte-a-lille-son-compagnon-place-en-garde-a-vue-7CQGHF4JTVGPHHZDCRZQVSCMPI\/\" target=\"_self\" class=\"ap-StoryInterstitialLink ap-StoryElement ap-StoryElement--mb\" rel=\"noopener\">Une Belge retrouv\u00e9e morte \u00e0 Lille, son compagnon plac\u00e9 en garde \u00e0 vue<\/a><\/p>\n<p class=\"ap-StoryElement ap-StoryElement--mb ap-StoryText\">Un deuxi\u00e8me homme, \u00e2g\u00e9 de 47 ans et \u00ab\u00a0ami du compagnon de la victime, h\u00e9berg\u00e9 depuis plusieurs semaines au domicile commun\u00a0\u00bb a \u00e9galement \u00e9t\u00e9 mis en examen samedi soir pour non-assistance \u00e0 personne en danger, selon M. Berthelot.<\/p>\n<p class=\"ap-StoryElement ap-StoryElement--mb ap-StoryText\">Ce deuxi\u00e8me homme est plac\u00e9 sous contr\u00f4le judiciaire, a-t-il ajout\u00e9.<\/p>\n<p><a href=\"https:\/\/www.dhnet.be\/actu\/monde\/2025\/12\/23\/deces-du-petit-emile-des-experts-retournent-sur-place-un-objet-volumineux-au-coeur-de-lenquete-HYAXSUXJXBFGRDU3UZ3Y77WSZI\/\" target=\"_self\" class=\"ap-StoryInterstitialLink ap-StoryElement ap-StoryElement--mb\" rel=\"noopener\">D\u00e9c\u00e8s du petit Emile: des experts retournent sur place, un objet volumineux au c\u0153ur de l&rsquo;enqu\u00eate<\/a><\/p>\n<p class=\"ap-StoryElement ap-StoryElement--mb ap-StoryText\">Chaque jour en France, plus de trois femmes sont victimes de f\u00e9minicide ou tentative de f\u00e9minicide conjugal, un chiffre en hausse sur un an, selon les donn\u00e9es de 2024 de la mission interminist\u00e9rielle pour la protection des femmes (Miprof) publi\u00e9es en novembre.<\/p>\n<p class=\"ap-StoryElement ap-StoryElement--mb ap-StoryText\">Samedi, \u00e0 Lille \u00e9galement, un homme de 29 ans s&rsquo;est d\u00e9nonc\u00e9 \u00e0 la police en affirmant avoir tu\u00e9 sa compagne de 25 ans \u00e0 coups de couteau, selon le parquet de Lille.<\/p>\n","protected":false},"excerpt":{"rendered":"Le conjoint de la victime, un Alg\u00e9rien de 36 ans, en situation r\u00e9guli\u00e8re sur le territoire fran\u00e7ais et&hellip;\n","protected":false},"author":2,"featured_media":626248,"comment_status":"","ping_status":"","sticky":false,"template":"","format":"standard","meta":{"footnotes":""},"categories":[2815],"tags":[1111,11,828,1777,674,1011,27,811,8639,1307,12,1072,25],"class_list":{"0":"post-626247","1":"post","2":"type-post","3":"status-publish","4":"format-standard","5":"has-post-thumbnail","7":"category-lille","8":"tag-actu","9":"tag-actualites","10":"tag-belgique","11":"tag-eu","12":"tag-europe","13":"tag-fr","14":"tag-france","15":"tag-hauts-de-france","16":"tag-judiciaire","17":"tag-lille","18":"tag-news","19":"tag-police","20":"tag-republique-francaise"},"share_on_mastodon":{"url":"https:\/\/pubeurope.com\/@fr\/115794794456340001","error":""},"_links":{"self":[{"href":"https:\/\/www.europesays.com\/fr\/wp-json\/wp\/v2\/posts\/626247","targetHints":{"allow":["GET"]}}],"collection":[{"href":"https:\/\/www.europesays.com\/fr\/wp-json\/wp\/v2\/posts"}],"about":[{"href":"https:\/\/www.europesays.com\/fr\/wp-json\/wp\/v2\/types\/post"}],"author":[{"embeddable":true,"href":"https:\/\/www.europesays.com\/fr\/wp-json\/wp\/v2\/users\/2"}],"replies":[{"embeddable":true,"href":"https:\/\/www.europesays.com\/fr\/wp-json\/wp\/v2\/comments?post=626247"}],"version-history":[{"count":0,"href":"https:\/\/www.europesays.com\/fr\/wp-json\/wp\/v2\/posts\/626247\/revisions"}],"wp:featuredmedia":[{"embeddable":true,"href":"https:\/\/www.europesays.com\/fr\/wp-json\/wp\/v2\/media\/626248"}],"wp:attachment":[{"href":"https:\/\/www.europesays.com\/fr\/wp-json\/wp\/v2\/media?parent=626247"}],"wp:term":[{"taxonomy":"category","embeddable":true,"href":"https:\/\/www.europesays.com\/fr\/wp-json\/wp\/v2\/categories?post=626247"},{"taxonomy":"post_tag","embeddable":true,"href":"https:\/\/www.europesays.com\/fr\/wp-json\/wp\/v2\/tags?post=626247"}],"curies":[{"name":"wp","href":"https:\/\/api.w.org\/{rel}","templated":true}]}}