{"id":626249,"date":"2025-12-28T02:19:15","date_gmt":"2025-12-28T02:19:15","guid":{"rendered":"https:\/\/www.europesays.com\/fr\/626249\/"},"modified":"2025-12-28T02:19:15","modified_gmt":"2025-12-28T02:19:15","slug":"previsions-du-dimanche-28-decembre-2025-4","status":"publish","type":"post","link":"https:\/\/www.europesays.com\/fr\/626249\/","title":{"rendered":"pr\u00e9visions du dimanche 28 d\u00e9cembre 2025"},"content":{"rendered":"<p>C&rsquo;est un soleil \u00e9clatant qui va briller aujourd&rsquo;hui sur Marseille. Le thermom\u00e8tre affichera 12\u00b0C en moyenne. Il va faire en moyenne 11\u00b0C, le matin. Une l\u00e9g\u00e8re brise de nord-est soufflera. Les valeurs iront de 12 \u00e0 14\u00b0C sur l&rsquo;ensemble de l&rsquo;apr\u00e8s-midi. Des \u00e9claircies appara\u00eetront dans la soir\u00e9e. Il fera 12\u00b0C en moyenne. Le ciel sera limpide dans la nuit de dimanche \u00e0 lundi.<\/p>\n<p>Demain, un important soleil rayonnera sur Marseille. Les temp\u00e9ratures vont descendre de quelques degr\u00e9s. On anticipe des temp\u00e9ratures avoisinant 11\u00b0C. Un vent de nord-ouest rafra\u00eechira sensiblement l&rsquo;atmosph\u00e8re. Les valeurs afficheront entre 10 et 12\u00b0C pendant la matin\u00e9e. Les temp\u00e9ratures s&rsquo;\u00e9chelonneront entre 11\u00b0C et 13\u00b0C dans l&rsquo;apr\u00e8s-midi. Des \u00e9claircies sont pr\u00e9vues : on passera une soir\u00e9e cl\u00e9mente. Les valeurs seront de 11\u00b0C.<\/p>\n<p>Le temps restera stable les jours \u00e0 venir. Comptez sur 7\u00b0C en moyenne qui accompagneront des journ\u00e9es ensoleill\u00e9es.<\/p>\n<p><\/p>\n","protected":false},"excerpt":{"rendered":"C&rsquo;est un soleil \u00e9clatant qui va briller aujourd&rsquo;hui sur Marseille. Le thermom\u00e8tre affichera 12\u00b0C en moyenne. Il va&hellip;\n","protected":false},"author":2,"featured_media":626250,"comment_status":"","ping_status":"","sticky":false,"template":"","format":"standard","meta":{"footnotes":""},"categories":[2814],"tags":[1111,11,1777,674,1011,27,884,12,2119,882,25],"class_list":{"0":"post-626249","1":"post","2":"type-post","3":"status-publish","4":"format-standard","5":"has-post-thumbnail","7":"category-marseille","8":"tag-actu","9":"tag-actualites","10":"tag-eu","11":"tag-europe","12":"tag-fr","13":"tag-france","14":"tag-marseille","15":"tag-news","16":"tag-previsions-meteo","17":"tag-provence-alpes-cote-dazur","18":"tag-republique-francaise"},"share_on_mastodon":{"url":"https:\/\/pubeurope.com\/@fr\/115794802682391823","error":""},"_links":{"self":[{"href":"https:\/\/www.europesays.com\/fr\/wp-json\/wp\/v2\/posts\/626249","targetHints":{"allow":["GET"]}}],"collection":[{"href":"https:\/\/www.europesays.com\/fr\/wp-json\/wp\/v2\/posts"}],"about":[{"href":"https:\/\/www.europesays.com\/fr\/wp-json\/wp\/v2\/types\/post"}],"author":[{"embeddable":true,"href":"https:\/\/www.europesays.com\/fr\/wp-json\/wp\/v2\/users\/2"}],"replies":[{"embeddable":true,"href":"https:\/\/www.europesays.com\/fr\/wp-json\/wp\/v2\/comments?post=626249"}],"version-history":[{"count":0,"href":"https:\/\/www.europesays.com\/fr\/wp-json\/wp\/v2\/posts\/626249\/revisions"}],"wp:featuredmedia":[{"embeddable":true,"href":"https:\/\/www.europesays.com\/fr\/wp-json\/wp\/v2\/media\/626250"}],"wp:attachment":[{"href":"https:\/\/www.europesays.com\/fr\/wp-json\/wp\/v2\/media?parent=626249"}],"wp:term":[{"taxonomy":"category","embeddable":true,"href":"https:\/\/www.europesays.com\/fr\/wp-json\/wp\/v2\/categories?post=626249"},{"taxonomy":"post_tag","embeddable":true,"href":"https:\/\/www.europesays.com\/fr\/wp-json\/wp\/v2\/tags?post=626249"}],"curies":[{"name":"wp","href":"https:\/\/api.w.org\/{rel}","templated":true}]}}