{"id":626251,"date":"2025-12-28T02:20:28","date_gmt":"2025-12-28T02:20:28","guid":{"rendered":"https:\/\/www.europesays.com\/fr\/626251\/"},"modified":"2025-12-28T02:20:28","modified_gmt":"2025-12-28T02:20:28","slug":"un-nouveau-batiment-industriel-sur-le-site-usin-lyon-parilly","status":"publish","type":"post","link":"https:\/\/www.europesays.com\/fr\/626251\/","title":{"rendered":"Un nouveau batiment industriel sur le site Usin Lyon Parilly"},"content":{"rendered":"<p>Quatre millions d\u2019euros investis dans un nouveau b\u00e2timent industriel\u2026 La friche Bosch \u00e0 V\u00e9nissieux poursuit ainsi sa mutation. L\u2019ensemble, renomm\u00e9 Usin Lyon Parilly, est un site de plus de 10 hectares. La SERL (Soci\u00e9t\u00e9 d\u2019\u00e9quipement de la r\u00e9gion lyonnaise) vient de lancer la construction d\u2019un nouveau b\u00e2timent industriel, avec le soutien de la Banque des territoires et de la Caisse d\u2019Epargne,<\/p>\n<p>Une nouvelle \u00e9tape structurante du d\u00e9veloppement d\u2019<strong>USIN Lyon Parilly<\/strong> se dessine avec la construcion du<strong> <a href=\"https:\/\/usin.fr\/actualites\/premiere-pierre-lot-1\/\" target=\"_blank\" rel=\"noreferrer noopener\">Lot 1<\/a><\/strong>. Un nouveau batiment industriel qui vient compl\u00e9ter les b\u00e2timents 2 et 3 livr\u00e9s fin 2023\u2026.<\/p>\n<p>Le <strong>nouveau b\u00e2timent industriel<\/strong>, d\u2019une surface de 2 600 m2, sera compos\u00e9 de <strong>4 lots modulables<\/strong> con\u00e7us pour s\u2019adapter aux besoins industriels Nous avons rencontr\u00e9 <strong>David Bellanger<\/strong>, pr\u00e9sident de la <strong>SA Usin <\/strong>et directeur de l\u2019Immobilier et de l\u2019Investissement au sein du <strong><a href=\"https:\/\/groupe-serl.fr\/\" target=\"_blank\" rel=\"noreferrer noopener\">groupe SERL<\/a><\/strong>.<\/p>\n<p>Ecoutez aussi : <a href=\"https:\/\/www.lyondemain.fr\/la-ruche-industrielle-industrie-lyon-usin-parilly-bosch-venissieux-durable-performance-caroline-felix\/\" target=\"_blank\" rel=\"noreferrer noopener\">La Ruche Industrielle planche sur une industrie plus durable<\/a><\/p>\n<p><img fetchpriority=\"high\" decoding=\"async\" width=\"1200\" height=\"675\" src=\"https:\/\/www.europesays.com\/fr\/wp-content\/uploads\/2025\/12\/nouveau-batiment-industriel-lot-1-serl.jpg\" alt=\"lot 1 serl\" class=\"wp-image-252899\"  \/><\/p>\n<p>Accompagner les jeunes entreprises dans leur d\u00e9veloppement<\/p>\n<p>\u00ab\u00a0Le b\u00e2timent 1, c\u2019est vraiment un \u00ab\u00a0<strong>lot de parcours<\/strong>\u00a0\u00bb au sein du site <strong>Usin Lyon Parilly<\/strong>. Pour l\u2019instant, on a des surfaces qui sont de taille sup\u00e9rieure. On a ce <strong><a href=\"https:\/\/lyve-lyon.com\/poles\" target=\"_blank\" rel=\"noreferrer noopener\">pole LYVE<\/a><\/strong> qui va aussi permettre d\u2019accueillir des<strong> cr\u00e9ations d\u2019entreprises<\/strong>. Et il nous manquait ainsi un maillon. On le savait depuis le d\u00e9part, \u00e7a fait partie de notre programmation. Des lots de quelques centaines de m\u00e8tres carr\u00e9s qui vont \u00eatre l\u00e0 pour faire grandir des <strong>entreprises<\/strong> sur des \u00e9chelles de ce qu\u2019on appelle pilote ou d\u00e9monstrateur. avant d\u2019aller <strong>massifier une production<\/strong>\u00ab\u00a0.<\/p>\n<p>Ecoutez aussi le podcast<\/p>\n<p>USIN LYON PARILLY : un nouveau batiment industriel<\/p>\n<p><img loading=\"lazy\" decoding=\"async\" width=\"1200\" height=\"675\" src=\"https:\/\/www.europesays.com\/fr\/wp-content\/uploads\/2025\/12\/nouveau-batiment-industriel-Usin-Lyon-Parilly.jpg\" alt=\"nouveau batiment industriel\" class=\"wp-image-252900\"  \/>David Bellanger<\/p>\n<p>Ce <strong>nouveau b\u00e2timent industriel<\/strong> rejoindra les 8 b\u00e2timents historiques du site <strong>Usin Lyon Parilly<\/strong>, et les 3 b\u00e2timents neufs. Il servira, en particulier, de <strong>passerelle avec le p\u00f4le Lyve<\/strong> en cours de construction. <strong>\u00c9meline Baume<\/strong>, vice-Pr\u00e9sidente de la <strong><a href=\"https:\/\/www.grandlyon.com\/metropole\/missions-et-competences\/developpement-economique\" target=\"_blank\" rel=\"noreferrer noopener\">M\u00e9tropole de Lyon<\/a><\/strong> d\u00e9l\u00e9gu\u00e9e \u00e0 l\u2019Innovation, au d\u00e9veloppement num\u00e9rique et \u00e0 l\u2019\u00e9conomie circulaire, nous explique cette compl\u00e9mentarit\u00e9.<\/p>\n<p>\u00ab\u00a0Sur ce site, il y a un <strong>p\u00f4le d\u2019entrepreneuriat<\/strong> qui va sortir de terre et qui sera ouvert au printemps. Et on aura des hommes et des femmes qui vont ainsi produire dans ce p\u00f4le, dans des ateliers. Donc, ils auront besoin d\u2019avoir de la visibilit\u00e9. \u00c0 partir du moment o\u00f9 ils seront deux, trois, il va falloir qu\u2019ils bougent. Donc, c\u2019est bien d\u2019avoir la suite dans leur <strong>parcours immobilier<\/strong> juste \u00e0 c\u00f4t\u00e9\u00a0\u00bb.<\/p>\n<p><strong>Emeline Baume<\/strong> avance une deuxi\u00e8me motivation pour la construction du Lot 1.<\/p>\n<p>Ecoutez aussi : <a href=\"https:\/\/www.lyondemain.fr\/mob-energy-developpe-ses-blocs-de-recharge-a-venissieux\/\" target=\"_blank\" rel=\"noreferrer noopener\">Mob-Energy d\u00e9veloppe ses blocs de recharge \u00e0 V\u00e9nissieux<\/a><\/p>\n<p><img loading=\"lazy\" decoding=\"async\" width=\"1200\" height=\"675\" src=\"https:\/\/www.europesays.com\/fr\/wp-content\/uploads\/2025\/12\/nouveau-batiment-industriel-usin-lyon-parilly-Emeline-Baume.jpg\" alt=\"nouveau batiment industriel\" class=\"wp-image-252902\"  \/>Emeline Baume<\/p>\n<p>Un \u00e9quipement \u00ab\u00a0s\u00e9curisant, fid\u00e9lisant\u00a0\u00bb<\/p>\n<p>\u00ab\u00a0La deuxi\u00e8me raison, c\u2019est qu\u2019on est sur un territoire o\u00f9 il y a <strong>beaucoup d\u2019entreprises qui cherchent ce gabarit de sites<\/strong>. Des cellules de 500 m\u00e8tres carr\u00e9s. Et l\u2019avantage du site <strong>USIN LYON PARILLY<\/strong>, c\u2019est qu\u2019on est <strong>entre le m\u00e9tro et le tram<\/strong>. Donc, les hommes et les femmes qui bossent dans votre entreprise, ils peuvent venir autrement qu\u2019avec leur v\u00e9hicule personnel. Et \u00e7a peut \u00eatre parfois assez pratique. C\u2019est s\u00e9curisant m\u00eame, c\u2019est fid\u00e9lisant parfois. \u00c7a permet aussi de garder l\u2019alternant ou l\u2019apprenti qu\u2019on a, qui est g\u00e9nial, mais qui a besoin de garantie. Une des garanties, c\u2019est qu\u2019il y a du <strong>transport en commun lourd<\/strong>. Tu n\u2019auras pas besoin de t\u2019acheter un v\u00e9hicule ni de passer ton permis\u00a0\u00bb.<\/p>\n<p>Deux bonnes raisons qui ont permis de convaincre la <strong>Banque des Territoires<\/strong> et la <strong>Caisse d\u2019\u00e9pargne Rh\u00f4ne Alpes<\/strong> de sortir le nouveau batiment industriel en blanc. \u00ab\u00a0En blanc, c\u2019est qu\u2019il n\u2019y a <strong>pas de preneur pour l\u2019instant<\/strong>, mais on a confiance et on se dit qu\u2019il va y avoir des entreprises qui vont toquer \u00e0 la porte\u00a0\u00bb rassure <strong>Emeline<\/strong>.<\/p>\n<p>Les travaux de ce nouveau Lot 1 \u00e0 V\u00e9nissieux s\u2019ach\u00e8veront \u00e0 l\u2019automne 2026. \u00c0 terme, <strong>Usin Lyon Parilly<\/strong> disposera de 42 000 m2 de surfaces locatives (<strong>halles productives et bureaux<\/strong>). Preuve que l\u2019<strong>industrie innovante<\/strong> a encore un bel avenir sur la <strong>M\u00e9tropole de Lyon<\/strong>\u2026<\/p>\n<p>Ecoutez aussi : <a href=\"https:\/\/www.lyondemain.fr\/forindustrie-jeu-video-metiers\/\" target=\"_blank\" rel=\"noreferrer noopener\">Forindustrie : un jeu vid\u00e9o pour d\u00e9couvrir l\u2019industrie\u2026<\/a><\/p>\n<p><img loading=\"lazy\" decoding=\"async\" width=\"1200\" height=\"675\" src=\"https:\/\/www.europesays.com\/fr\/wp-content\/uploads\/2025\/12\/nouveau-batiment-industriel-premiere-pierre-serl.jpg\" alt=\"premi\u00e8re pierre serl\" class=\"wp-image-252901\"  \/><br \/>\nJ\u2019aime \u00e7a\u00a0:<\/p>\n<p>J\u2019aime chargement\u2026<\/p>\n<p><a class=\"sd-link-color\"\/><\/p>\n<p>\n\tArticles similaires\n<\/p>\n<p>\t\t\t\t<img decoding=\"async\" src=\"https:\/\/www.europesays.com\/fr\/wp-content\/uploads\/2025\/12\/1766888428_247_7866158698e17e8ed633c05e8f8e7fe5d9e057ad78661c4dc34e413abb6b9f19\" alt=\"G\u00e9rald Bouchon\"\/><\/p>\n<p>Pionnier des radios libres, passionn\u00e9 de radio, journaliste et dirigeant de m\u00e9dias \u00e9co-responsables..<\/p>\n","protected":false},"excerpt":{"rendered":"Quatre millions d\u2019euros investis dans un nouveau b\u00e2timent industriel\u2026 La friche Bosch \u00e0 V\u00e9nissieux poursuit ainsi sa mutation.&hellip;\n","protected":false},"author":2,"featured_media":626252,"comment_status":"","ping_status":"","sticky":false,"template":"","format":"standard","meta":{"footnotes":""},"categories":[1889],"tags":[1111,11,2430,8961,68799,73561,2855,1777,674,1011,27,693,2428,73562,10510,12,73563,48754,25,38486,73564,4375],"class_list":{"0":"post-626251","1":"post","2":"type-post","3":"status-publish","4":"format-standard","5":"has-post-thumbnail","7":"category-lyon","8":"tag-actu","9":"tag-actualites","10":"tag-auvergne-rhone-alpes","11":"tag-banque-des-territoires","12":"tag-baume","13":"tag-caisse-depargne","14":"tag-entrepreneuriat","15":"tag-eu","16":"tag-europe","17":"tag-fr","18":"tag-france","19":"tag-industrie","20":"tag-lyon","21":"tag-lyve","22":"tag-metropole-de-lyon","23":"tag-news","24":"tag-pole-economique","25":"tag-programme-immobilier","26":"tag-republique-francaise","27":"tag-serl","28":"tag-usin-lyon-parilly","29":"tag-venissieux"},"share_on_mastodon":{"url":"https:\/\/pubeurope.com\/@fr\/115794807639369950","error":""},"_links":{"self":[{"href":"https:\/\/www.europesays.com\/fr\/wp-json\/wp\/v2\/posts\/626251","targetHints":{"allow":["GET"]}}],"collection":[{"href":"https:\/\/www.europesays.com\/fr\/wp-json\/wp\/v2\/posts"}],"about":[{"href":"https:\/\/www.europesays.com\/fr\/wp-json\/wp\/v2\/types\/post"}],"author":[{"embeddable":true,"href":"https:\/\/www.europesays.com\/fr\/wp-json\/wp\/v2\/users\/2"}],"replies":[{"embeddable":true,"href":"https:\/\/www.europesays.com\/fr\/wp-json\/wp\/v2\/comments?post=626251"}],"version-history":[{"count":0,"href":"https:\/\/www.europesays.com\/fr\/wp-json\/wp\/v2\/posts\/626251\/revisions"}],"wp:featuredmedia":[{"embeddable":true,"href":"https:\/\/www.europesays.com\/fr\/wp-json\/wp\/v2\/media\/626252"}],"wp:attachment":[{"href":"https:\/\/www.europesays.com\/fr\/wp-json\/wp\/v2\/media?parent=626251"}],"wp:term":[{"taxonomy":"category","embeddable":true,"href":"https:\/\/www.europesays.com\/fr\/wp-json\/wp\/v2\/categories?post=626251"},{"taxonomy":"post_tag","embeddable":true,"href":"https:\/\/www.europesays.com\/fr\/wp-json\/wp\/v2\/tags?post=626251"}],"curies":[{"name":"wp","href":"https:\/\/api.w.org\/{rel}","templated":true}]}}