{"id":626259,"date":"2025-12-28T02:26:16","date_gmt":"2025-12-28T02:26:16","guid":{"rendered":"https:\/\/www.europesays.com\/fr\/626259\/"},"modified":"2025-12-28T02:26:16","modified_gmt":"2025-12-28T02:26:16","slug":"ville-par-ville-qui-progresse-le-plus","status":"publish","type":"post","link":"https:\/\/www.europesays.com\/fr\/626259\/","title":{"rendered":"ville par ville, qui progresse le plus"},"content":{"rendered":"<p>                    Par<br \/>\n        <strong><br \/>\n            <a href=\"https:\/\/actu.fr\/auteur\/thomas-rideau\" title=\"Consulter tous les articles de Thomas Rideau\" target=\"_blank\" rel=\"noopener\">Thomas Rideau<\/a><br \/>\n                    <\/strong><\/p>\n<p>        Publi\u00e9 le<\/p>\n<p>            27 d\u00e9c. 2025 \u00e0 12h52        <\/p>\n<p>Qui gagne\u2009? <strong>Qui perd\u2009?<\/strong> L\u2019Insee (Institut national de la statistique et des \u00e9tudes \u00e9conomiques) vient de publier sa derni\u00e8re \u00e9tude relative \u00e0 l\u2019\u00e9volution de la d\u00e9mographie en France, et donc dans les <a href=\"https:\/\/actu.fr\/ile-de-france\/hauts-de-seine_92\" target=\"_blank\" rel=\"noopener\">Hauts-de-Seine<\/a>. Concentrons-nous sur ce d\u00e9partement de l\u2019ouest parisien pour voir <strong>quelle commune gagne<\/strong> et quelle commune perd des habitants sur la p\u00e9riode \u00e9tudi\u00e9e (entre\u00a02017 et\u00a02023).<\/p>\n<p class=\" wall-content\">De mani\u00e8re g\u00e9n\u00e9rale, comme les autres d\u00e9partements de la petite couronne, les Hauts-de-Seine affichent une solide croissance d\u00e9mographique (\u00e0 l\u2019inverse de Paris, par exemple). \u00ab\u2009Les Hauts-de-Seine <strong>enregistrent une croissance d\u00e9mographique<\/strong> de 0,5\u2009% par an entre\u00a02017 et\u00a02023. Par rapport \u00e0 la p\u00e9riode pr\u00e9c\u00e9dente, elle acc\u00e9l\u00e8re avec un d\u00e9ficit migratoire nettement moins marqu\u00e9 que par le pass\u00e9\u2009\u00bb, pr\u00e9cise l\u2019institut. En clair, le d\u00e9partement parvient \u00e0 mieux garder sa population.<\/p>\n<p class=\" wall-content\">En six ans, les Hauts-de-Seine ont gagn\u00e9 environ 45\u2009000 habitants, passant de 1\u2009609\u2009306 Altos\u00e9quanais en 2017 \u00e0 1\u2009654\u2009712 en 2023. Ce qui correspond \u00e0 une solide hausse de 0,5\u2009% de la population par an.<\/p>\n<p class=\" wall-content\">Mais qui tire son \u00e9pingle du jeu\u2009? Le gagnant au jeu de la d\u00e9mographie se nomme Clamart qui voit sa population bondir de 1,7\u2009% chaque ann\u00e9e. <a href=\"https:\/\/actu.fr\/ile-de-france\/asnieres-sur-seine_92004\" target=\"_blank\" rel=\"noopener\">Asni\u00e8res<\/a> (1,64\u2009%) et Villeneuve-la-Garenne (1,52\u2009%) compl\u00e8tent le podium. On peut aussi citer les villes de Bagneux, Gennevilliers, Sceaux, <strong>Ch\u00e2tenay-Malabry<\/strong> ou Colombes qui affichent toutes une croissance annuelle sup\u00e9rieure \u00e0 1\u2009%.<\/p>\n<p>    <a href=\"https:\/\/datawrapper.dwcdn.net\/OQY4h\/1\/\" title=\"Ouvrie le lien\" target=\"_blank\" rel=\"noopener\">Cliquez ici pour visualiser le contenu<\/a><\/p>\n<p class=\" wall-content\">Du c\u00f4t\u00e9 des villes qui perdent des habitants, on retrouve surtout <a href=\"https:\/\/actu.fr\/ile-de-france\/montrouge_92049\" target=\"_blank\" rel=\"noopener\">Montrouge<\/a> qui affiche une perte de 1,35\u2009% de sa population par an. S\u00e8vres (-0,87\u2009%) et dans une moindre mesure, <strong>Ville-d\u2019Avray et Marnes-la-Coquette<\/strong> (-0,54\u2009% toutes les deux) sont les trois autres communes qui perdent de mani\u00e8re \u00ab\u2009significative\u2009\u00bb des habitants.<\/p>\n<p class=\" wall-content\">Personnalisez votre actualit\u00e9 en ajoutant vos villes et m\u00e9dias en favori avec <a href=\"https:\/\/moncompte.actu.fr\" title=\"D\u00e9couvez Mon Actu\" rel=\"nofollow noopener\" data-trk=\"{&quot;cta&quot;:{&quot;action&quot;:&quot;https:\\\/\\\/moncompte.actu.fr&quot;,&quot;category&quot;:&quot;mon compte&quot;,&quot;from&quot;:&quot;article footer&quot;,&quot;name&quot;:&quot;Mon actu&quot;,&quot;type&quot;:&quot;cta&quot;}}\" target=\"_blank\">Mon Actu<\/a>.<\/p>\n","protected":false},"excerpt":{"rendered":"Par Thomas Rideau Publi\u00e9 le 27 d\u00e9c. 2025 \u00e0 12h52 Qui gagne\u2009? Qui perd\u2009? L\u2019Insee (Institut national de&hellip;\n","protected":false},"author":2,"featured_media":626260,"comment_status":"","ping_status":"","sticky":false,"template":"","format":"standard","meta":{"footnotes":""},"categories":[1888],"tags":[11,6969,1777,674,1011,27,12,626,25,104],"class_list":{"0":"post-626259","1":"post","2":"type-post","3":"status-publish","4":"format-standard","5":"has-post-thumbnail","7":"category-paris","8":"tag-actualites","9":"tag-demographie","10":"tag-eu","11":"tag-europe","12":"tag-fr","13":"tag-france","14":"tag-news","15":"tag-paris","16":"tag-republique-francaise","17":"tag-societe"},"share_on_mastodon":{"url":"https:\/\/pubeurope.com\/@fr\/115794829866963599","error":""},"_links":{"self":[{"href":"https:\/\/www.europesays.com\/fr\/wp-json\/wp\/v2\/posts\/626259","targetHints":{"allow":["GET"]}}],"collection":[{"href":"https:\/\/www.europesays.com\/fr\/wp-json\/wp\/v2\/posts"}],"about":[{"href":"https:\/\/www.europesays.com\/fr\/wp-json\/wp\/v2\/types\/post"}],"author":[{"embeddable":true,"href":"https:\/\/www.europesays.com\/fr\/wp-json\/wp\/v2\/users\/2"}],"replies":[{"embeddable":true,"href":"https:\/\/www.europesays.com\/fr\/wp-json\/wp\/v2\/comments?post=626259"}],"version-history":[{"count":0,"href":"https:\/\/www.europesays.com\/fr\/wp-json\/wp\/v2\/posts\/626259\/revisions"}],"wp:featuredmedia":[{"embeddable":true,"href":"https:\/\/www.europesays.com\/fr\/wp-json\/wp\/v2\/media\/626260"}],"wp:attachment":[{"href":"https:\/\/www.europesays.com\/fr\/wp-json\/wp\/v2\/media?parent=626259"}],"wp:term":[{"taxonomy":"category","embeddable":true,"href":"https:\/\/www.europesays.com\/fr\/wp-json\/wp\/v2\/categories?post=626259"},{"taxonomy":"post_tag","embeddable":true,"href":"https:\/\/www.europesays.com\/fr\/wp-json\/wp\/v2\/tags?post=626259"}],"curies":[{"name":"wp","href":"https:\/\/api.w.org\/{rel}","templated":true}]}}