{"id":626261,"date":"2025-12-28T02:27:15","date_gmt":"2025-12-28T02:27:15","guid":{"rendered":"https:\/\/www.europesays.com\/fr\/626261\/"},"modified":"2025-12-28T02:27:15","modified_gmt":"2025-12-28T02:27:15","slug":"previsions-du-dimanche-28-decembre-2025-5","status":"publish","type":"post","link":"https:\/\/www.europesays.com\/fr\/626261\/","title":{"rendered":"pr\u00e9visions du dimanche 28 d\u00e9cembre 2025"},"content":{"rendered":"<p>Le soleil sera dominant, la garantie d&rsquo;une belle journ\u00e9e \u00e0 Paris ! L&rsquo;hiver sera bien l\u00e0 puisque les valeurs seront tout de m\u00eame de 0\u00b0C au minimum et de 6\u00b0C au plus haut. Un vent de nord-est rafra\u00eechira un peu l&rsquo;atmosph\u00e8re. Les Parisiens vont avoir froid le matin : les temp\u00e9ratures ne vont pas d\u00e9passer 4\u00b0C. On anticipe des temp\u00e9ratures avoisinant 2\u00b0C. Les Parisiens vont avoir froid l&rsquo;apr\u00e8s-midi : les temp\u00e9ratures ne vont pas d\u00e9passer 6\u00b0C. Les valeurs seront comprises entre 3 et 6\u00b0C, un temps vraiment de saison. Des \u00e9claircies sont pr\u00e9vues : on passera une soir\u00e9e cl\u00e9mente. Les temp\u00e9ratures avoisineront les 2\u00b0C. Pendant votre sommeil, dans la nuit de dimanche \u00e0 lundi, le ciel sera clair.<\/p>\n<p>Demain, un important soleil brillera sur Paris. Une baisse des temp\u00e9ratures est pr\u00e9vue rappelant l&rsquo;hiver aux bons souvenirs des habitants. L&rsquo;hiver se fait sentir : les valeurs afficheront entre -1 et 5\u00b0C. Un l\u00e9ger vent de nord-est sera ressenti par les habitants. Les Parisiens vont avoir froid le matin : les temp\u00e9ratures ne vont pas d\u00e9passer 3\u00b0C. Il va faire 0\u00b0C en moyenne. Les temp\u00e9ratures vont monter pendant l&rsquo;apr\u00e8s-midi de quelques degr\u00e9s. Les maximales pourront atteindre 5\u00b0C tandis que les minimales seront de 2\u00b0C : un temps de saison. Des \u00e9claircies appara\u00eetront dans la soir\u00e9e. Le thermom\u00e8tre affichera 1\u00b0C en moyenne.<\/p>\n<p>Le temps restera stable les prochains jours. Comptez sur 0\u00b0C en moyenne qui accompagneront des journ\u00e9es ensoleill\u00e9es.<\/p>\n<p><\/p>\n","protected":false},"excerpt":{"rendered":"Le soleil sera dominant, la garantie d&rsquo;une belle journ\u00e9e \u00e0 Paris ! L&rsquo;hiver sera bien l\u00e0 puisque les&hellip;\n","protected":false},"author":2,"featured_media":626262,"comment_status":"","ping_status":"","sticky":false,"template":"","format":"standard","meta":{"footnotes":""},"categories":[1888],"tags":[11,1777,674,1011,27,12,626,2119,25],"class_list":{"0":"post-626261","1":"post","2":"type-post","3":"status-publish","4":"format-standard","5":"has-post-thumbnail","7":"category-paris","8":"tag-actualites","9":"tag-eu","10":"tag-europe","11":"tag-fr","12":"tag-france","13":"tag-news","14":"tag-paris","15":"tag-previsions-meteo","16":"tag-republique-francaise"},"share_on_mastodon":{"url":"https:\/\/pubeurope.com\/@fr\/115794834088588348","error":""},"_links":{"self":[{"href":"https:\/\/www.europesays.com\/fr\/wp-json\/wp\/v2\/posts\/626261","targetHints":{"allow":["GET"]}}],"collection":[{"href":"https:\/\/www.europesays.com\/fr\/wp-json\/wp\/v2\/posts"}],"about":[{"href":"https:\/\/www.europesays.com\/fr\/wp-json\/wp\/v2\/types\/post"}],"author":[{"embeddable":true,"href":"https:\/\/www.europesays.com\/fr\/wp-json\/wp\/v2\/users\/2"}],"replies":[{"embeddable":true,"href":"https:\/\/www.europesays.com\/fr\/wp-json\/wp\/v2\/comments?post=626261"}],"version-history":[{"count":0,"href":"https:\/\/www.europesays.com\/fr\/wp-json\/wp\/v2\/posts\/626261\/revisions"}],"wp:featuredmedia":[{"embeddable":true,"href":"https:\/\/www.europesays.com\/fr\/wp-json\/wp\/v2\/media\/626262"}],"wp:attachment":[{"href":"https:\/\/www.europesays.com\/fr\/wp-json\/wp\/v2\/media?parent=626261"}],"wp:term":[{"taxonomy":"category","embeddable":true,"href":"https:\/\/www.europesays.com\/fr\/wp-json\/wp\/v2\/categories?post=626261"},{"taxonomy":"post_tag","embeddable":true,"href":"https:\/\/www.europesays.com\/fr\/wp-json\/wp\/v2\/tags?post=626261"}],"curies":[{"name":"wp","href":"https:\/\/api.w.org\/{rel}","templated":true}]}}