{"id":626268,"date":"2025-12-28T02:32:18","date_gmt":"2025-12-28T02:32:18","guid":{"rendered":"https:\/\/www.europesays.com\/fr\/626268\/"},"modified":"2025-12-28T02:32:18","modified_gmt":"2025-12-28T02:32:18","slug":"le-royaume-uni-conclut-un-accord-de-retour-des-migrants-avec-langola-et-la-namibie-restrictions-de-visas-pour-la-rdc-2","status":"publish","type":"post","link":"https:\/\/www.europesays.com\/fr\/626268\/","title":{"rendered":"Le Royaume-Uni conclut un accord de retour des migrants avec l&rsquo;Angola et la Namibie ; restrictions de visas pour la RDC"},"content":{"rendered":"<p>                    L&rsquo;Angola et la Namibie ont accept\u00e9 de reprendre les migrants en situation irr\u00e9guli\u00e8re et les criminels, apr\u00e8s que le gouvernement britannique a menac\u00e9 d&rsquo;imposer des sanctions sur les visas aux pays refusant de coop\u00e9rer, a annonc\u00e9 samedi soir le minist\u00e8re britannique de l&rsquo;Int\u00e9rieur.<\/p>\n<p>La R\u00e9publique d\u00e9mocratique du Congo a \u00e9t\u00e9 priv\u00e9e de l&rsquo;acc\u00e8s aux proc\u00e9dures de visa acc\u00e9l\u00e9r\u00e9es ainsi qu&rsquo;aux traitements pr\u00e9f\u00e9rentiels pour les VIP et les d\u00e9cideurs, n&rsquo;ayant pas satisfait aux exigences du Royaume-Uni visant \u00e0 renforcer la coop\u00e9ration, a pr\u00e9cis\u00e9 le minist\u00e8re de l&rsquo;Int\u00e9rieur.<\/p>\n<p>La ministre de l&rsquo;Int\u00e9rieur, Shabana Mahmood, a averti que la Grande-Bretagne pourrait aller jusqu&rsquo;\u00e0 suspendre compl\u00e8tement la d\u00e9livrance de visas pour la RDC, \u00e0 moins que \u00ab\u00a0la coop\u00e9ration ne s&rsquo;am\u00e9liore rapidement\u00a0\u00bb.<\/p>\n<p>\u00ab\u00a0Nous attendons des pays qu&rsquo;ils respectent les r\u00e8gles. Si l&rsquo;un de leurs ressortissants n&rsquo;a pas le droit de rester ici, ils doivent le reprendre\u00a0\u00bb, a ajout\u00e9 la ministre de l&rsquo;Int\u00e9rieur.<\/p>\n<p>Ces accords constituent la premi\u00e8re \u00e9volution majeure dans le cadre des r\u00e9formes annonc\u00e9es le mois dernier, visant \u00e0 rendre le statut de r\u00e9fugi\u00e9 temporaire et \u00e0 acc\u00e9l\u00e9rer l&rsquo;expulsion de ceux arrivant ill\u00e9galement au Royaume-Uni.<\/p>\n<p>La ministre des Affaires \u00e9trang\u00e8res, Yvette Cooper, a indiqu\u00e9 que le Royaume-Uni avait \u00ab\u00a0renvoy\u00e9 plus de 50 000 personnes n&rsquo;ayant pas le droit de rester\u00a0\u00bb depuis juillet de l&rsquo;ann\u00e9e derni\u00e8re, soit une augmentation de 23% par rapport \u00e0 la p\u00e9riode pr\u00e9c\u00e9dente, et a demand\u00e9 aux diplomates de faire du retour des migrants une priorit\u00e9 absolue.<\/p>\n","protected":false},"excerpt":{"rendered":"L&rsquo;Angola et la Namibie ont accept\u00e9 de reprendre les migrants en situation irr\u00e9guli\u00e8re et les criminels, apr\u00e8s que&hellip;\n","protected":false},"author":2,"featured_media":626269,"comment_status":"","ping_status":"","sticky":false,"template":"","format":"standard","meta":{"footnotes":""},"categories":[1588],"tags":[11,340,1777,674,12,473,1853,1851,1850,1852],"class_list":{"0":"post-626268","1":"post","2":"type-post","3":"status-publish","4":"format-standard","5":"has-post-thumbnail","7":"category-royaume-uni","8":"tag-actualites","9":"tag-bourse","10":"tag-eu","11":"tag-europe","12":"tag-news","13":"tag-royaume-uni","14":"tag-royaume-uni-de-grande-bretagne-et-dirlande-du-nord","15":"tag-uk","16":"tag-united-kingdom","17":"tag-united-kingdom-of-great-britain-and-northern-ireland"},"share_on_mastodon":{"url":"https:\/\/pubeurope.com\/@fr\/115794853553205561","error":""},"_links":{"self":[{"href":"https:\/\/www.europesays.com\/fr\/wp-json\/wp\/v2\/posts\/626268","targetHints":{"allow":["GET"]}}],"collection":[{"href":"https:\/\/www.europesays.com\/fr\/wp-json\/wp\/v2\/posts"}],"about":[{"href":"https:\/\/www.europesays.com\/fr\/wp-json\/wp\/v2\/types\/post"}],"author":[{"embeddable":true,"href":"https:\/\/www.europesays.com\/fr\/wp-json\/wp\/v2\/users\/2"}],"replies":[{"embeddable":true,"href":"https:\/\/www.europesays.com\/fr\/wp-json\/wp\/v2\/comments?post=626268"}],"version-history":[{"count":0,"href":"https:\/\/www.europesays.com\/fr\/wp-json\/wp\/v2\/posts\/626268\/revisions"}],"wp:featuredmedia":[{"embeddable":true,"href":"https:\/\/www.europesays.com\/fr\/wp-json\/wp\/v2\/media\/626269"}],"wp:attachment":[{"href":"https:\/\/www.europesays.com\/fr\/wp-json\/wp\/v2\/media?parent=626268"}],"wp:term":[{"taxonomy":"category","embeddable":true,"href":"https:\/\/www.europesays.com\/fr\/wp-json\/wp\/v2\/categories?post=626268"},{"taxonomy":"post_tag","embeddable":true,"href":"https:\/\/www.europesays.com\/fr\/wp-json\/wp\/v2\/tags?post=626268"}],"curies":[{"name":"wp","href":"https:\/\/api.w.org\/{rel}","templated":true}]}}