{"id":626274,"date":"2025-12-28T02:36:15","date_gmt":"2025-12-28T02:36:15","guid":{"rendered":"https:\/\/www.europesays.com\/fr\/626274\/"},"modified":"2025-12-28T02:36:15","modified_gmt":"2025-12-28T02:36:15","slug":"lue-appelle-au-respect-de-la-souverainete-de-la-somalie-apres-la-reconnaissance-du-somaliland-par-israel","status":"publish","type":"post","link":"https:\/\/www.europesays.com\/fr\/626274\/","title":{"rendered":"L&rsquo;UE appelle au respect de la souverainet\u00e9 de la Somalie apr\u00e8s la reconnaissance du Somaliland par Isra\u00ebl"},"content":{"rendered":"<p class=\"article-p mdl\">Un appel au respect de la souverainet\u00e9. Ce samedi 27 d\u00e9cembre, l&rsquo;Union europ\u00e9enne a demand\u00e9 \u00e0 ce que la souverainet\u00e9 de la Somalie soit respect\u00e9. Cette demande intervient alors qu&rsquo;Isra\u00ebl a officiellement reconnu vendredi l&rsquo;ind\u00e9pendance du Somaliland. Il s&rsquo;agit de\u00a0<a class=\"link\" href=\"https:\/\/www.rtl.fr\/actu\/international\/republique-autoproclamee-acces-a-la-mer-rouge-qu-est-ce-que-le-somaliland-qu-israel-est-devenu-le-premier-pays-a-reconnaitre-7900582746\" title=\"R\u00e9publique autoproclam\u00e9e, acc\u00e8s \u00e0 la mer Rouge... Qu&#039;est-ce que le Somaliland qu&#039;Isra\u00ebl est devenu le premier pays \u00e0 reconna\u00eetre ?\" target=\"_blank\" rel=\"noopener\">la premi\u00e8re reconnaissance officielle<\/a>\u00a0de cette r\u00e9publique autoproclam\u00e9e qui a fait s\u00e9cession de la Somalie en 1991.\u00a0<\/p>\n<p class=\"article-p mdl\">L&rsquo;UE \u00ab\u00a0r\u00e9affirme <strong>l&rsquo;importance de respecter l&rsquo;unit\u00e9, la souverainet\u00e9 et l&rsquo;int\u00e9grit\u00e9 territoriale de la R\u00e9publique f\u00e9d\u00e9rale de Somalie<\/strong> conform\u00e9ment \u00e0 sa Constitution, aux chartes de l&rsquo;Union africaine et des Nations unies\u00a0\u00bb, a d\u00e9clar\u00e9 dans un communiqu\u00e9 le porte-parole de l&rsquo;UE pour les questions de politique \u00e9trang\u00e8re, Anouar El Anouni.\u00a0\u00ab\u00a0Ceci est essentiel pour la paix et la stabilit\u00e9 dans toute la Corne de l&rsquo;Afrique\u00a0\u00bb, a-t-il estim\u00e9.\u00a0\u00a0<\/p>\n<p class=\"article-p mdl\">\u00ab\u00a0L&rsquo;UE encourage un dialogue constructif entre le Somaliland et le gouvernement f\u00e9d\u00e9ral de Somalie afin de r\u00e9gler les diff\u00e9rends de longue date\u00a0\u00bb, a ajout\u00e9 le porte-parole.\u00a0<\/p>\n<p>            Un territoire diplomatiquement isol\u00e9<\/p>\n<p class=\"article-p mdl\">Apr\u00e8s la d\u00e9cision d&rsquo;Isra\u00ebl, <strong>la Somalie a d\u00e9nonc\u00e9 une \u00ab\u00a0attaque d\u00e9lib\u00e9r\u00e9e\u00a0\u00bb<\/strong> contre sa souverainet\u00e9, tandis que l&rsquo;\u00c9gypte, la Turquie, le Conseil de coop\u00e9ration du Golfe (CCG), compos\u00e9 de six pays, et l&rsquo;Organisation de la coop\u00e9ration islamique (OCI), qui a son si\u00e8ge en Arabie saoudite, ont tous condamn\u00e9 cette reconnaissance.\u00a0\u00a0<\/p>\n<p class=\"article-p mdl\">Territoire de la taille de l&rsquo;Uruguay situ\u00e9 \u00e0 la pointe nord-ouest de la Somalie, le Somaliland b\u00e9n\u00e9ficie d&rsquo;une position strat\u00e9gique sur le golfe d&rsquo;Aden et dispose de ses propres monnaie, passeports et arm\u00e9e. Cependant, ce territoire est diplomatiquement isol\u00e9 depuis qu&rsquo;il a unilat\u00e9ralement proclam\u00e9 son ind\u00e9pendance.\u00a0<\/p>\n<p>    La r\u00e9daction vous recommande<\/p>\n<p class=\"s-newsletter__title\">\n                L\u2019actualit\u00e9 par la r\u00e9daction de RTL dans votre bo\u00eete mail.\n            <\/p>\n<p class=\"s-newsletter__subtitle\">\n                Gr\u00e2ce \u00e0 votre compte RTL abonnez-vous \u00e0 la newsletter RTL info pour suivre toute l&rsquo;actualit\u00e9 au quotidien\n            <\/p>\n<p>\n                                    Lire la suite\n                                <\/p>\n","protected":false},"excerpt":{"rendered":"Un appel au respect de la souverainet\u00e9. Ce samedi 27 d\u00e9cembre, l&rsquo;Union europ\u00e9enne a demand\u00e9 \u00e0 ce que&hellip;\n","protected":false},"author":2,"featured_media":626275,"comment_status":"","ping_status":"","sticky":false,"template":"","format":"standard","meta":{"footnotes":""},"categories":[1586],"tags":[11,1777,674,1779,107,1011,27,14,12,25,5638,1778,364],"class_list":{"0":"post-626274","1":"post","2":"type-post","3":"status-publish","4":"format-standard","5":"has-post-thumbnail","7":"category-europe","8":"tag-actualites","9":"tag-eu","10":"tag-europe","11":"tag-european-union","12":"tag-fil-info","13":"tag-fr","14":"tag-france","15":"tag-international","16":"tag-news","17":"tag-republique-francaise","18":"tag-somalie","19":"tag-ue","20":"tag-union-europeenne"},"share_on_mastodon":{"url":"https:\/\/pubeurope.com\/@fr\/115794869252498467","error":""},"_links":{"self":[{"href":"https:\/\/www.europesays.com\/fr\/wp-json\/wp\/v2\/posts\/626274","targetHints":{"allow":["GET"]}}],"collection":[{"href":"https:\/\/www.europesays.com\/fr\/wp-json\/wp\/v2\/posts"}],"about":[{"href":"https:\/\/www.europesays.com\/fr\/wp-json\/wp\/v2\/types\/post"}],"author":[{"embeddable":true,"href":"https:\/\/www.europesays.com\/fr\/wp-json\/wp\/v2\/users\/2"}],"replies":[{"embeddable":true,"href":"https:\/\/www.europesays.com\/fr\/wp-json\/wp\/v2\/comments?post=626274"}],"version-history":[{"count":0,"href":"https:\/\/www.europesays.com\/fr\/wp-json\/wp\/v2\/posts\/626274\/revisions"}],"wp:featuredmedia":[{"embeddable":true,"href":"https:\/\/www.europesays.com\/fr\/wp-json\/wp\/v2\/media\/626275"}],"wp:attachment":[{"href":"https:\/\/www.europesays.com\/fr\/wp-json\/wp\/v2\/media?parent=626274"}],"wp:term":[{"taxonomy":"category","embeddable":true,"href":"https:\/\/www.europesays.com\/fr\/wp-json\/wp\/v2\/categories?post=626274"},{"taxonomy":"post_tag","embeddable":true,"href":"https:\/\/www.europesays.com\/fr\/wp-json\/wp\/v2\/tags?post=626274"}],"curies":[{"name":"wp","href":"https:\/\/api.w.org\/{rel}","templated":true}]}}