{"id":626277,"date":"2025-12-28T02:38:19","date_gmt":"2025-12-28T02:38:19","guid":{"rendered":"https:\/\/www.europesays.com\/fr\/626277\/"},"modified":"2025-12-28T02:38:19","modified_gmt":"2025-12-28T02:38:19","slug":"circulation-sur-lautoroute-a75-quels-sont-les-echangeurs-bloques-par-les-agriculteurs-entre-laveyron-et-la-lozere","status":"publish","type":"post","link":"https:\/\/www.europesays.com\/fr\/626277\/","title":{"rendered":"Circulation sur l\u2019autoroute A75\u00a0: quels sont les \u00e9changeurs bloqu\u00e9s par les agriculteurs entre l\u2019Aveyron et la Loz\u00e8re\u00a0?"},"content":{"rendered":"<p>\n                                                                Depuis vendredi 26\u00a0d\u00e9cembre, l\u2019autoroute A75 est bloqu\u00e9e sur un large tron\u00e7on entre l\u2019Aveyron et la Loz\u00e8re. Le point sur la situation.\n                            <\/p>\n<p><a href=\"https:\/\/www.midilibre.fr\/2025\/12\/12\/mon-troupeau-ils-ne-labattront-pas-en-colere-les-agriculteurs-aveyronnais-bloquent-la75-a-hauteur-de-severac-daveyron-13106807.php\" target=\"_self\" rel=\"noopener\">Depuis le 11\u00a0d\u00e9cembre<\/a>, les agriculteurs ont pris leurs quartiers sur <a href=\"https:\/\/www.midilibre.fr\/actu\/circulation-deplacements\/autoroute-a75\/\" target=\"_self\" rel=\"noopener\">l\u2019autoroute A75 <\/a>en <a href=\"https:\/\/www.midilibre.fr\/aveyron\/\" target=\"_self\" rel=\"noopener\">Aveyron<\/a>, \u00e0 hauteur de <a href=\"https:\/\/www.midilibre.fr\/aveyron\/severac-d-aveyron\/\" target=\"_self\" rel=\"noopener\">S\u00e9v\u00e9rac-d\u2019Aveyron.<\/a> Ils ont bloqu\u00e9 l\u2019acc\u00e8s aux voitures dans les deux sens de circulation et ont fait de<a href=\"https:\/\/www.midilibre.fr\/2025\/12\/16\/dermatose-nodulaire-le-barrage-sur-la-rn88-devient-le-qg-mobilisation-a-villefranche-et-laguiole-reactions-la-colere-agricole-continue-de-setendre-en-13113733.php\" target=\"_self\" rel=\"noopener\"> ce lieu leur QG de la contestation<\/a> face \u00e0 crise de la dermatose nodulaire.<\/p>\n<p>Si plusieurs barrages ont \u00e9t\u00e9 lev\u00e9s en Occitanie, les Aveyronnais sont d\u00e9termin\u00e9s \u00e0 <a href=\"https:\/\/www.midilibre.fr\/2025\/12\/25\/on-repart-en-action-des-demain-les-agriculteurs-aveyronnais-projettent-une-nouvelle-operation-de-blocage-13130847.php\" target=\"_self\" rel=\"noopener\">garder leurs positions tant que l\u2019Etat n\u2019acc\u00e9dera pas \u00e0 leurs demandes. <\/a>Apr\u00e8s un r\u00e9veillon pass\u00e9 sur les voies de circulation, ils ont d\u00e9cid\u00e9 de mener<a href=\"https:\/\/www.midilibre.fr\/2025\/12\/26\/fumier-et-pneus-sur-lautoroute-a75-en-laveyron-et-en-lozere-la-colere-des-agriculteurs-ne-faiblit-pas-13131924.php\" target=\"_self\" rel=\"noopener\"> une nouvelle action coup de poing,<\/a> conjointe avec leurs homologues loz\u00e9riens, pour une nouvelle fois manifester leur m\u00e9contentement. Celle-ci s\u2019est sold\u00e9e par la mise en place <a href=\"https:\/\/www.midilibre.fr\/2025\/12\/26\/les-agriculteurs-manifestent-entre-severac-daveyron-et-banassac-la-75-fermee-sur-plusieurs-dizaines-de-kilometres-13132228.php\" target=\"_self\" rel=\"noopener\">d\u2019un nouveau point de blocage de l\u2019autoroute<\/a>. L\u2019A75 est donc bloqu\u00e9e jusqu\u2019\u00e0 l\u2019\u00e9changeur de Saint-Ch\u00e9ly-d\u2019Apcher. Les automobilistes sont donc d\u00e9vi\u00e9s depuis l\u2019\u00e9changeur d\u2019Aguessac, apr\u00e8s la Viaduc de Millau dans le sens sud-nord.<\/p>\n<p>Les aires de services accessibles pour les automobilistes<\/p>\n<p>Cependant, les aires de service de l\u2019Aveyron (S\u00e9v\u00e9rac-d\u2019Aveyron) et de la Loz\u00e8re (Saint-Ch\u00e9ly-d\u2019Apcher) restent accessibles pour charger les voitures \u00e9lectriques. Des d\u00e9viations sont mises en place par les diff\u00e9rents services sur le r\u00e9seau secondaire. Les temps de trajet sur cet axe sont donc rallong\u00e9s.\u00a0\u00ab\u00a0La route est tr\u00e8s bien indiqu\u00e9e et j\u2019avais google maps en m\u00eame temps au cas o\u00f9 pour voir les potentiels bouchons et l\u2019aspect des routes\u00a0\u00bb, t\u00e9moigne Eva, une utilisatrice de l\u2019autoroute qui a fait le trajet entre B\u00e9ziers et Clermont-Ferrand ce 27\u00a0d\u00e9cembre.<\/p>\n<p>Les blocages sur cet axe\u00a0sont vou\u00e9s \u00e0 s\u2019inscrire dans la dur\u00e9e. Les membres de la Coordination rurale de l\u2019Aveyron ont relay\u00e9 un communiqu\u00e9 de l\u2019antenne nationale. Ce dernier d\u00e9clarait attendre <a href=\"https:\/\/www.midilibre.fr\/2025\/12\/25\/on-repart-en-action-des-demain-les-agriculteurs-aveyronnais-projettent-une-nouvelle-operation-de-blocage-13130847.php\" target=\"_self\" rel=\"noopener\">une r\u00e9union avec l\u2019Elys\u00e9e pr\u00e9vue pour le <strong>5\u00a0janvier.\u00a0<\/strong><\/a>De leur c\u00f4t\u00e9, les agriculteurs aveyronnais ont fait savoir qu\u2019ils pouvaient tenir jusqu\u2019\u00e0 cette r\u00e9union et plus encore si celle-ci ne validait pas leurs demandes.\u00a0\u00ab\u00a0La CR nationale dit que cela repartira autour du 4-5 janvier donc on va tenir jusque l\u00e0, pr\u00e9vient Eloi Nespoulous, copr\u00e9sident de la CR aveyronnaise.\u00a0On arrive \u00e0 maintenir les troupes, on va faire un peu de turn over dans les prochains jours, mais \u00e7a r\u00e9pond bien.\u00a0\u00bb\u00a0D\u2019ici l\u00e0, quelques nouvelles op\u00e9rations coup de poing pourraient avoir lieu.\u00a0\u00ab\u00a0Pour l\u2019instant on ne sait pas trop mais c\u2019est une possibilit\u00e9\u00a0\u00bb, reprend le pr\u00e9sident aveyronnais de la CR. Une chose est s\u00fbre, les agriculteurs passeront leur deuxi\u00e8me r\u00e9veillon sur les voies de la M\u00e9ridienne le 31\u00a0janvier.<\/p>\n","protected":false},"excerpt":{"rendered":"Depuis vendredi 26\u00a0d\u00e9cembre, l\u2019autoroute A75 est bloqu\u00e9e sur un large tron\u00e7on entre l\u2019Aveyron et la Loz\u00e8re. Le point&hellip;\n","protected":false},"author":2,"featured_media":626278,"comment_status":"","ping_status":"","sticky":false,"template":"","format":"standard","meta":{"footnotes":""},"categories":[2],"tags":[1111,11,73565,18483,68902,1011,27,6209,12,25],"class_list":{"0":"post-626277","1":"post","2":"type-post","3":"status-publish","4":"format-standard","5":"has-post-thumbnail","7":"category-actualites","8":"tag-actu","9":"tag-actualites","10":"tag-autoroute-a75","11":"tag-aveyron","12":"tag-circulation-du00e9placements","13":"tag-fr","14":"tag-france","15":"tag-millau","16":"tag-news","17":"tag-republique-francaise"},"share_on_mastodon":{"url":"https:\/\/pubeurope.com\/@fr\/115794877140120342","error":""},"_links":{"self":[{"href":"https:\/\/www.europesays.com\/fr\/wp-json\/wp\/v2\/posts\/626277","targetHints":{"allow":["GET"]}}],"collection":[{"href":"https:\/\/www.europesays.com\/fr\/wp-json\/wp\/v2\/posts"}],"about":[{"href":"https:\/\/www.europesays.com\/fr\/wp-json\/wp\/v2\/types\/post"}],"author":[{"embeddable":true,"href":"https:\/\/www.europesays.com\/fr\/wp-json\/wp\/v2\/users\/2"}],"replies":[{"embeddable":true,"href":"https:\/\/www.europesays.com\/fr\/wp-json\/wp\/v2\/comments?post=626277"}],"version-history":[{"count":0,"href":"https:\/\/www.europesays.com\/fr\/wp-json\/wp\/v2\/posts\/626277\/revisions"}],"wp:featuredmedia":[{"embeddable":true,"href":"https:\/\/www.europesays.com\/fr\/wp-json\/wp\/v2\/media\/626278"}],"wp:attachment":[{"href":"https:\/\/www.europesays.com\/fr\/wp-json\/wp\/v2\/media?parent=626277"}],"wp:term":[{"taxonomy":"category","embeddable":true,"href":"https:\/\/www.europesays.com\/fr\/wp-json\/wp\/v2\/categories?post=626277"},{"taxonomy":"post_tag","embeddable":true,"href":"https:\/\/www.europesays.com\/fr\/wp-json\/wp\/v2\/tags?post=626277"}],"curies":[{"name":"wp","href":"https:\/\/api.w.org\/{rel}","templated":true}]}}