{"id":626282,"date":"2025-12-28T02:43:20","date_gmt":"2025-12-28T02:43:20","guid":{"rendered":"https:\/\/www.europesays.com\/fr\/626282\/"},"modified":"2025-12-28T02:43:20","modified_gmt":"2025-12-28T02:43:20","slug":"premier-forfait-pour-lopen-daustralie","status":"publish","type":"post","link":"https:\/\/www.europesays.com\/fr\/626282\/","title":{"rendered":"Premier forfait pour l\u2019Open d\u2019Australie"},"content":{"rendered":"<p><strong>La saison tennistique ne va pas<br \/>\ntarder \u00e0 reprendre, et les premiers forfaits pour l\u2019Open<br \/>\nd\u2019Australie sont en train d\u2019\u00eatre annonc\u00e9s.<\/strong><\/p>\n<p>Les fans de tennis attendent avec impatience le retour du<br \/>\ncircuit ATP, en pause depuis la fin novembre. Et parmi les<br \/>\n\u00e9ch\u00e9ances les plus attendues, figure \u00e9videmment le premier tournoi<br \/>\ndu Grand Chelem de l\u2019ann\u00e9e, \u00e0 savoir l\u2019Open d\u2019Australie. Si<br \/>\ncertains se pr\u00e9parent \u00e0 y participer, d\u2019autres, au contraire<br \/>\nabandonnent d\u2019avance, souvent pour finir de soigner les blessures<br \/>\nde fin de saison.<\/p>\n<p>C\u2019est le cas de David Goffin, le joueur belge de 35 ans, class\u00e9<br \/>\n119e \u00e0 l\u2019ATP. Quart de finaliste en 2017, Goffin est emb\u00eat\u00e9 par son<br \/>\ngenou qui l\u2019emp\u00eache de pouvoir \u00eatre \u00e0 100 % pour un tournoi en 5<br \/>\nsets gagnants. Une annonce surprenante apr\u00e8s avoir jou\u00e9 un tournoi<br \/>\nexhibition d\u00e9but d\u00e9cembre \u00e0 Londres, o\u00f9 il avait d\u2019ailleurs d\u00e9clar\u00e9<br \/>\n\u00ab se sentir bien \u00bb.<\/p>\n<p>\u00ab Je lui laisse le temps pour gu\u00e9rir \u00bb<\/p>\n<p>\u00ab Je prends un peu plus de temps avant de reprendre la<br \/>\ncomp\u00e9tition. Je ressens encore une l\u00e9g\u00e8re g\u00eane au genou, je lui<br \/>\nlaisse donc le temps n\u00e9cessaire pour gu\u00e9rir. Merci pour votre<br \/>\nsoutien et rendez-vous en 2026 \u00bb a-t-il d\u00e9clar\u00e9 sur ses<br \/>\nr\u00e9seaux sociaux.<\/p>\n<p>Un \u00e9ni\u00e8me probl\u00e8me physique pour le Belge qui a connu une saison<br \/>\n2025 plus que compliqu\u00e9e. Goffin a d\u2019abord connu une grave blessure<br \/>\n\u00e0 la vo\u00fbte plantaire, avant de souffrir du dos puis de son genou<br \/>\ngauche en fin de saison. Une articulation dont il s\u2019\u00e9tait fissur\u00e9<br \/>\nle tendon en 2023, et avait subi une fracture de stress en<br \/>\n2021.<\/p>\n<p>Goffin ne pourra pas tenter de sauver les meubles en Australie<br \/>\napr\u00e8s plusieurs ann\u00e9es de disette \u00e0 Melbourne. Le Belge n\u2019a plus<br \/>\npass\u00e9 un tour dans le Grand Chelem depuis 2020, s\u2019inclinant la<br \/>\nsaison derni\u00e8re face au Fran\u00e7ais Benjamin Bonzi. D\u2019autres Belges<br \/>\njoueront cependant cet Open d\u2019Australie, avec la pr\u00e9sence de Zizou<br \/>\nBergs et Rapha\u00ebl Collignon dans le tableau principal, en plus,<br \/>\nAlexander Blockx, (116e) Gilles-Arnaud Bailly (ATP 207), Kimmer<br \/>\nCoppejans (ATP 234) et Gauthier Onclin (ATP 269) en<br \/>\nqualifications.<\/p>\n","protected":false},"excerpt":{"rendered":"La saison tennistique ne va pas tarder \u00e0 reprendre, et les premiers forfaits pour l\u2019Open d\u2019Australie sont en&hellip;\n","protected":false},"author":2,"featured_media":626283,"comment_status":"","ping_status":"","sticky":false,"template":"","format":"standard","meta":{"footnotes":""},"categories":[1415],"tags":[4169,73566,1011,27,4175,57681,60,1467],"class_list":{"0":"post-626282","1":"post","2":"type-post","3":"status-publish","4":"format-standard","5":"has-post-thumbnail","7":"category-tennis","8":"tag-atp","9":"tag-david-goffin","10":"tag-fr","11":"tag-france","12":"tag-open-daustralie","13":"tag-sport365-fr","14":"tag-sports","15":"tag-tennis"},"share_on_mastodon":{"url":"https:\/\/pubeurope.com\/@fr\/115794896687479457","error":""},"_links":{"self":[{"href":"https:\/\/www.europesays.com\/fr\/wp-json\/wp\/v2\/posts\/626282","targetHints":{"allow":["GET"]}}],"collection":[{"href":"https:\/\/www.europesays.com\/fr\/wp-json\/wp\/v2\/posts"}],"about":[{"href":"https:\/\/www.europesays.com\/fr\/wp-json\/wp\/v2\/types\/post"}],"author":[{"embeddable":true,"href":"https:\/\/www.europesays.com\/fr\/wp-json\/wp\/v2\/users\/2"}],"replies":[{"embeddable":true,"href":"https:\/\/www.europesays.com\/fr\/wp-json\/wp\/v2\/comments?post=626282"}],"version-history":[{"count":0,"href":"https:\/\/www.europesays.com\/fr\/wp-json\/wp\/v2\/posts\/626282\/revisions"}],"wp:featuredmedia":[{"embeddable":true,"href":"https:\/\/www.europesays.com\/fr\/wp-json\/wp\/v2\/media\/626283"}],"wp:attachment":[{"href":"https:\/\/www.europesays.com\/fr\/wp-json\/wp\/v2\/media?parent=626282"}],"wp:term":[{"taxonomy":"category","embeddable":true,"href":"https:\/\/www.europesays.com\/fr\/wp-json\/wp\/v2\/categories?post=626282"},{"taxonomy":"post_tag","embeddable":true,"href":"https:\/\/www.europesays.com\/fr\/wp-json\/wp\/v2\/tags?post=626282"}],"curies":[{"name":"wp","href":"https:\/\/api.w.org\/{rel}","templated":true}]}}