{"id":626284,"date":"2025-12-28T02:47:20","date_gmt":"2025-12-28T02:47:20","guid":{"rendered":"https:\/\/www.europesays.com\/fr\/626284\/"},"modified":"2025-12-28T02:47:20","modified_gmt":"2025-12-28T02:47:20","slug":"cyclisme-route-finn-fisher-black-chez-uae-ca-fonctionne-avec-une-hierarchie","status":"publish","type":"post","link":"https:\/\/www.europesays.com\/fr\/626284\/","title":{"rendered":"Cyclisme. Route &#8211; Finn Fisher-Black : \u00abChez UAE, \u00e7a fonctionne avec une hi\u00e9rarchie\u00bb"},"content":{"rendered":"<p><strong>Finn Fisher-Black<\/strong> a exprim\u00e9 une grande admiration pour son ancien co\u00e9quipier <strong><a href=\"https:\/\/www.cyclismactu.net\/..\/news-route-tadej-pogacar-les-3-grands-tours-en-une-annee-ne-jamais-dire-jamais-91361.html\" target=\"_blank\" rel=\"noopener\">Tadej Pogacar<\/a><\/strong>. Le N\u00e9o-Z\u00e9landais est pass\u00e9 professionnel \u00e0 20 ans en rejoignant <strong><a href=\"https:\/\/www.cyclismactu.net\/..\/news-cyclisme-route-interview-mauro-gianetti-100-victoires-equipe-a-un-but-un-peu-different-91233.html\" target=\"_blank\" rel=\"noopener\">UAE Team Emirates<\/a><\/strong> \u00e0 l\u2019\u00e9t\u00e9 2021, apr\u00e8s un an et demi avec la <strong>Jumbo-Visma Development<\/strong>. Apr\u00e8s trois ans et demi dans la formation \u00e9miratie, il a choisi de s\u2019engager avec la <strong>Red Bull\u2013BORA\u2013hansgrohe<\/strong>, o\u00f9 il a disput\u00e9 la saison 2025.\u00a0Interview\u00e9 sur le <a href=\"https:\/\/www.youtube.com\/watch?v=wo7YKc9k__4\" target=\"_blank\" rel=\"noopener\">Domestique Hotseat Podcast<\/a>, le coureur de 24 ans est revenu sur son exp\u00e9rience chez\u00a0<strong>UAE Team Emirates<\/strong> et son regard sur <strong>Pogacar <\/strong>:\u00a0\u00ab\u00a0Quand Tadej est en course, il n\u2019y a qu\u2019un seul leader et tout le monde le sait. Chez UAE Team Emirates, \u00e7a fonctionne avec une hi\u00e9rarchie. C\u2019\u00e9tait un bel environnement \u00e0 vivre, car il y avait beaucoup de superstars autour de soi, mais \u00e7a peut \u00eatre risqu\u00e9 dans les Grands Tours. Il n\u2019y en a que trois et chacun veut sa chance. Cette \u00e9quipe compte plusieurs coureurs capables de remporter un Grand Tour, donc il y aura forc\u00e9ment des moments chauds.\u00a0\u00bb<\/p>\n<p>Vid\u00e9o &#8211; Fisher-Black, 3e du Tour Down Under 2025 Lire la suite de l&rsquo;article&#13;<\/p>\n<p>\u00a0<\/p>\n<p>&#13;<br \/>\n\u00ab\u00a0Il commence \u00e0 d\u00e9passer le cadre du cyclisme\u00a0\u00bb&#13;<\/p>\n<p>\u00ab\u00a0Dans le cyclisme, tu dois adopter une approche d\u00e9tendue parce que tant de choses peuvent mal tourner, et il faut savoir s\u2019adapter\u00a0\u00bb, explique <strong>Fisher-Black<\/strong>. \u00ab\u00a0Et Pogacar est tout simplement g\u00e9nial pour \u00e7a. On dirait qu\u2019il n\u2019a presque jamais de jours difficiles, parce qu\u2019il s\u2019adapte instantan\u00e9ment \u00e0 chaque attaque, chaque chute ou impr\u00e9vu. Je ne pense pas que les gens se rendent compte de l\u2019ampleur de sa renomm\u00e9e aujourd\u2019hui. Il commence \u00e0 d\u00e9passer le cadre du cyclisme. M\u00eame les personnes qui ne suivent pas le v\u00e9lo savent qui il est. Je l\u2019ai particuli\u00e8rement remarqu\u00e9 au Canada : quand on s\u2019arr\u00eatait dans un caf\u00e9, on devait former une bulle autour de lui pour pouvoir payer sans \u00eatre d\u00e9rang\u00e9. Peut-\u00eatre que \u00e7a commence \u00e0 le fatiguer. Il est plus grand que le sport lui-m\u00eame\u00a0\u00bb, affirme-t-il. \u00ab\u00a0J\u2019ai aussi couru avec Jonas (Vingegaard) avant que sa carri\u00e8re d\u00e9colle et qu\u2019il gagne le Tour. Ce sont des gars normaux, c\u2019est \u00e7a le plus important. J\u2019ai maintenant couru avec beaucoup des meilleurs coureurs du monde et, quand tu d\u00eenes avec eux, tu te rends compte qu\u2019ils sont juste des gars normaux.\u00a0\u00bb<\/p>\n<p>&#13;<\/p>\n<p>Enfin, <strong>Finn Fisher-Black<\/strong>\u00a0s\u2019est exprim\u00e9 sur l\u2019arriv\u00e9e de <strong>Remco Evenepoel<\/strong>\u00a0dans son \u00e9quipe\u00a0<strong>Red Bull\u2013BORA\u2013hansgrohe<\/strong>\u00a0:<br \/>\u00ab\u00a0Pour \u00eatre honn\u00eate, je ne connais pas vraiment Remco. Mais d\u2019apr\u00e8s ce que j\u2019ai vu en course avec lui dans le peloton, il semble tr\u00e8s solide. Je suis enthousiaste de l\u2019avoir dans l\u2019\u00e9quipe. Entre lui et Lipowitz, je ne sais pas encore comment ils aborderont le Tour l\u2019ann\u00e9e prochaine, s\u2019ils viseront tous les deux le classement g\u00e9n\u00e9ral ou auront des objectifs diff\u00e9rents. Mais il y a plusieurs coureurs capables de jouer le g\u00e9n\u00e9ral dans cette \u00e9quipe.\u00a0\u00bb<\/p>\n","protected":false},"excerpt":{"rendered":"Finn Fisher-Black a exprim\u00e9 une grande admiration pour son ancien co\u00e9quipier Tadej Pogacar. Le N\u00e9o-Z\u00e9landais est pass\u00e9 professionnel&hellip;\n","protected":false},"author":2,"featured_media":626285,"comment_status":"","ping_status":"","sticky":false,"template":"","format":"standard","meta":{"footnotes":""},"categories":[1411],"tags":[1154,207,211,1011,27,209,60,210,212,208,213],"class_list":{"0":"post-626284","1":"post","2":"type-post","3":"status-publish","4":"format-standard","5":"has-post-thumbnail","7":"category-cyclisme","8":"tag-cycling","9":"tag-cyclisme","10":"tag-ffc","11":"tag-fr","12":"tag-france","13":"tag-route","14":"tag-sports","15":"tag-tour-de-france","16":"tag-uci","17":"tag-velo","18":"tag-world-tour"},"share_on_mastodon":{"url":"https:\/\/pubeurope.com\/@fr\/115794912404906289","error":""},"_links":{"self":[{"href":"https:\/\/www.europesays.com\/fr\/wp-json\/wp\/v2\/posts\/626284","targetHints":{"allow":["GET"]}}],"collection":[{"href":"https:\/\/www.europesays.com\/fr\/wp-json\/wp\/v2\/posts"}],"about":[{"href":"https:\/\/www.europesays.com\/fr\/wp-json\/wp\/v2\/types\/post"}],"author":[{"embeddable":true,"href":"https:\/\/www.europesays.com\/fr\/wp-json\/wp\/v2\/users\/2"}],"replies":[{"embeddable":true,"href":"https:\/\/www.europesays.com\/fr\/wp-json\/wp\/v2\/comments?post=626284"}],"version-history":[{"count":0,"href":"https:\/\/www.europesays.com\/fr\/wp-json\/wp\/v2\/posts\/626284\/revisions"}],"wp:featuredmedia":[{"embeddable":true,"href":"https:\/\/www.europesays.com\/fr\/wp-json\/wp\/v2\/media\/626285"}],"wp:attachment":[{"href":"https:\/\/www.europesays.com\/fr\/wp-json\/wp\/v2\/media?parent=626284"}],"wp:term":[{"taxonomy":"category","embeddable":true,"href":"https:\/\/www.europesays.com\/fr\/wp-json\/wp\/v2\/categories?post=626284"},{"taxonomy":"post_tag","embeddable":true,"href":"https:\/\/www.europesays.com\/fr\/wp-json\/wp\/v2\/tags?post=626284"}],"curies":[{"name":"wp","href":"https:\/\/api.w.org\/{rel}","templated":true}]}}