{"id":626290,"date":"2025-12-28T02:50:42","date_gmt":"2025-12-28T02:50:42","guid":{"rendered":"https:\/\/www.europesays.com\/fr\/626290\/"},"modified":"2025-12-28T02:50:42","modified_gmt":"2025-12-28T02:50:42","slug":"en-bretagne-ses-peintures-de-lumieres-subliment-ses-photos","status":"publish","type":"post","link":"https:\/\/www.europesays.com\/fr\/626290\/","title":{"rendered":"en Bretagne, ses peintures de lumi\u00e8res subliment ses photos"},"content":{"rendered":"<p>                    Par<br \/>\n        <strong><br \/>\n            <a href=\"https:\/\/actu.fr\/auteur\/julien-saliou\" title=\"Consulter tous les articles de Julien Saliou\" target=\"_blank\" rel=\"noopener\">Julien Saliou<\/a><br \/>\n                    <\/strong><\/p>\n<p>        Publi\u00e9 le<\/p>\n<p>            26 d\u00e9c. 2025 \u00e0 17h47        <\/p>\n<p>\u00ab\u2009La grande majorit\u00e9 des gens qui voient mes photos pensent que ce sont des montages, o\u00f9 que je les ai retouch\u00e9es.\u2009\u00bb Il n\u2019en est rien. J\u00e9r\u00e9my Moritz pratique le light painting.<b> Il photographie des lieux et cr\u00e9e des trac\u00e9s de lumi\u00e8re<\/b>\u00a0avec du mat\u00e9riel d\u2019\u00e9clairage (pailles de fer, diffuseur de lumi\u00e8re en Plexiglass, lampe de calligraphie\u2026).<\/p>\n<p class=\" wall-content\">Son appareil est pos\u00e9 derri\u00e8re lui sur le tr\u00e9pied. \u00ab\u2009Mon <b>temps d\u2019exposition est tr\u00e8s long<\/b>, de 15-20 secondes \u00e0 20\u00a0minutes.\u2009\u00bb Ainsi, il arrive \u00e0 avoir le paysage net, et ses formes lumineuses peintes avec les mouvements de lumi\u00e8re apparaissent dans le d\u00e9cor.<\/p>\n<p>    <img   decoding=\"async\" loading=\"lazy\" class=\"size-large\" src=\"https:\/\/www.europesays.com\/fr\/wp-content\/uploads\/2025\/12\/99125533594968d125533594932225v-960x640.jpg\" alt=\"La rue de Siam \u00e0 Brest immortalis\u00e9e par J\u00e9r\u00e9my Morith.\" width=\"960\" height=\"640\"\/><br \/>\n    La rue de Siam \u00e0 Brest immortalis\u00e9e par J\u00e9r\u00e9my Morith. \u00a9J\u00e9r\u00e9my Moritz<\/p>\n<p class=\" wall-content\">Le Brestois de 41\u00a0ans s\u2019est sp\u00e9cialis\u00e9 dans cette prise de vue il y a maintenant cinq ans. Il pratiquait jusque-l\u00e0 la sculpture sur bois et le dessin.<\/p>\n<p>\u00ab\u2009Brest, un super terrain de jeu\u2009\u00bb<\/p>\n<p class=\" wall-content\">Autodidacte, il s\u2019est beaucoup fait la main au fort du Questel, son \u00ab\u2009laboratoire\u2009\u00bb. \u00ab\u2009J\u2019aime aussi aller \u00e0 l\u2019abbaye de la pointe Saint-Mathieu, au bord de mer, et \u00e0 des endroits assez \u00e9clair\u00e9s comme la <a href=\"https:\/\/actu.fr\/tag\/brest-arena\" target=\"_blank\" rel=\"noopener\">Brest Arena<\/a>. Mais <b>mon lieu pr\u00e9f\u00e9r\u00e9 est devenu le centre-ville<\/b>. J\u2019aime m\u2019y rendre le soir quand il n\u2019y a pas grand monde dans la rue. Brest est un super terrain de jeu.\u2009\u00bb<\/p>\n<p>    <img   decoding=\"async\" loading=\"lazy\" class=\"size-large\" src=\"https:\/\/www.europesays.com\/fr\/wp-content\/uploads\/2025\/12\/a2b523fb7949686b523fb79495ab52v-960x640.jpg\" alt=\"J\u00e9r\u00e9my Morith\" width=\"960\" height=\"640\"\/><br \/>\n    J\u00e9r\u00e9my Moritz, ici \u00e0 la mairie des Quatre-Moulins o\u00f9 est pr\u00e9sent\u00e9e son exposition Luminescence. \u00a9Julien SaliouVid\u00e9os : en ce moment sur Actu<\/p>\n<p class=\" wall-content\">En plus de pratiquer le light painting dans de jolis d\u00e9cors naturels, J\u00e9r\u00e9my Moritz r\u00e9alise des portraits. Le sujet doit pouvoir rester un maximum immobile durant tout le temps de la prise de vue. \u00ab\u2009Je cherche un bon compromis entre la personne photographi\u00e9e et ma cr\u00e9ation. Et j\u2019essaie d\u2019avoir une lumi\u00e8re assez douce.\u2009\u00bb<\/p>\n<p>    <img   decoding=\"async\" loading=\"lazy\" class=\"size-large\" src=\"https:\/\/www.europesays.com\/fr\/wp-content\/uploads\/2025\/12\/81e97dbf49496d5e97dbf4949d9e97v-960x640.jpg\" alt=\"light painting\" width=\"960\" height=\"640\"\/><br \/>\n    J\u00e9r\u00e9my Moritz fait aussi des portraits, comme ici avec l\u2019artiste Alwena Br\u00e9hin, rue Saint-Malo \u00e0 Brest. \u00a9J\u00e9r\u00e9my Moritz<\/p>\n<p>Votre r\u00e9gion, votre actu !<\/p>\n<p>Recevez chaque jour les infos qui comptent pour vous.<\/p>\n<p>\t<a href=\"https:\/\/actu.fr\/newsletter\" class=\"ac-btn ac-btn--corner ac-btn--medium ac-btn--blue800\" target=\"_blank\" rel=\"noopener\">S&rsquo;incrire<\/a><\/p>\n<p class=\" wall-content\">Vingt-cinq de ses <a href=\"https:\/\/actu.fr\/tag\/photographie\" target=\"_blank\" rel=\"noopener\">photos<\/a> sont expos\u00e9es jusqu\u2019au 15 janvier \u00e0 la mairie des Quatre-Moulins, le quartier o\u00f9 il r\u00e9side. Vous aurez \u00e9galement l\u2019occasion de d\u00e9couvrir son travail \u00e0 la <a href=\"https:\/\/fabrik1801.bzh\/\" target=\"_blank\" rel=\"noopener\">Fabrik 1801<\/a> dans les ateliers des Capucins du 15 janvier au 15 f\u00e9vrier, puis au Vauban et dans d\u2019autres \u00e9tablissements de Brest dans le courant d\u2019ann\u00e9e 2026.<\/p>\n<p>Jusqu\u2019au 15\u00a0janvier, exposition Luminescence \u00e0 la mairie de quartier des Quatre-Moulins, 200 rue Anatole-France \u00e0 Brest. Ouverture du lundi au vendredi de 9\u2009h \u00e0 12\u2009h et de 14\u2009h \u00e0 17\u2009h, le samedi de 9\u2009h \u00e0 12\u2009h. Rens.\u2009: <a href=\"https:\/\/jeremymoritzlightart.com\/?fbclid=IwY2xjawO2KzVleHRuA2FlbQIxMABicmlkETE1VXRQMXA4N200VGZ6UWduc3J0YwZhcHBfaWQQMjIyMDM5MTc4ODIwMDg5MgABHplfjs7dOxQFkk7-8RGVkKn0vkIB2hvPONeTmxJDANgCpULbdP6uYYVnPabi_aem_f4b_sZ0Nq7lp2GZh5sPGoA\" target=\"_blank\" rel=\"noopener\">site Internet de J\u00e9r\u00e9my Moritz<\/a>, pages <a href=\"https:\/\/www.facebook.com\/jeremymoritzlightart\/\" target=\"_blank\" rel=\"noopener\">Facebook<\/a> et <a href=\"https:\/\/www.instagram.com\/jeremymoritzlightart\/\" target=\"_blank\" rel=\"noopener\">Instagram<\/a>.<\/p>\n<p class=\" wall-content\">Personnalisez votre actualit\u00e9 en ajoutant vos villes et m\u00e9dias en favori avec <a href=\"https:\/\/moncompte.actu.fr\" title=\"D\u00e9couvez Mon Actu\" rel=\"nofollow noopener\" data-trk=\"{&quot;cta&quot;:{&quot;action&quot;:&quot;https:\\\/\\\/moncompte.actu.fr&quot;,&quot;category&quot;:&quot;mon compte&quot;,&quot;from&quot;:&quot;article footer&quot;,&quot;name&quot;:&quot;Mon actu&quot;,&quot;type&quot;:&quot;cta&quot;}}\" target=\"_blank\">Mon Actu<\/a>.<\/p>\n<p>                    <script async src=\"\/\/www.instagram.com\/embed.js\"><\/script><\/p>\n","protected":false},"excerpt":{"rendered":"Par Julien Saliou Publi\u00e9 le 26 d\u00e9c. 2025 \u00e0 17h47 \u00ab\u2009La grande majorit\u00e9 des gens qui voient mes&hellip;\n","protected":false},"author":2,"featured_media":626291,"comment_status":"","ping_status":"","sticky":false,"template":"","format":"standard","meta":{"footnotes":""},"categories":[1358],"tags":[1348,1384,1385,1386,58,59,1011,27,1652,1756,14946],"class_list":{"0":"post-626290","1":"post","2":"type-post","3":"status-publish","4":"format-standard","5":"has-post-thumbnail","7":"category-arts-et-design","8":"tag-arts","9":"tag-arts-and-design","10":"tag-arts-et-design","11":"tag-design","12":"tag-divertissement","13":"tag-entertainment","14":"tag-fr","15":"tag-france","16":"tag-loisirs-culture","17":"tag-photographie","18":"tag-sortir-a-brest"},"share_on_mastodon":{"url":"https:\/\/pubeurope.com\/@fr\/115794925587084637","error":""},"_links":{"self":[{"href":"https:\/\/www.europesays.com\/fr\/wp-json\/wp\/v2\/posts\/626290","targetHints":{"allow":["GET"]}}],"collection":[{"href":"https:\/\/www.europesays.com\/fr\/wp-json\/wp\/v2\/posts"}],"about":[{"href":"https:\/\/www.europesays.com\/fr\/wp-json\/wp\/v2\/types\/post"}],"author":[{"embeddable":true,"href":"https:\/\/www.europesays.com\/fr\/wp-json\/wp\/v2\/users\/2"}],"replies":[{"embeddable":true,"href":"https:\/\/www.europesays.com\/fr\/wp-json\/wp\/v2\/comments?post=626290"}],"version-history":[{"count":0,"href":"https:\/\/www.europesays.com\/fr\/wp-json\/wp\/v2\/posts\/626290\/revisions"}],"wp:featuredmedia":[{"embeddable":true,"href":"https:\/\/www.europesays.com\/fr\/wp-json\/wp\/v2\/media\/626291"}],"wp:attachment":[{"href":"https:\/\/www.europesays.com\/fr\/wp-json\/wp\/v2\/media?parent=626290"}],"wp:term":[{"taxonomy":"category","embeddable":true,"href":"https:\/\/www.europesays.com\/fr\/wp-json\/wp\/v2\/categories?post=626290"},{"taxonomy":"post_tag","embeddable":true,"href":"https:\/\/www.europesays.com\/fr\/wp-json\/wp\/v2\/tags?post=626290"}],"curies":[{"name":"wp","href":"https:\/\/api.w.org\/{rel}","templated":true}]}}