{"id":626292,"date":"2025-12-28T02:52:16","date_gmt":"2025-12-28T02:52:16","guid":{"rendered":"https:\/\/www.europesays.com\/fr\/626292\/"},"modified":"2025-12-28T02:52:16","modified_gmt":"2025-12-28T02:52:16","slug":"jt-de-20h-du-samedi-27-decembre-2025-franceinfo","status":"publish","type":"post","link":"https:\/\/www.europesays.com\/fr\/626292\/","title":{"rendered":"JT de 20h du samedi 27 d\u00e9cembre 2025 &#8211; Franceinfo"},"content":{"rendered":"<ol>\n<li><a href=\"https:\/\/news.google.com\/rss\/articles\/CBMipwFBVV95cUxQMGNudFpIOEdhTmNLdjVveDVxT2hPeTBsYUZmQnJmUERLeGdfNVJfRW96NFFNbEtGNUhyR0ktV1JWeGJNN2ZfOVd5eXFoN0FwXzZlTHdraEJVOXZteEtCYnVvd3Q1TlRtQmxnQ1FmSGVFRlR0SXF3d0p2aTBVT1VwTDlZbVVKSnJtSU5wc1UxdGRVd09WR004MWgwemNMN1BRMmhMRmhHdw?oc=5\" target=\"_blank\" rel=\"noopener\">JT de 20h du samedi 27 d\u00e9cembre 2025<\/a>&nbsp;&nbsp;Franceinfo<\/li>\n<li><a href=\"https:\/\/news.google.com\/rss\/articles\/CBMilwFBVV95cUxNTF80ZzIwamVlS01Jb0Z6SkYzVDlGOVNSV1BackRuU0ZwdzFEcnZhUmpEWWFMS0h6bDZPUUJ3QkJLODlqdzduTlFKWHV0eGpRdW5FT0FnS0JzX0ozMmZ4bjRiZTBQUUZqSWs4aS04UFBObEFHYU1mb3dpWlVGU08wR08yUy0xTV9OV2VtUWNTYkhyMF9hMUpB?oc=5\" target=\"_blank\" rel=\"noopener\">\u00c9dition du samedi 27 d\u00e9cembre 2025 en replay &#8211; Journal 20h00<\/a>&nbsp;&nbsp;France TV<\/li>\n<li><a href=\"https:\/\/news.google.com\/rss\/articles\/CBMipwFBVV95cUxNTTBQNUl5QU1ONlRNeUxwVWJHdlRJWExGOXRnT3dyeXpzR3VoeGJLVWdGNjVPN2RxTmR2TW10RnRzNU0wb0pMTEYxOTFubWxLYklVX09yQXlGVllKUGRVN2pmcWR4UFlUTDdNYm1LVGpkNFFmNXl4a3NocDNtbldTbHQ2cHlKb0w5dXRiVUNsZExkQzltdWdiazRqaXBSR1dQYWZqVEhXRQ?oc=5\" target=\"_blank\" rel=\"noopener\">JT de 13h du samedi 27 d\u00e9cembre 2025<\/a>&nbsp;&nbsp;Franceinfo<\/li>\n<li><a href=\"https:\/\/news.google.com\/rss\/articles\/CBMiwAFBVV95cUxNODZmS2xhRG1HLVJrdHpmazZCdXZpREpNT0lxbUxScnk0ckJQMVlJZGVPLXE5amVPT3UtR3ZEelpRUUtocmc1Tjk1OWFoLTdWWFE5ZjNGX0ZyN0RhTXJFQmtYdjI5dUQxb1RsT1ZRdkZWcmFQQ3dNNVM4QXUwY1UyZHFLLWhJVjlQTElkMEhQdU9ZdWhyMDNqNFRRSkJfbWNsekZrSWhnNjlVbmQ2NGVXMEZSTXpMbEkzckpWMVRIQVI?oc=5\" target=\"_blank\" rel=\"noopener\">Journal de TF1 replay du 27\/12\/2025 : Le JT de 13 heures de TF1 du samedi 27 d\u00e9cembre 2025<\/a>&nbsp;&nbsp;TV-Programme.com<\/li>\n<li><a href=\"https:\/\/news.google.com\/rss\/articles\/CBMilwFBVV95cUxOUlFVamhkdXhEV0ZkMjdYSUczcW1lRmM0TjJ1VWtVSmdPUmczeDJaYlN3THlxd1k3LWI2STBNTnBTMFhDVDJYRFRtdjBTSGlyTlp1UEtTOVd0a1Fhc3FyODE5T0dfWV9KaVFWa1dIWG1KeTJmbEJZOXRaUl9ZQzJyR0lGbG1yVG9qS3VqWlpPa2JWcGpra3cw?oc=5\" target=\"_blank\" rel=\"noopener\">\u00c9dition du samedi 27 d\u00e9cembre 2025 en replay &#8211; Journal 13h00<\/a>&nbsp;&nbsp;France TV<\/li>\n<\/ol>\n","protected":false},"excerpt":{"rendered":"JT de 20h du samedi 27 d\u00e9cembre 2025&nbsp;&nbsp;Franceinfo \u00c9dition du samedi 27 d\u00e9cembre 2025 en replay &#8211; Journal&hellip;\n","protected":false},"author":2,"featured_media":626293,"comment_status":"","ping_status":"","sticky":false,"template":"","format":"standard","meta":{"footnotes":""},"categories":[1356],"tags":[58,59,1011,27,252,1364],"class_list":{"0":"post-626292","1":"post","2":"type-post","3":"status-publish","4":"format-standard","5":"has-post-thumbnail","7":"category-television","8":"tag-divertissement","9":"tag-entertainment","10":"tag-fr","11":"tag-france","12":"tag-television","13":"tag-tv"},"share_on_mastodon":{"url":"https:\/\/pubeurope.com\/@fr\/115794932242028602","error":""},"_links":{"self":[{"href":"https:\/\/www.europesays.com\/fr\/wp-json\/wp\/v2\/posts\/626292","targetHints":{"allow":["GET"]}}],"collection":[{"href":"https:\/\/www.europesays.com\/fr\/wp-json\/wp\/v2\/posts"}],"about":[{"href":"https:\/\/www.europesays.com\/fr\/wp-json\/wp\/v2\/types\/post"}],"author":[{"embeddable":true,"href":"https:\/\/www.europesays.com\/fr\/wp-json\/wp\/v2\/users\/2"}],"replies":[{"embeddable":true,"href":"https:\/\/www.europesays.com\/fr\/wp-json\/wp\/v2\/comments?post=626292"}],"version-history":[{"count":0,"href":"https:\/\/www.europesays.com\/fr\/wp-json\/wp\/v2\/posts\/626292\/revisions"}],"wp:featuredmedia":[{"embeddable":true,"href":"https:\/\/www.europesays.com\/fr\/wp-json\/wp\/v2\/media\/626293"}],"wp:attachment":[{"href":"https:\/\/www.europesays.com\/fr\/wp-json\/wp\/v2\/media?parent=626292"}],"wp:term":[{"taxonomy":"category","embeddable":true,"href":"https:\/\/www.europesays.com\/fr\/wp-json\/wp\/v2\/categories?post=626292"},{"taxonomy":"post_tag","embeddable":true,"href":"https:\/\/www.europesays.com\/fr\/wp-json\/wp\/v2\/tags?post=626292"}],"curies":[{"name":"wp","href":"https:\/\/api.w.org\/{rel}","templated":true}]}}