{"id":626298,"date":"2025-12-28T02:55:30","date_gmt":"2025-12-28T02:55:30","guid":{"rendered":"https:\/\/www.europesays.com\/fr\/626298\/"},"modified":"2025-12-28T02:55:30","modified_gmt":"2025-12-28T02:55:30","slug":"les-chercheurs-levent-le-voile-sur-ce-danger-invisible","status":"publish","type":"post","link":"https:\/\/www.europesays.com\/fr\/626298\/","title":{"rendered":"les chercheurs l\u00e8vent le voile sur ce danger invisible"},"content":{"rendered":"<p>Une \u00e9tude publi\u00e9e dans la revue <a href=\"https:\/\/link.springer.com\/article\/10.1007\/s11010-025-05428-3\" title=\"Do microplastics play a role in the pathogenesis of neurodegenerative diseases? Shared pathophysiological pathways for Alzheimer\u2019s and Parkinson\u2019s disease\" target=\"_blank\" rel=\"noopener\">Molecular and Cellular Biochemistry<\/a> sugg\u00e8re que les <a href=\"https:\/\/www.futura-sciences.com\/planete\/definitions\/ocean-microplastique-15886\/\" target=\"_blank\" rel=\"noopener\">microplastiques<\/a>, pr\u00e9sents dans de nombreux produits du quotidien, peuvent d\u00e9clencher une inflammation et des <a href=\"https:\/\/www.futura-sciences.com\/sante\/actualites\/vie-abaisser-pression-arterielle-reduit-risque-lesions-cerebrales-7091\/\" title=\"Abaisser la pression art\u00e9rielle r\u00e9duit le risque de l\u00e9sions c\u00e9r\u00e9brales\" target=\"_blank\" rel=\"noopener\">l\u00e9sions c\u00e9r\u00e9brales<\/a>.\u00a0<\/p>\n<p>Nous ing\u00e9rons 250 grammes de microplastiques chaque ann\u00e9e<\/p>\n<p>Selon le Pr Kamal Dua, chercheur en sciences pharmaceutiques et co-auteur de cette \u00e9tude, les adultes consommeraient 250 grammes de microplastiques chaque ann\u00e9e, soit l&rsquo;\u00e9quivalent d&rsquo;une assiette. Ces microplastiques sont ing\u00e9r\u00e9s ou inhal\u00e9s. \u00ab Nous ing\u00e9rons des microplastiques provenant de sources tr\u00e8s diverses, notamment les fruits de mer contamin\u00e9s, le sel, les <a href=\"https:\/\/www.futura-sciences.com\/sante\/actualites\/alimentation-chercheurs-tirent-sonnette-alarme-aliments-ultra-transformes-sont-lies-12-maladies-graves-127660\/\" title=\"Les chercheurs tirent la sonnette d\u2019alarme : les aliments ultra-transform\u00e9s sont li\u00e9s \u00e0 12 maladies graves !\" target=\"_blank\" rel=\"noopener\">aliments transform\u00e9s<\/a>, les sachets de th\u00e9, les planches \u00e0 d\u00e9couper en <a href=\"https:\/\/www.futura-sciences.com\/maison\/definitions\/gaz-naturel-plastique-13438\/\" target=\"_blank\" rel=\"noopener\">plastique<\/a>, les boissons en bouteille plastique et les aliments cultiv\u00e9s dans des sols contamin\u00e9s, ainsi que les fibres plastiques des tapis, la poussi\u00e8re et les v\u00eatements synth\u00e9tiques \u00bb, a d\u00e9clar\u00e9 le chercheur.\u00a0<\/p>\n<p>Les plastiques les plus utilis\u00e9s dans les produits que nous consommons sont le <a href=\"https:\/\/www.futura-sciences.com\/sciences\/definitions\/chimie-polyethylene-2889\/\" target=\"_blank\" rel=\"noopener\">poly\u00e9thyl\u00e8ne<\/a>, le <a href=\"https:\/\/www.futura-sciences.com\/sciences\/definitions\/chimie-polypropylene-16673\/\" target=\"_blank\" rel=\"noopener\">polypropyl\u00e8ne<\/a>, le <a href=\"https:\/\/www.futura-sciences.com\/sciences\/definitions\/chimie-polystyrene-10176\/\" target=\"_blank\" rel=\"noopener\">polystyr\u00e8ne<\/a> et le poly\u00e9thyl\u00e8ne t\u00e9r\u00e9phtalate (PET). M\u00eame si la majorit\u00e9 de ces microplastiques sont \u00e9limin\u00e9s de notre organisme, des \u00e9tudes montrent qu&rsquo;ils s&rsquo;accumulent dans nos organes au fil des ann\u00e9es, notamment dans notre cerveau.\u00a0<\/p>\n<p>Le Pr Kamal Dua et d&rsquo;autres chercheurs de l&rsquo;Universit\u00e9 de Sydney (Australie) et de l&rsquo;Universit\u00e9 d&rsquo;Auburn (\u00c9tats-Unis) ont travaill\u00e9 en \u00e9quipe pour mieux comprendre l&rsquo;impact de ces substances sur le fonctionnement des cellules c\u00e9r\u00e9brales.\u00a0<\/p>\n<p>            <img decoding=\"async\" data-imgid=\"sm\" src=\"https:\/\/www.europesays.com\/fr\/wp-content\/uploads\/2025\/12\/microplastiques-poumons-humains.jpeg\" width=\"320\" height=\"320\" alt=\"Des chercheurs de plusieurs universit\u00e9s\u00a0ont mis au point un mod\u00e8le informatique de dynamique de fluides pour analyser le trajet des microplastiques jusque dans nos voies respiratoires sup\u00e9rieures.\u00a0\u00a9 Pcess609, Adobe Stock\" loading=\"lazy\"\/><\/p>\n<p>\n                Tags :<br \/>\n\tsante\n<\/p>\n<p><a href=\"https:\/\/www.futura-sciences.com\/sante\/actualites\/organe-scientifiques-ont-etudie-devenir-nos-voies-respiratoires-quantite-colossale-microplastique-nous-inhalons-chaque-jour-49511\/\" class=\"article-link\" target=\"_blank\" rel=\"noopener\"><\/p>\n<p>        Les scientifiques ont \u00e9tudi\u00e9 le devenir dans nos voies respiratoires de la quantit\u00e9 colossale de microplastique que nous inhalons chaque jour<\/p>\n<p><\/a><\/p>\n<p>        Lire l&rsquo;article <\/p>\n<p>Stress oxydatif, neurones endommag\u00e9s&#8230;\u00a0<\/p>\n<p>Ils affirment que les microplastiques nuiraient au fonctionnement normal du cerveau de cinq fa\u00e7ons :<\/p>\n<ul>\n<li>en d\u00e9clenchant l&rsquo;activit\u00e9 des cellules immunitaires ;\u00a0<\/li>\n<li>en g\u00e9n\u00e9rant un stress oxydatif ;\u00a0<\/li>\n<li>en perturbant la barri\u00e8re h\u00e9mato-enc\u00e9phalique (surface d&rsquo;\u00e9change entre le sang et le cerveau) ;<\/li>\n<li>en alt\u00e9rant les <a href=\"https:\/\/www.futura-sciences.com\/sante\/definitions\/medecine-mitochondrie-197\/\" target=\"_blank\" rel=\"noopener\">mitochondries<\/a> (qui produisent l&rsquo;<a href=\"https:\/\/www.futura-sciences.com\/sciences\/definitions\/energie-energie-15884\/\" target=\"_blank\" rel=\"noopener\">\u00e9nergie<\/a> dans les cellules) ;<\/li>\n<li>en endommageant les <a href=\"https:\/\/www.futura-sciences.com\/sante\/definitions\/cerveau-neurone-209\/\" target=\"_blank\" rel=\"noopener\">neurones<\/a>.<\/li>\n<\/ul>\n<p>Selon cette \u00e9tude, les microplastiques alt\u00e8rent la barri\u00e8re h\u00e9mato-enc\u00e9phalique. Ils la rendent plus perm\u00e9able. Cons\u00e9quence, les microplastiques se retrouvent <a href=\"https:\/\/www.futura-sciences.com\/sante\/actualites\/corps-humain-microplastiques-identifies-sang-humain-premiere-fois-97640\/\" title=\"Des microplastiques identifi\u00e9s dans le sang humain pour la premi\u00e8re fois\" target=\"_blank\" rel=\"noopener\">dans le sang<\/a>. Consid\u00e9r\u00e9s\u00a0comme des corps \u00e9trangers par l&rsquo;organisme, celui-ci active des cellules immunitaires et des <a href=\"https:\/\/www.futura-sciences.com\/sciences\/definitions\/chimie-molecule-783\/\" target=\"_blank\" rel=\"noopener\">mol\u00e9cules<\/a> inflammatoires pour les combattre.\u00ab \u00ab\u00a0Ce qui endommage davantage les cellules de la barri\u00e8re \u00bb, a expliqu\u00e9 le Pr Dua.\u00a0<\/p>\n<p>Les microplastiques g\u00e9n\u00e8rent par ailleurs un stress oxydatif en augmentant la quantit\u00e9 d&rsquo;<a href=\"https:\/\/www.futura-sciences.com\/planete\/definitions\/zoologie-espece-2261\/\" target=\"_blank\" rel=\"noopener\">esp\u00e8ces<\/a> r\u00e9actives de l&rsquo;oxyg\u00e8ne, des mol\u00e9cules instables susceptibles d&rsquo;endommager les cellules. De plus, ils affaiblissent les syst\u00e8mes <a href=\"https:\/\/www.futura-sciences.com\/sante\/definitions\/medecine-antioxydant-2995\/\" target=\"_blank\" rel=\"noopener\">antioxydants<\/a> de l&rsquo;organisme, qui contribuent normalement \u00e0 contr\u00f4ler ces mol\u00e9cules.<\/p>\n<p>Mais ce n&rsquo;est pas tout, les chercheurs r\u00e9v\u00e8lent que les microplastiques perturbent la production d&rsquo;\u00e9nergie par les mitochondries, ralentissant ainsi le fonctionnement normal des cellules. <a href=\"https:\/\/www.futura-sciences.com\/sante\/actualites\/cerveau-passe-t-il-cerveau-lorsque-nous-imaginons-futur-88042\/\" title=\"Que se passe-t-il dans le cerveau lorsque nous imaginons le futur ?\" target=\"_blank\" rel=\"noopener\">Dans le cerveau<\/a>, ce d\u00e9ficit \u00e9nerg\u00e9tique a pour effet d&rsquo;affaiblir l&rsquo;activit\u00e9 des neurones, ce qui peut \u00e0 terme causer des l\u00e9sions c\u00e9r\u00e9brales.\u00a0<\/p>\n<p>\u00ab Tous ces m\u00e9canismes interagissent entre eux, aggravant les l\u00e9sions c\u00e9r\u00e9brales \u00bb, s&rsquo;est inqui\u00e9t\u00e9 le chercheur en sciences pharmaceutiques.\u00a0<\/p>\n<p class=\"fs-media\">\n<p><img decoding=\"async\" data-imgid=\"full\" src=\"https:\/\/www.europesays.com\/fr\/wp-content\/uploads\/2025\/12\/5-parkinson.jpeg\" width=\"1080\" height=\"720\" alt=\"\" loading=\"lazy\"\/><br \/>\nLes microplastiques pourraient augmenter le risque de maladie de Parkinson, en provoquant des l\u00e9sions dans les neurones dopaminergiques. \u00a9 Pixel-Shot, Adobe Stock<\/p>\n<p>Agir vite pour r\u00e9duire notre exposition aux microplastiques<\/p>\n<p>L&rsquo;\u00e9tude s&rsquo;est aussi int\u00e9ress\u00e9e au lien suppos\u00e9 entre microplastiques et maladies d&rsquo;<a href=\"https:\/\/www.futura-sciences.com\/sante\/actualites\/maladie-alzheimer-alzheimer-chercheurs-decouvrent-cerveau-perd-notion-jour-nuit-bien-avant-memoire-127276\/\" title=\"Alzheimer : un nouveau signe pr\u00e9coce d\u00e9couvert bien avant les pertes de m\u00e9moire\" target=\"_blank\" rel=\"noopener\">Alzheimer<\/a>\u00a0et de <a href=\"https:\/\/www.futura-sciences.com\/sante\/actualites\/parkinson-parkinson-traitement-revolutionnaire-redonne-espoir-change-deja-vie-certains-patients-c7g3-127234\/\" title=\"Parkinson : un traitement r\u00e9volutionnaire redonne de l\u2019espoir et change d\u00e9j\u00e0 la vie de certains patients\" target=\"_blank\" rel=\"noopener\">Parkinson<\/a>. Les chercheurs supposent que la pr\u00e9sence de microplastiques dans l&rsquo;organisme pourrait d\u00e9clencher une accumulation importante de <a href=\"https:\/\/www.futura-sciences.com\/sante\/definitions\/biologie-plaque-amyloide-11751\/\" target=\"_blank\" rel=\"noopener\">b\u00eata-amylo\u00efde<\/a> et de <a href=\"https:\/\/www.futura-sciences.com\/sante\/definitions\/medecine-proteine-tau-15858\/\" target=\"_blank\" rel=\"noopener\">prot\u00e9ine tau<\/a>, des facteurs incrimin\u00e9s dans l&rsquo;apparition de la <a href=\"https:\/\/www.futura-sciences.com\/sante\/definitions\/medecine-maladie-alzheimer-3606\/\" target=\"_blank\" rel=\"noopener\">maladie d&rsquo;Alzheimer<\/a>.<\/p>\n<p>Concernant <a href=\"https:\/\/www.futura-sciences.com\/sante\/definitions\/medecine-maladie-parkinson-191\/\" target=\"_blank\" rel=\"noopener\">Parkinson<\/a>, l&rsquo;\u00e9tude indique que les microplastiques pourraient augmenter le risque que la maladie se d\u00e9veloppe, en provoquant\u00a0des l\u00e9sions dans les neurones dopaminergiques. Ces hypoth\u00e8ses doivent \u00eatre creus\u00e9es pour \u00e9tablir clairement un lien de causalit\u00e9 direct. Mais face \u00e0 ces r\u00e9sultats inqui\u00e9tants, les chercheurs recommandent aux autorit\u00e9s sanitaires de prendre des mesures pour r\u00e9duire notre exposition aux microplastiques.<\/p>\n<p>\u00ab Nous devons changer nos habitudes et r\u00e9duire notre consommation de plastique. \u00c9vitons les contenants et les planches \u00e0 d\u00e9couper en <a href=\"https:\/\/www.futura-sciences.com\/planete\/questions-reponses\/eco-gestes-objets-plastique-lesquels-peut-on-remplacer-11384\/\" title=\"Objets en plastique : lesquels peut-on remplacer et par quoi ?\" target=\"_blank\" rel=\"noopener\">plastique<\/a>, n&rsquo;utilisons pas le <a href=\"https:\/\/www.futura-sciences.com\/maison\/comparatifs\/meilleur-seche-linge-comparatif\/\" title=\"Comparatif s\u00e8che-linge\" class=\"link-type-comparo\" target=\"_blank\" rel=\"noopener\">s\u00e8che-linge<\/a>, privil\u00e9gions les fibres naturelles aux fibres synth\u00e9tiques et consommons moins d&rsquo;aliments transform\u00e9s et emball\u00e9s \u00bb, a conclu\u00a0le Dr Keshav Raj Paudel, co-auteur de l&rsquo;\u00e9tude.<\/p>\n","protected":false},"excerpt":{"rendered":"Une \u00e9tude publi\u00e9e dans la revue Molecular and Cellular Biochemistry sugg\u00e8re que les microplastiques, pr\u00e9sents dans de nombreux&hellip;\n","protected":false},"author":2,"featured_media":626299,"comment_status":"","ping_status":"","sticky":false,"template":"","format":"standard","meta":{"footnotes":""},"categories":[10],"tags":[772,72202,231,12739,1011,27,72,70049,27172,4855,64179,27924,63528,2569,62163,31181,71,64177],"class_list":{"0":"post-626298","1":"post","2":"type-post","3":"status-publish","4":"format-standard","5":"has-post-thumbnail","7":"category-sante","8":"tag-alzheimer","9":"tag-cellules-immunitaires","10":"tag-cerveau","11":"tag-corps-humain","12":"tag-fr","13":"tag-france","14":"tag-health","15":"tag-maladie-d039alzheimer","16":"tag-maladie-de-parkinson","17":"tag-microplastiques","18":"tag-mitochondries","19":"tag-neurone","20":"tag-neurones","21":"tag-parkinson","22":"tag-plasticite-cerebrale","23":"tag-pollution-plastique","24":"tag-sante","25":"tag-stress-oxydatif"},"share_on_mastodon":{"url":"https:\/\/pubeurope.com\/@fr\/115794945365313812","error":""},"_links":{"self":[{"href":"https:\/\/www.europesays.com\/fr\/wp-json\/wp\/v2\/posts\/626298","targetHints":{"allow":["GET"]}}],"collection":[{"href":"https:\/\/www.europesays.com\/fr\/wp-json\/wp\/v2\/posts"}],"about":[{"href":"https:\/\/www.europesays.com\/fr\/wp-json\/wp\/v2\/types\/post"}],"author":[{"embeddable":true,"href":"https:\/\/www.europesays.com\/fr\/wp-json\/wp\/v2\/users\/2"}],"replies":[{"embeddable":true,"href":"https:\/\/www.europesays.com\/fr\/wp-json\/wp\/v2\/comments?post=626298"}],"version-history":[{"count":0,"href":"https:\/\/www.europesays.com\/fr\/wp-json\/wp\/v2\/posts\/626298\/revisions"}],"wp:featuredmedia":[{"embeddable":true,"href":"https:\/\/www.europesays.com\/fr\/wp-json\/wp\/v2\/media\/626299"}],"wp:attachment":[{"href":"https:\/\/www.europesays.com\/fr\/wp-json\/wp\/v2\/media?parent=626298"}],"wp:term":[{"taxonomy":"category","embeddable":true,"href":"https:\/\/www.europesays.com\/fr\/wp-json\/wp\/v2\/categories?post=626298"},{"taxonomy":"post_tag","embeddable":true,"href":"https:\/\/www.europesays.com\/fr\/wp-json\/wp\/v2\/tags?post=626298"}],"curies":[{"name":"wp","href":"https:\/\/api.w.org\/{rel}","templated":true}]}}