{"id":626308,"date":"2025-12-28T03:00:22","date_gmt":"2025-12-28T03:00:22","guid":{"rendered":"https:\/\/www.europesays.com\/fr\/626308\/"},"modified":"2025-12-28T03:00:22","modified_gmt":"2025-12-28T03:00:22","slug":"liran-et-gaza-au-coeur-des-negociations","status":"publish","type":"post","link":"https:\/\/www.europesays.com\/fr\/626308\/","title":{"rendered":"l\u2019Iran et Gaza au c\u0153ur des n\u00e9gociations"},"content":{"rendered":"<p>\n    Lundi 29 d\u00e9cembre, les deux dirigeants aborderont le dossier nucl\u00e9aire iranien ainsi que l\u2019avenir de la fragile tr\u00eave \u00e0 Gaza.<\/p>\n<p class=\"fig-paragraph\">Le premier ministre isra\u00e9lien\u00a0<a href=\"https:\/\/www.lefigaro.fr\/tag\/benyamin-netanyahou\" target=\"_blank\" rel=\"sponsored noopener\" data-gtm-custom-categorie=\"navigation\" data-gtm-custom-action=\"crossclick\" data-gtm-custom-label=\"Contextuel\" data-gtm-event=\"customEventSPE\">Benyamin Netanyahou<\/a>\u00a0est attendu lundi aux \u00c9tats-Unis o\u00f9 il sera re\u00e7u par son grand alli\u00e9\u00a0<a href=\"https:\/\/www.lefigaro.fr\/tag\/donald-trump\" target=\"_blank\" rel=\"sponsored noopener\" data-gtm-custom-categorie=\"navigation\" data-gtm-custom-action=\"crossclick\" data-gtm-custom-label=\"Contextuel\" data-gtm-event=\"customEventSPE\">Donald Trump<\/a>, une visite qui portera sur plusieurs dossiers majeurs, du nucl\u00e9aire iranien \u00e0 l&rsquo;avenir de la fragile\u00a0<a href=\"http:\/\/www.lefigaro.fr\/international\/gaza-une-reunion-ce-vendredi-en-floride-donald-trump-prevoit-de-recevoir-prochainement-benyamin-netanyahou-20251219\" data-fig-type=\"NewsFlash\" data-gtm-custom-categorie=\"navigation\" data-gtm-custom-action=\"crossclick\" data-gtm-custom-label=\"Contextuel\" data-gtm-event=\"customEventSPE\" data-fig-domain=\"LEFIGARO\" target=\"_blank\" rel=\"noopener\">tr\u00eave \u00e0 Gaza<\/a>.<\/p>\n<p class=\"fig-paragraph\">Il s&rsquo;agira de la cinqui\u00e8me rencontre entre les deux hommes aux \u00c9tats-Unis depuis la prise de fonctions de Donald Trump \u00e0 la Maison-Blanche, il y a pr\u00e8s d&rsquo;un an. Elle intervient alors que Washington et des m\u00e9diateurs r\u00e9gionaux souhaitent acc\u00e9l\u00e9rer la cadence pour lancer la\u00a0<a href=\"http:\/\/www.lefigaro.fr\/international\/treve-a-gaza-la-deuxieme-phase-ne-commencera-pas-tant-qu-israel-poursuit-ses-violations-20251209\" data-fig-type=\"NewsFlash\" data-gtm-custom-categorie=\"navigation\" data-gtm-custom-action=\"crossclick\" data-gtm-custom-label=\"Contextuel\" data-gtm-event=\"customEventSPE\" data-fig-domain=\"LEFIGARO\" target=\"_blank\" rel=\"noopener\">deuxi\u00e8me phase<\/a>\u00a0du cessez-le-feu, en vigueur depuis octobre entre Isra\u00ebl et le Hamas palestinien dans la bande de Gaza.<\/p>\n<p>                                            <a class=\"fig-a11y-skip\" href=\"#fig-a11y-skip-main-inarticle\" data-module=\"a11y-skip\" data-context=\"was @visible\"><br \/>\n    Passer la publicit\u00e9<br \/>\n<\/a>            <\/p>\n<p class=\"fig-paragraph\">Interrog\u00e9 samedi par l&rsquo;AFP, un responsable isra\u00e9lien a indiqu\u00e9 sous couvert d&rsquo;anonymat que le Premier ministre s&rsquo;envolerait dimanche pour les \u00c9tats-Unis, o\u00f9 il rencontrera lundi le pr\u00e9sident am\u00e9ricain. Benyamin Netanyahou va \u00abprobablement venir me voir en Floride\u00bb, avait d\u00e9clar\u00e9 courant d\u00e9cembre Donald Trump, en r\u00e9f\u00e9rence \u00e0 son luxueux domaine de Mar-a-Lago. \u00abIl souhaite me voir\u00bb.<\/p>\n<p class=\"fig-paragraph\">\u00c0 l&rsquo;ordre du jour, selon le quotidien isra\u00e9lien<a href=\"https:\/\/www.ynetnews.com\/category\/3083\" target=\"_blank\" rel=\"sponsored noopener\" data-gtm-custom-categorie=\"navigation\" data-gtm-custom-action=\"crossclick\" data-gtm-custom-label=\"Contextuel\" data-gtm-event=\"customEventSPE\">\u00a0Yedioth Ahronoth<\/a>: le programme nucl\u00e9aire de l&rsquo;<a href=\"http:\/\/www.lefigaro.fr\/international\/l-iran-soutient-que-son-programme-balistique-developpe-pour-se-defendre-n-est-pas-negociable-20251222\" data-fig-type=\"NewsFlash\" data-gtm-custom-categorie=\"navigation\" data-gtm-custom-action=\"crossclick\" data-gtm-custom-label=\"Contextuel\" data-gtm-event=\"customEventSPE\" data-fig-domain=\"LEFIGARO\" target=\"_blank\" rel=\"noopener\">Iran<\/a>, ennemi jur\u00e9 d&rsquo;Isra\u00ebl, mais aussi la Syrie, le Hezbollah libanais, et surtout l&rsquo;instauration de la deuxi\u00e8me phase du cessez-le-feu \u00e0 Gaza. Cette \u00e9tape pr\u00e9voit le d\u00e9sarmement du Hamas, un retrait progressif de l&rsquo;arm\u00e9e isra\u00e9lienne de Gaza, la mise en place d&rsquo;une autorit\u00e9 de transition et le d\u00e9ploiement d&rsquo;une force internationale de stabilisation.<\/p>\n<p class=\"fig-paragraph\">Le moment de la rencontre est \u00abextr\u00eamement significatif\u00bb, estime Gershon Baskin, militant pacifiste isra\u00e9lien et m\u00e9diateur informel impliqu\u00e9 depuis plus de dix ans dans la lib\u00e9ration d&rsquo;otages. \u00abIl faut que d\u00e9bute la deuxi\u00e8me phase. Il y a m\u00eame du retard, je pense que les Am\u00e9ricains en sont conscients, parce que le\u00a0<a href=\"https:\/\/www.lefigaro.fr\/tag\/hamas\" target=\"_blank\" rel=\"sponsored noopener\" data-gtm-custom-categorie=\"navigation\" data-gtm-custom-action=\"crossclick\" data-gtm-custom-label=\"Contextuel\" data-gtm-event=\"customEventSPE\">Hamas\u00a0<\/a> a eu trop de temps pour r\u00e9tablir sa pr\u00e9sence\u00bb, ajoute-t-il. \u00abLes Am\u00e9ricains ne veulent certainement pas que cette situation perdure\u00bb.<\/p>\n<p>                                            \u00abImpasse\u00bb \u00e0 Gaza<\/p>\n<p class=\"fig-paragraph\">Pr\u00e9vue par un plan de paix supervis\u00e9 par le pr\u00e9sident Trump, la tr\u00eave a mis fin en octobre \u00e0 deux ann\u00e9es de\u00a0<a href=\"http:\/\/www.lefigaro.fr\/international\/plus-de-70-000-morts-dans-la-bande-de-gaza-selon-le-ministere-de-la-sante-20251129\" data-fig-type=\"NewsFlash\" data-gtm-custom-categorie=\"navigation\" data-gtm-custom-action=\"crossclick\" data-gtm-custom-label=\"Contextuel\" data-gtm-event=\"customEventSPE\" data-fig-domain=\"LEFIGARO\" target=\"_blank\" rel=\"noopener\">guerre d\u00e9vastatrice \u00e0 Gaza<\/a>, d\u00e9clench\u00e9e par l&rsquo;attaque sans pr\u00e9c\u00e9dent du Hamas le 7 octobre 2023. Pour l&rsquo;heure, le passage \u00e0 la deuxi\u00e8me phase pi\u00e9tine. Isra\u00ebl et le Hamas s&rsquo;accusent mutuellement de violations. Avant d&rsquo;entamer les tractations sur la deuxi\u00e8me phase, Isra\u00ebl r\u00e9clame la restitution du corps d&rsquo;un\u00a0<a href=\"http:\/\/www.lefigaro.fr\/international\/ran-doit-rentrer-ran-gvili-dernier-otage-du-7-octobre-au-coeur-du-blocage-des-negociations-a-gaza-20251214\" data-fig-type=\"Article\" data-gtm-custom-categorie=\"navigation\" data-gtm-custom-action=\"crossclick\" data-gtm-custom-label=\"Contextuel\" data-gtm-event=\"customEventSPE\" data-fig-domain=\"LEFIGARO\" target=\"_blank\" rel=\"noopener\">dernier otage<\/a>\u00a0retenu \u00e0 Gaza. Le Hamas assure ne pas avoir r\u00e9ussi \u00e0 le localiser jusqu&rsquo;\u00e0 pr\u00e9sent.<\/p>\n<p class=\"fig-paragraph\">D&rsquo;apr\u00e8s le m\u00e9dia am\u00e9ricain\u00a0<a href=\"https:\/\/www.axios.com\/\" target=\"_blank\" rel=\"sponsored noopener\" data-gtm-custom-categorie=\"navigation\" data-gtm-custom-action=\"crossclick\" data-gtm-custom-label=\"Contextuel\" data-gtm-event=\"customEventSPE\">Axios<\/a>, citant des responsables de la Maison-Blanche, Washington veut annoncer le plus rapidement possible un gouvernement palestinien de technocrates comme autorit\u00e9 de transition pour Gaza. Le site d&rsquo;information souligne que de hauts responsables am\u00e9ricains sont \u00abde plus en plus frustr\u00e9s par les mesures de Benyamin Netanyahou qui sapent le fragile cessez-le-feu et le processus de paix\u00bb.<\/p>\n<p>                                            <a class=\"fig-a11y-skip\" href=\"#fig-a11y-skip-main-inarticle_mtf\" data-module=\"a11y-skip\" data-context=\"was @visible\"><br \/>\n    Passer la publicit\u00e9<br \/>\n<\/a>            <\/p>\n<p class=\"fig-paragraph\">L&rsquo;analyste Yossi Mekelberg note \u00abde plus en plus de signaux illustrant la frustration de l&rsquo;administration am\u00e9ricaine vis-\u00e0-vis de Netanyahou\u00bb. \u00abLa question est de savoir ce qu&rsquo;elle va faire \u00e0 ce sujet\u00bb, ajoute ce sp\u00e9cialiste du Moyen-Orient au cercle de r\u00e9flexion Chatham House de Londres. \u00abParce que pour l&rsquo;instant, la phase deux est dans l&rsquo;impasse\u00bb.<\/p>\n<p>                                            Focus sur l&rsquo;Iran<\/p>\n<p class=\"fig-paragraph\">Quant au premier ministre isra\u00e9lien, il\u00a0<a href=\"http:\/\/www.lefigaro.fr\/international\/israel-prevoit-d-informer-donald-trump-de-la-possibilite-de-nouvelles-frappes-contre-l-iran-selon-nbc-20251220\" data-fig-type=\"NewsFlash\" data-gtm-custom-categorie=\"navigation\" data-gtm-custom-action=\"crossclick\" data-gtm-custom-label=\"Contextuel\" data-gtm-event=\"customEventSPE\" data-fig-domain=\"LEFIGARO\" target=\"_blank\" rel=\"noopener\">se focalise sur l&rsquo;Iran<\/a>, redoutant une reconstruction de son programme nucl\u00e9aire et de ses capacit\u00e9s militaires en termes de missiles balistiques, selon des experts. \u00abTout ce qu&rsquo;on voit dans les m\u00e9dias isra\u00e9liens ces deux derni\u00e8res semaines, concernant l&rsquo;Iran qui renforce ses missiles, qui est une menace pour Isra\u00ebl, tout cela fait partie d&rsquo;une strat\u00e9gie pour d\u00e9tourner l&rsquo;attention de Gaza au profit du sujet que Netanyahou adore \u00e9voquer: l&rsquo;Iran\u00bb, r\u00e9sume Gershon Baskin.<\/p>\n<p class=\"fig-paragraph\"><a href=\"http:\/\/www.lefigaro.fr\/international\/pour-benyamin-netanyahou-la-guerre-avec-l-iran-s-acheve-en-demi-teinte-20250625\" data-fig-type=\"Article\" data-gtm-custom-categorie=\"navigation\" data-gtm-custom-action=\"crossclick\" data-gtm-custom-label=\"Contextuel\" data-gtm-event=\"customEventSPE\" data-fig-domain=\"LEFIGARO\" target=\"_blank\" rel=\"noopener\">En juin<\/a>, les deux ennemis s&rsquo;\u00e9taient livr\u00e9s une guerre de 12 jours, d\u00e9clench\u00e9e par des frappes isra\u00e9liennes visant notamment des sites nucl\u00e9aires iraniens. Les \u00c9tats-Unis \u00e9taient intervenus, avec des frappes similaires. L&rsquo;Iran avait r\u00e9pliqu\u00e9 avec des attaques de drones et de missiles.<\/p>\n<p class=\"fig-paragraph\">\u00c0 l&rsquo;approche des l\u00e9gislatives de l&rsquo;automne 2026, la rencontre avec Donald Trump sera l&rsquo;occasion pour le dirigeant isra\u00e9lien de concentrer les regards sur l&rsquo;Iran, et ainsi de d\u00e9tourner l&rsquo;attention \u00abdes difficult\u00e9s qui l&rsquo;attendent \u00e0 domicile\u00bb, en p\u00e9riode \u00e9lectorale, estime Yossi Mekelberg. Benyamin Netanyahou d\u00e9tient le record de long\u00e9vit\u00e9 \u00e0 la t\u00eate d&rsquo;Isra\u00ebl et dirige actuellement l&rsquo;un des gouvernements les plus \u00e0 droite de l&rsquo;histoire du pays. Avec lui, \u00abtout est li\u00e9 \u00e0 son maintien au pouvoir\u00bb, conclut l&rsquo;analyste.<\/p>\n","protected":false},"excerpt":{"rendered":"Lundi 29 d\u00e9cembre, les deux dirigeants aborderont le dossier nucl\u00e9aire iranien ainsi que l\u2019avenir de la fragile tr\u00eave&hellip;\n","protected":false},"author":2,"featured_media":626309,"comment_status":"","ping_status":"","sticky":false,"template":"","format":"standard","meta":{"footnotes":""},"categories":[5],"tags":[11,75,1011,27,665,14,3019,12,28],"class_list":{"0":"post-626308","1":"post","2":"type-post","3":"status-publish","4":"format-standard","5":"has-post-thumbnail","7":"category-international","8":"tag-actualites","9":"tag-donald-trump","10":"tag-fr","11":"tag-france","12":"tag-gaza","13":"tag-international","14":"tag-iran","15":"tag-news","16":"tag-world"},"share_on_mastodon":{"url":"https:\/\/pubeurope.com\/@fr\/115794963600999531","error":""},"_links":{"self":[{"href":"https:\/\/www.europesays.com\/fr\/wp-json\/wp\/v2\/posts\/626308","targetHints":{"allow":["GET"]}}],"collection":[{"href":"https:\/\/www.europesays.com\/fr\/wp-json\/wp\/v2\/posts"}],"about":[{"href":"https:\/\/www.europesays.com\/fr\/wp-json\/wp\/v2\/types\/post"}],"author":[{"embeddable":true,"href":"https:\/\/www.europesays.com\/fr\/wp-json\/wp\/v2\/users\/2"}],"replies":[{"embeddable":true,"href":"https:\/\/www.europesays.com\/fr\/wp-json\/wp\/v2\/comments?post=626308"}],"version-history":[{"count":0,"href":"https:\/\/www.europesays.com\/fr\/wp-json\/wp\/v2\/posts\/626308\/revisions"}],"wp:featuredmedia":[{"embeddable":true,"href":"https:\/\/www.europesays.com\/fr\/wp-json\/wp\/v2\/media\/626309"}],"wp:attachment":[{"href":"https:\/\/www.europesays.com\/fr\/wp-json\/wp\/v2\/media?parent=626308"}],"wp:term":[{"taxonomy":"category","embeddable":true,"href":"https:\/\/www.europesays.com\/fr\/wp-json\/wp\/v2\/categories?post=626308"},{"taxonomy":"post_tag","embeddable":true,"href":"https:\/\/www.europesays.com\/fr\/wp-json\/wp\/v2\/tags?post=626308"}],"curies":[{"name":"wp","href":"https:\/\/api.w.org\/{rel}","templated":true}]}}