{"id":626320,"date":"2025-12-28T03:16:38","date_gmt":"2025-12-28T03:16:38","guid":{"rendered":"https:\/\/www.europesays.com\/fr\/626320\/"},"modified":"2025-12-28T03:16:38","modified_gmt":"2025-12-28T03:16:38","slug":"derriere-le-mirage-financier-la-hausse-dimpots-qui-se-profile","status":"publish","type":"post","link":"https:\/\/www.europesays.com\/fr\/626320\/","title":{"rendered":"DERRI\u00c8RE LE MIRAGE FINANCIER, LA HAUSSE D&rsquo;IMP\u00d4TS QUI SE PROFILE"},"content":{"rendered":"<p>Posted On 27 d\u00e9cembre 2025 <\/p>\n<p style=\"text-align: justify;\" data-path-to-node=\"4\">C\u2019est le dernier conte de f\u00e9es que Christophe Ferrari (Place Publique), le pr\u00e9sident de la m\u00e9tropole, tente de vendre aux habitants en cette fin d&rsquo;ann\u00e9e 2025. Dans un communiqu\u00e9 dithyrambique, la M\u00e9tropole se f\u00e9licite d&rsquo;avoir d\u00e9croch\u00e9 la note \u00ab\u00a0A+\u00a0\u00bb de l\u2019agence S&amp;P Global Ratings.<\/p>\n<p>LE MIRAGE D&rsquo;UNE GESTION \u00ab\u00a0RIGOUREUSE\u00a0\u00bb<\/p>\n<p style=\"text-align: justify;\" data-path-to-node=\"4\">\u00c0 les entendre, et \u00e0 lire <a target=\"_blank\" href=\"https:\/\/www.placegrenet.fr\/2025\/12\/24\/grenoble-alpes-metropole-obtient-la-note-financiere-a-de-sp-global-ratings\/667935\" rel=\"noopener\">le m\u00e9dia Place Gre&rsquo;net<\/a> qui a repris l&rsquo;information, ce serait le brevet d&rsquo;une gestion \u00ab\u00a0rigoureuse\u00a0\u00bb et \u00ab\u00a0prudente\u00a0\u00bb. On sait que c&rsquo;est No\u00ebl, mais la r\u00e9alit\u00e9 est moins scintillante. Car la note de l&rsquo;agence se veut plus le reflet d&rsquo;une architecture financi\u00e8re o\u00f9 l&rsquo;on maquille les probl\u00e8mes sous des ratios technocratiques et o\u00f9 l&rsquo;on profite d&rsquo;effets d&rsquo;aubaine ext\u00e9rieurs, plut\u00f4t que la distinction d&rsquo;une bonne gestion de la part des \u00e9lus.\u00a0<\/p>\n<p><a href=\"https:\/\/grenoble-le-changement.fr\/wp-content\/uploads\/2025\/12\/sp-agence-note-rapport.png\" rel=\"lightbox[86878] noopener\" target=\"_blank\"><img loading=\"lazy\" decoding=\"async\" class=\" wp-image-86895 jetpack-lazy-image\" src=\"https:\/\/grenoble-le-changement.fr\/wp-content\/uploads\/2025\/12\/sp-agence-note-rapport-300x87.png\" alt=\"\" width=\"648\" height=\"188\" data-lazy-src=\"https:\/\/www.europesays.com\/fr\/wp-content\/uploads\/2025\/12\/sp-agence-note-rapport-300x87.png\" \/><\/a>\u00ab\u00a0Perspective stable\u00a0\u00bb pour Grenoble Alpes M\u00e9tropole : le titre de l&rsquo;analyse de S&amp;P est bien moins grandiloquente que la r\u00e9cup\u00e9ration qu&rsquo;en fait la m\u00e9tropole<br \/>\nLES CRIT\u00c8RES DE NOTATION D\u00c9PASSENT LA M\u00c9TROPOLE\u00a0<\/p>\n<p style=\"text-align: justify;\" data-path-to-node=\"6\">L&rsquo;imposture tient au fait que <a target=\"_blank\" href=\"https:\/\/www.spglobal.com\/ratings\/en\/regulatory\/article\/-\/view\/type\/HTML\/id\/3484188\" rel=\"noopener\">les crit\u00e8res aboutissant \u00e0 la note finale d\u00e9passent tr\u00e8s largement le seul cadre de la m\u00e9tropole<\/a>. Ainsi S&amp;P prend largement en compte le cadre institutionnel dans lequel \u00e9volue la collectivit\u00e9 : en la mati\u00e8re, en France, nous tirons notre \u00e9pingle du jeu gr\u00e2ce \u00e0 une relative pr\u00e9visibilit\u00e9 des recettes fiscales, des dotations de l&rsquo;Etat, et gr\u00e2ce \u00e0 l&rsquo;obligation d&rsquo;\u00e9quilibre de la section de fonctionnement des collectivit\u00e9s locales. Rien qui ne rel\u00e8ve strictement de la m\u00e9tropole donc.<\/p>\n<p>LES \u00c9LUS ACTUELS NE SONT POUR RIEN DANS LA R\u00c9USSITE \u00c9CONOMIQUE &#8230;<\/p>\n<p style=\"text-align: justify;\" data-path-to-node=\"6\">Idem pour le crit\u00e8re \u00e9conomique, qui p\u00e8se pour beaucoup dans la note finale puisqu&rsquo;il valorise notre \u00e9cosyst\u00e8me de pointe, port\u00e9 par le triptyque universit\u00e9-recherche-industrie qui tire Grenoble vers le haut&#8230; mais ne doit rien \u00e0 la m\u00e9tro. Au contraire, les \u00e9lus de la majorit\u00e9 actuelle, emmen\u00e9s notamment par les Verts\/LFI d&rsquo;Eric Piolle, <a href=\"https:\/\/grenoble-le-changement.fr\/2025\/12\/05\/grenoble-capitale-de-linnovation-malgre-le-lobby-oppose-des-verts\/\" target=\"_blank\" rel=\"noopener\">ont multipli\u00e9 les critiques de cet \u00e9cosyst\u00e8me et les liens troubles avec des groupuscules d&rsquo;activistes radicaux<\/a> qui tentent de le mettre par terre.<\/p>\n<p>&#8230; MAIS ILS S&rsquo;EN GARGARISENT<\/p>\n<p style=\"text-align: justify;\" data-path-to-node=\"6\">On se retrouve donc avec une majorit\u00e9 m\u00e9tropolitaine qui se gargarise d&rsquo;une bonne note &#8230; alors qu&rsquo;en son sein elle compte des \u00e9lus qui font tout pour saper l&rsquo;environnement \u00e9conomique qui nous permet de l&rsquo;obtenir. Et c&rsquo;est lorsque l&rsquo;on se penche sur ce qui rel\u00e8ve de la gestion directe de ces m\u00eames \u00e9lus que le b\u00e2t commence justement \u00e0 blesser. Car en la mati\u00e8re, S&amp;P rel\u00e8ve des faiblesses alarmantes de la m\u00e9tropole.<\/p>\n<p>LA DETTE PASSERA DE 180% DES RECETTES \u00c0 201%<\/p>\n<p style=\"text-align: justify;\" data-path-to-node=\"6\">Ainsi si l&rsquo;agence exprime une confiance en la r\u00e9silience de la collectivit\u00e9 (parce qu&rsquo;elle \u00e9vite les emprunts toxiques, parce qu&rsquo;elle a une programmation pluriannuelle pour voir venir les investissements..), elle rel\u00e8ve que le cycle d&rsquo;investissement pr\u00e9vu pour 2026-2030 p\u00e8sera grandement sur les \u00e9quilibres financiers. La dette repr\u00e9sentera ainsi 213% des recettes de fonctionnement d&rsquo;ici 2027, contre 180% en 2024 !<\/p>\n<p><a href=\"https:\/\/grenoble-le-changement.fr\/wp-content\/uploads\/2025\/12\/trajectoire-metropole-finances-.png\" rel=\"lightbox[86878] noopener\" target=\"_blank\"><img loading=\"lazy\" decoding=\"async\" class=\" wp-image-86889 jetpack-lazy-image\" src=\"https:\/\/grenoble-le-changement.fr\/wp-content\/uploads\/2025\/12\/trajectoire-metropole-finances--300x177.png\" alt=\"\" width=\"653\" height=\"385\" data-lazy-src=\"https:\/\/grenoble-le-changement.fr\/wp-content\/uploads\/2025\/12\/trajectoire-metropole-finances--300x177.png?is-pending-load=1\" \/><\/a>La trajectoire de la m\u00e9tropole : envol\u00e9e des d\u00e9penses de fonctionnement et de la dette&#8230;<br \/>\nPLUS D&rsquo;UN MILLIARD DE DETTE PR\u00c9VUE EN 2027, LES D\u00c9PENSES QUI EXPLOSENT<\/p>\n<p style=\"text-align: justify;\" data-path-to-node=\"6\"><a href=\"https:\/\/grenoble-le-changement.fr\/2025\/04\/02\/finances-la-metropole-aussi-au-bord-du-gouffre\/\" target=\"_blank\" rel=\"noopener\">Ce crit\u00e8re, le \u00ab\u00a0fardeau de la dette\u00a0\u00bb,<\/a> est assez logiquement le plus mal not\u00e9 par S&amp;P : 5, soit le plus mauvais score possible (compens\u00e9 par les crit\u00e8res pr\u00e9c\u00e9demment \u00e9voqu\u00e9s..). Rien d&rsquo;\u00e9tonnant \u00e0 ce bonnet d&rsquo;\u00e2ne : l&rsquo;encours de dette explose. 800 millions en 2022, 900 millions en 2025, plus d&rsquo;un milliard pr\u00e9vus pour 2027. On retrouve la m\u00eame envol\u00e9e pour les d\u00e9penses de fonctionnement, qui auront explos\u00e9 de +80 millions d&rsquo;euros en cinq ans pouss\u00e9s notamment par une augmentation de la masse salariale ann\u00e9e apr\u00e8s ann\u00e9e.<\/p>\n<p>LA POLITIQUE DE LA FUITE EN AVANT&#8230;<\/p>\n<p style=\"text-align: justify;\" data-path-to-node=\"6\">C&rsquo;est une v\u00e9ritable politique de fuite en avant. <a href=\"https:\/\/grenoble-le-changement.fr\/2024\/02\/10\/budget-et-impots-nouvelle-explosion-a-la-metro\/\" target=\"_blank\" rel=\"noopener\">Christophe Ferrari fait exactement comme Piolle<\/a> \u00e0 Grenoble : incapacit\u00e9 \u00e0 contenir la gradation des d\u00e9penses de fonctionnement, recours massif \u00e0 l&rsquo;endettement, annonces de grands projets co\u00fbteux dont le financement est pr\u00e9vu pour apr\u00e8s les \u00e9lections, et charge \u00e0 leurs successeurs de se d\u00e9brouiller pour les financer. L&rsquo;effet ciseaux qui r\u00e9sulte de ce sch\u00e9ma nous emm\u00e8ne droit dans le mur.<\/p>\n<p><a href=\"https:\/\/grenoble-le-changement.fr\/wp-content\/uploads\/2025\/10\/trajectoire-financire-ville-2024.jpg\" rel=\"lightbox[86878] noopener\" target=\"_blank\"><img loading=\"lazy\" decoding=\"async\" class=\" wp-image-85344 jetpack-lazy-image\" src=\"https:\/\/grenoble-le-changement.fr\/wp-content\/uploads\/2025\/10\/trajectoire-financire-ville-2024-300x150.jpg\" alt=\"\" width=\"576\" height=\"288\" data-lazy-src=\"https:\/\/www.europesays.com\/fr\/wp-content\/uploads\/2025\/11\/trajectoire-financire-ville-2024-300x150.jpg\" \/><\/a>&#8230; une trajectoire qui rejoint celle de la ville de Grenoble<br \/>\n&#8230; QUI M\u00c8NE DROIT \u00c0 DE NOUVELLES HAUSSES D&rsquo;IMP\u00d4TS<\/p>\n<p style=\"text-align: justify;\" data-path-to-node=\"6\">\u00c0 Grenoble, Piolle a en plus \u00e9t\u00e9 contraint d&rsquo;augmenter la taxe fonci\u00e8re \u00e0 un niveau record pour faire face. \u00c0 la M\u00e9tropole, Ferrari a d\u00e9j\u00e0 augment\u00e9 la cotisation fonci\u00e8re des entreprises et la taxe d&rsquo;enl\u00e8vement des ordures m\u00e9nag\u00e8res. <a href=\"https:\/\/grenoble-le-changement.fr\/2025\/04\/15\/81295\/\" target=\"_blank\" rel=\"noopener\">Et leur trajectoire ne laisse que deux possibilit\u00e9s<\/a> aux \u00e9lus qui leur succ\u00e9deront apr\u00e8s les \u00e9lections de mars prochain. Soit faire la m\u00eame chose, c&rsquo;est \u00e0 dire \u00e0 nouveau augmenter les imp\u00f4ts, comme l&rsquo;assume d\u00e9j\u00e0 \u00e0 demi-mots le camp de Ruffin et des Verts par la voix de leurs alli\u00e9s socialistes.<\/p>\n<p style=\"text-align: justify;\" data-path-to-node=\"6\">Soit r\u00e9aliser des \u00e9conomies massives en ayant le courage de fusionner les services villes-m\u00e9tropole, <a href=\"https:\/\/grenoble-le-changement.fr\/2025\/10\/10\/crise-financiere-les-propositions-alain-carignon-pour-eviter-la-hausse-dimpots\/\" target=\"_blank\" rel=\"noopener\">comme le propose Alain Carignon<\/a> puisque c&rsquo;est le seul levier permettant de v\u00e9ritablement retrouver des marges de manoeuvres.<\/p>\n<p>UNE NOTE TECHNIQUE LOIN DES CONS\u00c9QUENCES SUR LA VIE QUOTIDIENNE<\/p>\n<p style=\"text-align: justify;\" data-path-to-node=\"6\">Il faut bien comprendre que la note de S&amp;P ne repose que sur des ratios techniques. Elle analyse la capacit\u00e9 de la collectivit\u00e9 \u00e0 continuer \u00e0 assumer ses cr\u00e9dits et \u00e0 fonctionner eu \u00e9gard aux leviers dont elle dispose. Elle ne vient pas prendre en compte d&rsquo;autres consid\u00e9rations, elle ne vient pas juger si une hausse d&rsquo;imp\u00f4ts est bonne ou mauvaise, si l&rsquo;argent de la collectivit\u00e9 est employ\u00e9 \u00e0 bon escient, pour les besoins des habitants.<\/p>\n<p><a href=\"https:\/\/grenoble-le-changement.fr\/wp-content\/uploads\/2025\/12\/siege-metro-travaux-nuit.jpg\" rel=\"lightbox[86878] noopener\" target=\"_blank\"><img loading=\"lazy\" decoding=\"async\" class=\" wp-image-86892 jetpack-lazy-image\" src=\"https:\/\/grenoble-le-changement.fr\/wp-content\/uploads\/2025\/12\/siege-metro-travaux-nuit-213x300.jpg\" alt=\"\" width=\"447\" height=\"630\" data-lazy-src=\"https:\/\/grenoble-le-changement.fr\/wp-content\/uploads\/2025\/12\/siege-metro-travaux-nuit-213x300.jpg?is-pending-load=1\" \/><\/a>Les travaux du pharaonique si\u00e8ge de la m\u00e9tropole, lubie dont les co\u00fbts ont explos\u00e9, dont le financement p\u00e8sera sur les g\u00e9n\u00e9rations futures au d\u00e9triment d&rsquo;autres investissements plus prioritaires<\/p>\n<p style=\"text-align: justify;\" data-path-to-node=\"6\">Elle ne se demande pas si c&rsquo;est probl\u00e9matique <a href=\"https:\/\/grenoble-le-changement.fr\/2024\/09\/30\/il-ny-a-plus-dargent-pour-reparer-les-voiries-et-les-trottoirs\/\" target=\"_blank\" rel=\"noopener\">qu&rsquo;il reste 0 euro pour entretenir la voirie en 2026,<\/a> s&rsquo;il \u00e9tait avis\u00e9 d&rsquo;avoir comme projet d&rsquo;investissement du mandat un si\u00e8ge administratif pass\u00e9 de 46 \u00e0 130 millions d&rsquo;euros, au m\u00e9pris des urgences en mati\u00e8re de s\u00e9curit\u00e9, de cadre de vie, de social&#8230; Elle ne sait pas si il est sain de faire reposer son financement sur le dos des \u00e9lus des prochains mandat, tout comme le financement d&rsquo;Athanor, du renouvellement des rames de tram non anticip\u00e9&#8230;\u00a0<\/p>\n<p>LE TRIO QUI VEUT FAIRE PAYER L&rsquo;ADDITION AUX GRENOBLOIS<\/p>\n<p style=\"text-align: justify;\" data-path-to-node=\"22\">Ce bilan, c&rsquo;est aujourd&rsquo;hui celui d&rsquo;un triumvirat : Piolle \u00e0 la Ville, Ferrari \u00e0 la M\u00e9tro, et <a href=\"https:\/\/grenoble-le-changement.fr\/2025\/12\/18\/finances-la-liste-ruffin-poursuivrait-dans-laugmentation-dimpots\/\" target=\"_blank\" rel=\"noopener\">Laurence Ruffin en h\u00e9riti\u00e8re d\u00e9sign\u00e9e pour prolonger le cauchemar<\/a>. Cette derni\u00e8re tente de se pr\u00e9senter comme la candidate du \u00ab\u00a0renouveau\u00a0\u00bb en gommant Piolle, mais elle est la continuatrice d&rsquo;un syst\u00e8me qui vide les caisses sans am\u00e9liorer la vie des habitants. Changer de t\u00eate de liste ne changera pas le logiciel : le m\u00eame dogmatisme, la m\u00eame brutalit\u00e9, la m\u00eame incurie financi\u00e8re resteront au menu.<\/p>\n<p style=\"text-align: justify;\" data-path-to-node=\"22\">Et s&rsquo;ils font le choix de celle-ci, les Grenoblois payeront l&rsquo;addition. Litt\u00e9ralement. Est-ce que la note de S&amp;P sera suffisante pour les consoler ?<\/p>\n<p><a href=\"https:\/\/grenoble-le-changement.fr\/wp-content\/uploads\/2025\/12\/piolle-ruffin-ferrari-pere-noel-GLC.gif\" rel=\"lightbox[86878] noopener\" target=\"_blank\"><img loading=\"lazy\" decoding=\"async\" class=\" wp-image-86898 jetpack-lazy-image\" src=\"https:\/\/grenoble-le-changement.fr\/wp-content\/uploads\/2025\/12\/piolle-ruffin-ferrari-pere-noel-GLC-207x300.gif\" alt=\"\" width=\"475\" height=\"688\" data-lazy-src=\"https:\/\/www.europesays.com\/fr\/wp-content\/uploads\/2025\/12\/piolle-ruffin-ferrari-pere-noel-GLC-207x300.gif\" \/><\/a>Source Herv\u00e9 de Greuhnoble<\/p>\n","protected":false},"excerpt":{"rendered":"Posted On 27 d\u00e9cembre 2025 C\u2019est le dernier conte de f\u00e9es que Christophe Ferrari (Place Publique), le pr\u00e9sident&hellip;\n","protected":false},"author":2,"featured_media":626321,"comment_status":"","ping_status":"","sticky":false,"template":"","format":"standard","meta":{"footnotes":""},"categories":[9566],"tags":[1111,11,9601,2430,9604,9607,1777,674,1011,27,2731,10136,12,25],"class_list":{"0":"post-626320","1":"post","2":"type-post","3":"status-publish","4":"format-standard","5":"has-post-thumbnail","7":"category-grenoble","8":"tag-actu","9":"tag-actualites","10":"tag-alain-carignon","11":"tag-auvergne-rhone-alpes","12":"tag-christophe-ferrari","13":"tag-eric-piolle","14":"tag-eu","15":"tag-europe","16":"tag-fr","17":"tag-france","18":"tag-grenoble","19":"tag-laurence-ruffin","20":"tag-news","21":"tag-republique-francaise"},"share_on_mastodon":{"url":"https:\/\/pubeurope.com\/@fr\/115795027911108168","error":""},"_links":{"self":[{"href":"https:\/\/www.europesays.com\/fr\/wp-json\/wp\/v2\/posts\/626320","targetHints":{"allow":["GET"]}}],"collection":[{"href":"https:\/\/www.europesays.com\/fr\/wp-json\/wp\/v2\/posts"}],"about":[{"href":"https:\/\/www.europesays.com\/fr\/wp-json\/wp\/v2\/types\/post"}],"author":[{"embeddable":true,"href":"https:\/\/www.europesays.com\/fr\/wp-json\/wp\/v2\/users\/2"}],"replies":[{"embeddable":true,"href":"https:\/\/www.europesays.com\/fr\/wp-json\/wp\/v2\/comments?post=626320"}],"version-history":[{"count":0,"href":"https:\/\/www.europesays.com\/fr\/wp-json\/wp\/v2\/posts\/626320\/revisions"}],"wp:featuredmedia":[{"embeddable":true,"href":"https:\/\/www.europesays.com\/fr\/wp-json\/wp\/v2\/media\/626321"}],"wp:attachment":[{"href":"https:\/\/www.europesays.com\/fr\/wp-json\/wp\/v2\/media?parent=626320"}],"wp:term":[{"taxonomy":"category","embeddable":true,"href":"https:\/\/www.europesays.com\/fr\/wp-json\/wp\/v2\/categories?post=626320"},{"taxonomy":"post_tag","embeddable":true,"href":"https:\/\/www.europesays.com\/fr\/wp-json\/wp\/v2\/tags?post=626320"}],"curies":[{"name":"wp","href":"https:\/\/api.w.org\/{rel}","templated":true}]}}