{"id":626324,"date":"2025-12-28T03:20:41","date_gmt":"2025-12-28T03:20:41","guid":{"rendered":"https:\/\/www.europesays.com\/fr\/626324\/"},"modified":"2025-12-28T03:20:41","modified_gmt":"2025-12-28T03:20:41","slug":"jeu-de-piste-degustation-de-bieres-a-strasbourg-jeux-date-horaires-tarifs","status":"publish","type":"post","link":"https:\/\/www.europesays.com\/fr\/626324\/","title":{"rendered":"Jeu de piste &#038; d\u00e9gustation de bi\u00e8res \u00e0 Strasbourg, Jeux : date, horaires, tarifs"},"content":{"rendered":"<p class=\"fw-bold font-size-16 my-1\"> 6 Place de l&rsquo;H\u00f4pital | <a href=\"https:\/\/www.jds.fr\/strasbourg\/\" target=\"_blank\" rel=\"noopener\">Strasbourg<\/a><\/p>\n<p class=\"fw-bold font-size-16 my-1\"> Jeu de piste, Prix \/ personne : 30\u00a0\u20ac <\/p>\n<ul class=\"list-unstyled d-flex flex-wrap mt-2\">\n<li class=\"me-2 mb-2\">aventure<\/li>\n<li class=\"me-2 mb-2\">festif<\/li>\n<li class=\"me-2 mb-2\">sensoriel<\/li>\n<li class=\"me-2 mb-2\">adultes<\/li>\n<li class=\"me-2 mb-2\">amis<\/li>\n<li class=\"me-2 mb-2\">groupes<\/li>\n<li class=\"me-2 mb-2\">plein air<\/li>\n<li class=\"me-2 mb-2\">int\u00e9rieur<\/li>\n<li class=\"me-2 mb-2\">centre-ville<\/li>\n<li class=\"me-2 mb-2\">2h-3h<\/li>\n<li class=\"me-2 mb-2\">gastronomie<\/li>\n<\/ul>\n<p><a class=\"btn btn-lg shadow-lg btn-primary rounded-pill fnac_link\" data-fnac=\"haut\" href=\"https:\/\/lb.affilae.com\/r\/?p=5f7dd9b02760126e01e487b3&amp;af=628&amp;lp=https%3A%2F%2Fwww.funbooker.com%2Ffr%2Fannonce%2Fjeu-de-piste-degustation-de-bieres-a-strasbourg%2Fvoir%3Futm_source%3Daffilae%26utm_medium%3Djds\" target=\"_blank\" rel=\"nofollow noopener\"> Acheter des billets<\/a><\/p>\n<p>Participez \u00e0 une balade o\u00f9 se m\u00ealent \u00e9nigmes et d\u00e9gustations \u00e0 l\u2019aveugle. Nous vous proposons de d\u00e9couvrir Strasbourg tout en vous initiant \u00e0 la d\u00e9gustation de bi\u00e8res.<\/p>\n<p><a data-lightbox=\"article\" data-title=\"Jeu de piste &amp; d\u00e9gustation de bi\u00e8res \u00e0 Strasbourg DR\" class=\"image detail fullwidth  position-relative d-block\" href=\"https:\/\/www.jds.fr\/medias\/image\/jeu-de-piste-et-degustation-de-bieres-a-strasbourg-803917-920-0-F.webp\" title=\"Jeu de piste &amp; d\u00e9gustation de bi\u00e8res \u00e0 Strasbourg DR\" target=\"_blank\" rel=\"noopener\"><br \/>\n<img decoding=\"async\" loading=\"lazy\" src=\"https:\/\/www.europesays.com\/fr\/wp-content\/uploads\/2025\/12\/jeu-de-piste-et-degustation-de-bieres-a-strasbourg-803917-1200-0.webp.webp\"   width=\"685\" alt=\"Jeu de piste &amp; d\u00e9gustation de bi\u00e8res \u00e0 Strasbourg\" class=\"border\"\/><br \/>\nDR<br \/>\nJeu de piste &amp; d\u00e9gustation de bi\u00e8res \u00e0 Strasbourg<br \/>\n<\/a><\/p>\n<p><strong>Le concept<\/strong><\/p>\n<ul>\n<li>Dur\u00e9e\u00a0: 3 h<\/li>\n<li>3 objectifs<\/li>\n<li>Avec un animateur<\/li>\n<li>7 personnes maximum par \u00e9quipe<\/li>\n<li>\u00c0 partir de 18 ans<\/li>\n<li>Jusqu\u2019\u00e0 20 personnes<\/li>\n<\/ul>\n<p><strong>Vos buts lors de cette excursion<\/strong><\/p>\n<ul>\n<li>Un d\u00e9fi d\u2019orientation\u00a0: \u00e0 vous de trouver votre chemin ainsi que les diff\u00e9rents bars dans lesquels faire halte.<\/li>\n<li>Un questionnaire de d\u00e9gustation portant sur chaque bi\u00e8re go\u00fbt\u00e9e \u00e0 l\u2019aveugle en galopin.<\/li>\n<li>De nombreuses \u00e9nigmes \u00e0 r\u00e9soudre.<\/li>\n<\/ul>\n<p><strong>Comment \u00e7a se passe\u00a0?<\/strong><\/p>\n<p>Explication des r\u00e8gles du jeu, puis vous partez \u00e0 l\u2019assaut des rues de Strasbourg pour relever vos d\u00e9fis.<\/p>\n<p>Au cours de cette aventure, plusieurs challenges vous attendent. Un suivi \u00e0 distance est assur\u00e9 par l\u2019animateur, qui vous attend \u00e0 votre arriv\u00e9e pour corriger vos r\u00e9ponses.<\/p>\n<p>Un cadeau est remis \u00e0 l\u2019\u00e9quipe gagnante \u00e0 l\u2019issue du jeu de piste.<\/p>\n<p>Une mani\u00e8re originale de d\u00e9couvrir Strasbourg tout en savourant de bonnes bi\u00e8res.<\/p>\n<p>            Renseignements<\/p>\n<p><strong class=\"font-size-18\">O\u00f9\u00a0:<\/strong><br \/> 6 Place de l&rsquo;H\u00f4pital<a class=\"mt-1 d-block ps-4\" href=\"https:\/\/www.jds.fr\/strasbourg\/\" target=\"_blank\" rel=\"noopener\"> 67000 Strasbourg<\/a><\/p>\n<p>Tarifs et billetterie\u00a0: <\/p>\n<p>Jeu de piste, Prix \/ personne : 30\u00a0\u20ac<\/p>\n<p>Les actualit\u00e9s \u00e0 Strasbourg<\/p>\n<ul class=\"mt-3 list-unstyled list-articles-v2\" id=\"liste-dates-6950a1fe4388c\">\n<li class=\"col-12 pt-4\" data-view-id-type=\"1\" data-view-id=\"1303452\" data-view-bc=\"0\"><a class=\"image\" href=\"https:\/\/www.jds.fr\/strasbourg\/magazine\/sorties-du-week-end\/strasbourg-notre-selection-de-sorties-du-week-end-du-26-au-28-decembre-1303452_A\" target=\"_blank\" rel=\"noopener\"><img decoding=\"async\" loading=\"lazy\" src=\"https:\/\/www.europesays.com\/fr\/wp-content\/uploads\/2025\/12\/nl-2023-808463-180-180.webp.webp\" width=\"180\" height=\"180\" alt=\"Strasbourg : notre s\u00e9lection de sorties du week-end du 26 au 28 d\u00e9cembre\" class=\"border\"\/><\/a><\/li>\n<li class=\"col-12 pt-4\" data-view-id-type=\"1\" data-view-id=\"1289835\" data-view-bc=\"0\"><a class=\"image\" href=\"https:\/\/www.jds.fr\/strasbourg\/magazine\/actu-magazine\/cahier-d-activites-en-alsacien-pour-enfants-le-feriespass-de-l-olca-1289835_A\" target=\"_blank\" rel=\"noopener\"><img decoding=\"async\" loading=\"lazy\" src=\"https:\/\/www.europesays.com\/fr\/wp-content\/uploads\/2025\/12\/cahier-d-activites-en-alsacien-pour-enfants-le-fer-796676-180-180.webp.webp\" width=\"180\" height=\"180\" alt=\"Cahier d'activit\u00e9s en alsacien pour enfants : le Feriesp\u00e0ss de l'OLCA\" class=\"border\"\/><\/a><\/li>\n<li class=\"col-12 pt-4\" data-view-id-type=\"1\" data-view-id=\"1283751\" data-view-bc=\"0\"><a class=\"image\" href=\"https:\/\/www.jds.fr\/strasbourg\/magazine\/actu-magazine\/noel-solidaire-a-strasbourg-l-armee-du-salut-relance-ses-marmites-de-noel-1283751_A\" target=\"_blank\" rel=\"noopener\"><img decoding=\"async\" loading=\"lazy\" src=\"https:\/\/www.europesays.com\/fr\/wp-content\/uploads\/2025\/12\/marmites-de-noel-de-l-armee-du-salut-a-strasbourg-793634-180-180.webp.webp\" width=\"180\" height=\"180\" alt=\"No\u00ebl solidaire \u00e0 Strasbourg : l\u2019Arm\u00e9e du Salut relance ses Marmites de No\u00ebl\" class=\"border\"\/><\/a><\/li>\n<\/ul>\n<p><a href=\"https:\/\/www.jds.fr\/strasbourg\/magazine\/\" class=\"btn btn-outline-primary py-2 px-4\" target=\"_blank\" rel=\"noopener\">Voir toutes les actualit\u00e9s \u00e0 Strasbourg<\/a><\/p>\n<p class=\"mt-0 mb-3 h2\">Newsletter JDS Strasbourg<\/p>\n<p class=\"font-size-18 fw-normal lh-sm\">Pr\u00eat pour un week-end de folie\u00a0? Chaque jeudi tous les bons plans sorties<\/p>\n","protected":false},"excerpt":{"rendered":"6 Place de l&rsquo;H\u00f4pital | Strasbourg Jeu de piste, Prix \/ personne : 30\u00a0\u20ac aventure festif sensoriel adultes&hellip;\n","protected":false},"author":2,"featured_media":626325,"comment_status":"","ping_status":"","sticky":false,"template":"","format":"standard","meta":{"footnotes":""},"categories":[2820],"tags":[1111,11,1777,674,1011,27,775,12,25,640],"class_list":{"0":"post-626324","1":"post","2":"type-post","3":"status-publish","4":"format-standard","5":"has-post-thumbnail","7":"category-strasbourg","8":"tag-actu","9":"tag-actualites","10":"tag-eu","11":"tag-europe","12":"tag-fr","13":"tag-france","14":"tag-grand-est","15":"tag-news","16":"tag-republique-francaise","17":"tag-strasbourg"},"share_on_mastodon":{"url":"https:\/\/pubeurope.com\/@fr\/115795043426322420","error":""},"_links":{"self":[{"href":"https:\/\/www.europesays.com\/fr\/wp-json\/wp\/v2\/posts\/626324","targetHints":{"allow":["GET"]}}],"collection":[{"href":"https:\/\/www.europesays.com\/fr\/wp-json\/wp\/v2\/posts"}],"about":[{"href":"https:\/\/www.europesays.com\/fr\/wp-json\/wp\/v2\/types\/post"}],"author":[{"embeddable":true,"href":"https:\/\/www.europesays.com\/fr\/wp-json\/wp\/v2\/users\/2"}],"replies":[{"embeddable":true,"href":"https:\/\/www.europesays.com\/fr\/wp-json\/wp\/v2\/comments?post=626324"}],"version-history":[{"count":0,"href":"https:\/\/www.europesays.com\/fr\/wp-json\/wp\/v2\/posts\/626324\/revisions"}],"wp:featuredmedia":[{"embeddable":true,"href":"https:\/\/www.europesays.com\/fr\/wp-json\/wp\/v2\/media\/626325"}],"wp:attachment":[{"href":"https:\/\/www.europesays.com\/fr\/wp-json\/wp\/v2\/media?parent=626324"}],"wp:term":[{"taxonomy":"category","embeddable":true,"href":"https:\/\/www.europesays.com\/fr\/wp-json\/wp\/v2\/categories?post=626324"},{"taxonomy":"post_tag","embeddable":true,"href":"https:\/\/www.europesays.com\/fr\/wp-json\/wp\/v2\/tags?post=626324"}],"curies":[{"name":"wp","href":"https:\/\/api.w.org\/{rel}","templated":true}]}}