{"id":626326,"date":"2025-12-28T03:22:20","date_gmt":"2025-12-28T03:22:20","guid":{"rendered":"https:\/\/www.europesays.com\/fr\/626326\/"},"modified":"2025-12-28T03:22:20","modified_gmt":"2025-12-28T03:22:20","slug":"fin-de-la-commemoration-le-bundschuh-eut-500-ans-en-2025-strasbourg-date-horaires-programme-tarifs","status":"publish","type":"post","link":"https:\/\/www.europesays.com\/fr\/626326\/","title":{"rendered":"Fin de la Comm\u00e9moration : le Bundschuh eut 500 ans en 2025 ! Strasbourg : date, horaires, programme, tarifs"},"content":{"rendered":"<p><strong>Fin de la Comm\u00e9moration\u00a0: le Bundschuh eut 500 ans en 2025\u00a0!<\/strong><\/p>\n<p><strong>Samedi 27 d\u00e9cembre 2025 de 15h \u00e0 17h Place d\u2019Austerlitz Strasbourg. \u00a0 \u00a0 \u00a0<\/strong><\/p>\n<p>\u00a0Des Alsaciens &amp; Lorrains se recueilleront publiquement en invitant les urbains \u00e0 faire renaitre l\u2019esprit Bundschuh pour \u00eatre libre &amp; en paix.<\/p>\n<p>Comm\u00e9moration des 500 ans de la guerre des Rustauds. Les gens du commun (gueux d\u2019hier &amp; actuels), sont toujours aussi m\u00e9contents\u00a0!<\/p>\n<p>Livres en consultations. Exposition dessins contemporains, afin de comm\u00e9moration des 500 ans de la guerre des Rustauds. Promotion de la culture d\u2019Alsace &amp; Lorraine, de nos a\u00efeux qui lutt\u00e8rent pour \u00eatre souverains. Hier comme aujourd\u2019hui, les Gueux veulent vivre et non survivre. Venez entendre nos arguments qui explicitent cet espoir\u00a0!<\/p>\n<p>L\u2019expo montrera les causes &amp; cons\u00e9quences pour les Gueux qui subissent pr\u00e9carit\u00e9\/ins\u00e9curit\u00e9\/humiliation en d\u00e9funte France. Le mondialisme tue l\u2019occident, les autochtones qui refusent le tr\u00e9pas revendiquent l\u00e9gitiment d\u2019\u00eatre souverains afin de mieux vivre. Nos pr\u00e9d\u00e9cesseurs Gueux, Alsaciens &amp; Lorrains \u00e9chou\u00e8rent \u00e0 \u00eatre souverains, la lutte contre toutes les formes de servages, d\u2019hier et de celles d\u2019aujourd\u2019hui, n\u2019est pas \u00e9teinte.<\/p>\n<p>N\u2019oublions pas qui repose \u00e0 Lupstein (et ailleurs) victime du m\u00e9pris et de la haine de classe. N\u2019oublions pas qui refusa d\u2019agir pour permettre l\u2019\u00e9mancipation du peuple. N\u2019oublions pas que l\u2019id\u00e9ologie, qui entrava nos a\u00efeux, r\u00e8gne toujours en ma\u00eetre (servit par une cohorte d\u2019idiots utiles) dans les Palais Strasbourgeois.<\/p>\n<p>Le peuple veut la version moderne de la Charte des XXII (et+) articles. L&rsquo;historique lutte d&rsquo;\u00e9mancipation de nos a\u00efeux s\u2019incarna dans la volont\u00e9 d&rsquo;instituer le R\u00e9f\u00e9rendum d\u2019Initiative Citoyenne voulu par les Gilets-Jaunes. Sans cet outil Constitutionnel qu\u2019est le RIC, le peuple ne sera jamais souverain.<\/p>\n<p>Nos pr\u00e9d\u00e9cesseurs eurent raisons et nous avons le devoir de ne pas oublier tout en exigeant une vie d\u00e9cente pour tous. 1525 &amp; 2025, m\u00eame combat\u00a0!<\/p>\n<p>Compl\u00e9ment\u00a0: Un appel \u00e0 agir via comm\u00e9moration Rustaud. Faire bon usage de l\u2019h\u00e9ritage culturel de la lutte de nos pr\u00e9d\u00e9cesseurs tout en leur rendant honneur. Ne pas oublier qui ils furent et pourquoi ils lutt\u00e8rent. Ils avaient l\u2019ambition d\u2019\u00eatre souverains, nous avons repris le flambeau en 2018 et nous continuons le combat.<\/p>\n<p>500 ans (et +) que les Gueux veulent abolir l\u2019in\u00e9galitaire soci\u00e9t\u00e9 qui entrave toujours les droits des autochtones. La Charte des XXII (et +) articles fut transcend\u00e9e en une seule et moderne revendication qu\u2019est le RIC. \u0152uvrons \u00e0 l\u2019instauration du RIC, outil Constitutionnel, indispensable pour \u00eatre en Paix.<\/p>\n<p>Un \u00e9v\u00e8nement officiel et urbain en compl\u00e9ment du p\u00e8lerinage la\u00efc (au moment opportun) pour honorer nos illustres a\u00efeux. Camarades, paysans ou simple Gueux du quotidien, nous vous invitons \u00e0 Strasbourg pour comm\u00e9morer ceux qui lutt\u00e8rent pour \u00eatre souverains.<\/p>\n<p>*1\u00a0: Cet \u00e9v\u00e8nement sera en cohabitation \u00e0 chaque rassemblement de 3R durant 2025. 3R association (loi 1908) qui promeut la sauvegarde de l\u2019autochtone via obtention d\u2019une r\u00e9elle D\u00e9mocratie (RIC), afin de pouvoir vivre en Paix (via refus, mondialisme &amp; imp\u00e9rialisme), pour que chacun b\u00e9n\u00e9ficie du Progr\u00e8s (acc\u00e8s pour tous aux aspects positifs des N.B.I.C).<\/p>\n<p>\u00a0resisterreconquerirregir@gmail.com \u00a0 \u00a0 \u00a0 \u00a0https:\/\/rrr.netlib.re \u00a0 \u00a0 \u00a0 \u00a0 \u00a0 \u00a0 0695580262 \u00a0 \u00a0 \u00a0 \u00a0 \u00a0 \u00a0 \u00a0 \u00a0 \u00a0 \u00a0 \u00a0 \u00a0 \u00a0 \u00a0 \u00a0 \u00a0 \u00a0 \u00a0 \u00a0 \u00a0 \u00a0 \u00a0 \u00a0 \u00a0 \u00a0 \u00a0 \u00a0 \u00a0 \u00a0\u00a0<\/p>\n","protected":false},"excerpt":{"rendered":"Fin de la Comm\u00e9moration\u00a0: le Bundschuh eut 500 ans en 2025\u00a0! Samedi 27 d\u00e9cembre 2025 de 15h \u00e0&hellip;\n","protected":false},"author":2,"featured_media":626327,"comment_status":"","ping_status":"","sticky":false,"template":"","format":"standard","meta":{"footnotes":""},"categories":[2820],"tags":[1111,11,1777,674,1011,27,775,12,25,640],"class_list":{"0":"post-626326","1":"post","2":"type-post","3":"status-publish","4":"format-standard","5":"has-post-thumbnail","7":"category-strasbourg","8":"tag-actu","9":"tag-actualites","10":"tag-eu","11":"tag-europe","12":"tag-fr","13":"tag-france","14":"tag-grand-est","15":"tag-news","16":"tag-republique-francaise","17":"tag-strasbourg"},"share_on_mastodon":{"url":"https:\/\/pubeurope.com\/@fr\/115795050080001406","error":""},"_links":{"self":[{"href":"https:\/\/www.europesays.com\/fr\/wp-json\/wp\/v2\/posts\/626326","targetHints":{"allow":["GET"]}}],"collection":[{"href":"https:\/\/www.europesays.com\/fr\/wp-json\/wp\/v2\/posts"}],"about":[{"href":"https:\/\/www.europesays.com\/fr\/wp-json\/wp\/v2\/types\/post"}],"author":[{"embeddable":true,"href":"https:\/\/www.europesays.com\/fr\/wp-json\/wp\/v2\/users\/2"}],"replies":[{"embeddable":true,"href":"https:\/\/www.europesays.com\/fr\/wp-json\/wp\/v2\/comments?post=626326"}],"version-history":[{"count":0,"href":"https:\/\/www.europesays.com\/fr\/wp-json\/wp\/v2\/posts\/626326\/revisions"}],"wp:featuredmedia":[{"embeddable":true,"href":"https:\/\/www.europesays.com\/fr\/wp-json\/wp\/v2\/media\/626327"}],"wp:attachment":[{"href":"https:\/\/www.europesays.com\/fr\/wp-json\/wp\/v2\/media?parent=626326"}],"wp:term":[{"taxonomy":"category","embeddable":true,"href":"https:\/\/www.europesays.com\/fr\/wp-json\/wp\/v2\/categories?post=626326"},{"taxonomy":"post_tag","embeddable":true,"href":"https:\/\/www.europesays.com\/fr\/wp-json\/wp\/v2\/tags?post=626326"}],"curies":[{"name":"wp","href":"https:\/\/api.w.org\/{rel}","templated":true}]}}