{"id":626330,"date":"2025-12-28T03:25:49","date_gmt":"2025-12-28T03:25:49","guid":{"rendered":"https:\/\/www.europesays.com\/fr\/626330\/"},"modified":"2025-12-28T03:25:49","modified_gmt":"2025-12-28T03:25:49","slug":"un-sdf-retrouve-mort-dans-la-rue-cette-nuit","status":"publish","type":"post","link":"https:\/\/www.europesays.com\/fr\/626330\/","title":{"rendered":"un SDF retrouv\u00e9 mort dans la rue cette nuit"},"content":{"rendered":"<p>                    Par<br \/>\n        <strong><br \/>\n            <a href=\"https:\/\/actu.fr\/auteur\/redaction-nantes\" title=\"Consulter tous les articles de R\u00e9daction Nantes\" target=\"_blank\" rel=\"noopener\">R\u00e9daction Nantes<\/a><br \/>\n                    <\/strong><\/p>\n<p>        Publi\u00e9 le<\/p>\n<p>            26 d\u00e9c. 2025 \u00e0 16h02        <\/p>\n<p>Quatre jours avant No\u00ebl, le corps d\u2019un <a href=\"https:\/\/actu.fr\/pays-de-la-loire\/nantes_44109\/nantes-un-homme-sans-domicile-fixe-retrouve-mort-dans-la-rue_63608501.html\" target=\"_blank\" rel=\"noopener\">homme sans domicile fixe avait \u00e9t\u00e9 retrouv\u00e9 inerte dans la rue<\/a>, au niveau du boulevard Gabriel Auriol. Une <b>nouvelle personne sans abri a \u00e9t\u00e9 retrouv\u00e9e d\u00e9c\u00e9d\u00e9e dans la rue \u00e0 Nantes<\/b>, dans la nuit du 25 au 26 d\u00e9cembre 2025.\u00a0<\/p>\n<p>Un homme de 30 ans est d\u00e9c\u00e9d\u00e9\u00a0<\/p>\n<p class=\" wall-content\">Selon <a href=\"https:\/\/www.ouest-france.fr\/societe\/faits-divers\/un-jeune-sans-abri-retrouve-mort-le-soir-de-noel-le-deuxieme-deces-dans-la-rue-en-moins-dune-semaine-a-nantes-9f9f786e-e246-11f0-a9bd-152366d1babb\" target=\"_blank\" rel=\"noopener\">Ouest-France<\/a>, le corps sans vie d\u2019un jeune SDF, <b>\u00e2g\u00e9 de 30 ans<\/b>, a \u00e9t\u00e9 retrouv\u00e9 \u00e0 l\u2019entr\u00e9e des toilettes publiques, all\u00e9e de la Maison Rouge \u00e0 Nantes, \u00e0 proximit\u00e9 du CHU.\u00a0<\/p>\n<p class=\" wall-content\">D\u2019apr\u00e8s nos confr\u00e8res, une \u00ab\u00a0enqu\u00eate-d\u00e9c\u00e8s\u00a0\u00bb a \u00e9t\u00e9 ouverte par le service local de la police judiciaire.\u00a0<\/p>\n<p class=\" wall-content\">Pour rappel, la pr\u00e9fecture de Loire-Atlantique a annonc\u00e9 le renforcement des places d\u2019h\u00e9bergement <b>pour les sans-abris avec l\u2019ouverture d\u2019un lieu temporaire \u00e0 Nantes<\/b>.\u00a0<\/p>\n<p>Le 115 est le num\u00e9ro qui permet aux personnes sans abri de solliciter une place d\u2019h\u00e9bergement d\u2019urgence.\u00a0<\/p>\n<p class=\" wall-content\">Personnalisez votre actualit\u00e9 en ajoutant vos villes et m\u00e9dias en favori avec <a href=\"https:\/\/moncompte.actu.fr\" title=\"D\u00e9couvez Mon Actu\" rel=\"nofollow noopener\" data-trk=\"{&quot;cta&quot;:{&quot;action&quot;:&quot;https:\\\/\\\/moncompte.actu.fr&quot;,&quot;category&quot;:&quot;mon compte&quot;,&quot;from&quot;:&quot;article footer&quot;,&quot;name&quot;:&quot;Mon actu&quot;,&quot;type&quot;:&quot;cta&quot;}}\" target=\"_blank\">Mon Actu<\/a>.<\/p>\n","protected":false},"excerpt":{"rendered":"Par R\u00e9daction Nantes Publi\u00e9 le 26 d\u00e9c. 2025 \u00e0 16h02 Quatre jours avant No\u00ebl, le corps d\u2019un homme&hellip;\n","protected":false},"author":2,"featured_media":626331,"comment_status":"","ping_status":"","sticky":false,"template":"","format":"standard","meta":{"footnotes":""},"categories":[2818],"tags":[1111,11,1777,674,118,1011,27,3447,766,12,2636,25],"class_list":{"0":"post-626330","1":"post","2":"type-post","3":"status-publish","4":"format-standard","5":"has-post-thumbnail","7":"category-nantes","8":"tag-actu","9":"tag-actualites","10":"tag-eu","11":"tag-europe","12":"tag-faits-divers","13":"tag-fr","14":"tag-france","15":"tag-froid","16":"tag-nantes","17":"tag-news","18":"tag-pays-de-la-loire","19":"tag-republique-francaise"},"share_on_mastodon":{"url":"https:\/\/pubeurope.com\/@fr\/115795065760224281","error":""},"_links":{"self":[{"href":"https:\/\/www.europesays.com\/fr\/wp-json\/wp\/v2\/posts\/626330","targetHints":{"allow":["GET"]}}],"collection":[{"href":"https:\/\/www.europesays.com\/fr\/wp-json\/wp\/v2\/posts"}],"about":[{"href":"https:\/\/www.europesays.com\/fr\/wp-json\/wp\/v2\/types\/post"}],"author":[{"embeddable":true,"href":"https:\/\/www.europesays.com\/fr\/wp-json\/wp\/v2\/users\/2"}],"replies":[{"embeddable":true,"href":"https:\/\/www.europesays.com\/fr\/wp-json\/wp\/v2\/comments?post=626330"}],"version-history":[{"count":0,"href":"https:\/\/www.europesays.com\/fr\/wp-json\/wp\/v2\/posts\/626330\/revisions"}],"wp:featuredmedia":[{"embeddable":true,"href":"https:\/\/www.europesays.com\/fr\/wp-json\/wp\/v2\/media\/626331"}],"wp:attachment":[{"href":"https:\/\/www.europesays.com\/fr\/wp-json\/wp\/v2\/media?parent=626330"}],"wp:term":[{"taxonomy":"category","embeddable":true,"href":"https:\/\/www.europesays.com\/fr\/wp-json\/wp\/v2\/categories?post=626330"},{"taxonomy":"post_tag","embeddable":true,"href":"https:\/\/www.europesays.com\/fr\/wp-json\/wp\/v2\/tags?post=626330"}],"curies":[{"name":"wp","href":"https:\/\/api.w.org\/{rel}","templated":true}]}}