{"id":626344,"date":"2025-12-28T03:36:14","date_gmt":"2025-12-28T03:36:14","guid":{"rendered":"https:\/\/www.europesays.com\/fr\/626344\/"},"modified":"2025-12-28T03:36:14","modified_gmt":"2025-12-28T03:36:14","slug":"feminicide-a-noel-le-compagnon-de-la-victime-mis-en-examen-pour-meurtre-par-conjoint-a-lille","status":"publish","type":"post","link":"https:\/\/www.europesays.com\/fr\/626344\/","title":{"rendered":"F\u00e9minicide \u00e0 No\u00ebl\u00a0: le compagnon de la victime mis en examen pour meurtre par conjoint \u00e0 Lille"},"content":{"rendered":"<p>Le compagnon de la femme de 34 ans, retrouv\u00e9e morte \u00e0 Lille le jour de No\u00ebl a \u00e9t\u00e9 mis en examen pour meurtre par conjoint, ce samedi, annonce le parquet de Lille. Il ne reconna\u00eet pas les faits pour le moment.<\/p>\n<p>Le compagnon de la femme de 34 ans, retrouv\u00e9e morte \u00e0 Lille le jour de No\u00ebl a \u00e9t\u00e9 mis en examen pour meurtre par conjoint, ce samedi, annonce le parquet de Lille.\u00a0Plac\u00e9 en d\u00e9tention provisoire, <strong>il ne reconnait pas les faits pour le moment<\/strong>.\u00a0<a class=\"IciLink ici-link IciArticleLink g-ici-body-regular-1 underline brand svelte-1chfe2s\" href=\"https:\/\/www.francebleu.fr\/infos\/faits-divers-justice\/soupconne-de-feminicide-un-homme-place-en-garde-a-vue-apres-la-mort-de-sa-compagne-a-lille-1729305\" target=\"_blank\" rel=\"noopener\">Un deuxi\u00e8me homme et ami du suspect a \u00e9galement \u00e9t\u00e9 mis en examen<\/a>.<\/p>\n<p>Le corps de la victime avait \u00e9t\u00e9 retrouv\u00e9 chez son conjoint, couvert <strong>d&rsquo;h\u00e9matomes<\/strong>, avec <strong>plusieurs dents cass\u00e9es<\/strong> par les secours. Ils avaient constat\u00e9 des <strong>traces de sang dans l&rsquo;appartement<\/strong>, des meubles cass\u00e9s, signes de sc\u00e8nes de violences.\u00a0Le suspect pr\u00e9sentait des marques de griffures au moment de son interpellation.<\/p>\n<p>Il assure avoir retrouv\u00e9 la victime morte \u00e0 son r\u00e9veil apr\u00e8s une soir\u00e9e alcoolis\u00e9e qui aurait d\u00e9g\u00e9n\u00e9r\u00e9e et pendant laquelle <strong>une troisi\u00e8me personne \u00e9tait pr\u00e9sente<\/strong>.\u00a0Un homme, de 47 ans et \u00ab\u00a0ami du compagnon\u00a0\u00bb, h\u00e9berg\u00e9 par celui-ci, selon\u00a0le procureur de la R\u00e9publique adjoint de Lille, Antoine Berthelot. Il a <strong>aussi \u00e9t\u00e9 mis en examen<\/strong> pour non-assistance \u00e0 personne en danger et plac\u00e9 sous contr\u00f4le judiciaire, toujours selon le parquet de Lille.<\/p>\n","protected":false},"excerpt":{"rendered":"Le compagnon de la femme de 34 ans, retrouv\u00e9e morte \u00e0 Lille le jour de No\u00ebl a \u00e9t\u00e9&hellip;\n","protected":false},"author":2,"featured_media":626345,"comment_status":"","ping_status":"","sticky":false,"template":"","format":"standard","meta":{"footnotes":""},"categories":[2815],"tags":[1111,11,1777,674,1011,27,811,1307,12,25],"class_list":{"0":"post-626344","1":"post","2":"type-post","3":"status-publish","4":"format-standard","5":"has-post-thumbnail","7":"category-lille","8":"tag-actu","9":"tag-actualites","10":"tag-eu","11":"tag-europe","12":"tag-fr","13":"tag-france","14":"tag-hauts-de-france","15":"tag-lille","16":"tag-news","17":"tag-republique-francaise"},"share_on_mastodon":{"url":"https:\/\/pubeurope.com\/@fr\/115795105110749912","error":""},"_links":{"self":[{"href":"https:\/\/www.europesays.com\/fr\/wp-json\/wp\/v2\/posts\/626344","targetHints":{"allow":["GET"]}}],"collection":[{"href":"https:\/\/www.europesays.com\/fr\/wp-json\/wp\/v2\/posts"}],"about":[{"href":"https:\/\/www.europesays.com\/fr\/wp-json\/wp\/v2\/types\/post"}],"author":[{"embeddable":true,"href":"https:\/\/www.europesays.com\/fr\/wp-json\/wp\/v2\/users\/2"}],"replies":[{"embeddable":true,"href":"https:\/\/www.europesays.com\/fr\/wp-json\/wp\/v2\/comments?post=626344"}],"version-history":[{"count":0,"href":"https:\/\/www.europesays.com\/fr\/wp-json\/wp\/v2\/posts\/626344\/revisions"}],"wp:featuredmedia":[{"embeddable":true,"href":"https:\/\/www.europesays.com\/fr\/wp-json\/wp\/v2\/media\/626345"}],"wp:attachment":[{"href":"https:\/\/www.europesays.com\/fr\/wp-json\/wp\/v2\/media?parent=626344"}],"wp:term":[{"taxonomy":"category","embeddable":true,"href":"https:\/\/www.europesays.com\/fr\/wp-json\/wp\/v2\/categories?post=626344"},{"taxonomy":"post_tag","embeddable":true,"href":"https:\/\/www.europesays.com\/fr\/wp-json\/wp\/v2\/tags?post=626344"}],"curies":[{"name":"wp","href":"https:\/\/api.w.org\/{rel}","templated":true}]}}