{"id":626346,"date":"2025-12-28T03:38:22","date_gmt":"2025-12-28T03:38:22","guid":{"rendered":"https:\/\/www.europesays.com\/fr\/626346\/"},"modified":"2025-12-28T03:38:22","modified_gmt":"2025-12-28T03:38:22","slug":"le-barbier-de-seville-selon-pierre-emmanuel-rousseau-a-lopera-de-marseille-figaro-de-noel-compte-rendu","status":"publish","type":"post","link":"https:\/\/www.europesays.com\/fr\/626346\/","title":{"rendered":"Le Barbier de S\u00e9ville selon Pierre-Emmanuel Rousseau \u00e0 l\u2019Op\u00e9ra de Marseille \u2013 Figaro de No\u00ebl \u2013 Compte rendu"},"content":{"rendered":"<p>\nPasser d\u2019une ann\u00e9e \u00e0 l\u2019autre avec le sourire aux l\u00e8vres, c\u2019est possible \u00e0 deux pas du Vieux-Port o\u00f9 l\u2019Op\u00e9ra h\u00e9berge pour les f\u00eates Le Barbier de S\u00e9ville et sa cascade de tubes rossiniens. En choisissant la production de Pierre-Emmanuel Rousseau, cr\u00e9\u00e9e en 2018 \u00e0 l\u2019ouverture de la saison de l\u2019Op\u00e9ra national du Rhin, Maurice Xiberras, le directeur de la maison lyrique phoc\u00e9enne a jou\u00e9 gagnant, les cinq repr\u00e9sentations affichant complet. Au soir de la premi\u00e8re l\u2019accueil euphorique r\u00e9serv\u00e9 aux protagonistes ne laissait planer aucun doute sur l\u2019intensit\u00e9 positive de l\u2019appr\u00e9ciation populaire de l\u2019\u0153uvre.<\/p>\n<p><strong>Une mise en sc\u00e8ne lumineusement coh\u00e9rente<\/strong><\/p>\n<p>Reconnaissons que la proposition de Pierre-Emmanuel Rousseau, qui signe mise en sc\u00e8ne, d\u00e9cors et costumes, est lumineusement coh\u00e9rente, d\u2019une modernit\u00e9 qui ne trahit en aucune fa\u00e7on le livret et son environnement. Rosine est ici recluse par son barbon de tuteur, Bartolo, entre les murs d\u2019un patio s\u00e9villan aux lourdes grilles souvent ferm\u00e9es \u00e0 cl\u00e9 sur lequel veille, depuis son alc\u00f4ve, une madone toute d\u2019or rev\u00eatue. Ici la pupille est plac\u00e9e sous la surveillance de deux laquais souvent endormis et de Berta, la servante de Bartolo. Les costumes confirment que nous sommes bien en Espagne au XVIIIe si\u00e8cle et, bien entendu, \u00e0 S\u00e9ville, puisqu\u2019une procession de la Semaine Sainte ouvre la repr\u00e9sentation.<\/p>\n<p>\u00a0<\/p>\n<p><img loading=\"lazy\" decoding=\"async\" typeof=\"foaf:Image\" src=\"https:\/\/www.europesays.com\/fr\/wp-content\/uploads\/2025\/12\/b_2_barrard_ballerini_1.jpg\" width=\"450\" height=\"300\" alt=\"\" title=\"\u00a9 Christian Dresse\"\/><\/p>\n<p>Marc Barrard (Bartolo) &amp;\u00a0Santiago Ballerini (Almaviva) \u00a9 Christian Dresse<\/p>\n<p>\n<strong>Prise de r\u00f4le r\u00e9ussie pour El\u00e9onore Pancrazi<\/strong><\/p>\n<p>La Rosine mise en sc\u00e8ne par Rousseau, si elle t\u00e9moigne toujours d\u2019une condition f\u00e9minine \u00e9cras\u00e9e par le machisme et \u00e0 la libert\u00e9 ali\u00e9n\u00e9e, m\u00e8ne aussi, ici, une r\u00e9volte f\u00e9ministe, repoussant fermement les avances de Bartolo, les tentatives d\u2019attouchements de Basilio et s\u2019affirmant en jeune femme amoureuse de Lindoro, qui n\u2019est autre que le comte Almaviva travesti, contre le gr\u00e9 de son tuteur qui veut la contrainte au mariage avec lui \u00ab par amour ou par force \u00bb\u00a0! C\u2019est dit.<br \/>Rosine, c\u2019est El\u00e9onore Pancrazi (<strong>photo<\/strong>) qui n\u2019a aucun mal \u00e0 assumer, pour la premi\u00e8re fois, ce r\u00f4le avec une belle personnalit\u00e9, entre fragilit\u00e9 post-adolescente et caract\u00e8re affirm\u00e9 de la femme presque lib\u00e9r\u00e9e. A son charme naturel au service d\u2019un jeu souvent d\u00e9licieux, la mezzo-soprano ajaccienne joint une ligne de chant assur\u00e9e et pr\u00e9cise, ronde et savoureuse, sans \u00e9clats intempestifs mais avec une ma\u00eetrise bienvenue. Son amoureux, le conte Almaviva, a les traits et la voix du t\u00e9nor Santiago Ballerini qui se glissait\u00a0lui aussi pour la premi\u00e8re fois dans son\u00a0personnage. Se relevant d\u2019une vilaine bronchite, le t\u00e9nor argentin a pris un d\u00e9part en demi-teinte avant de trouver un \u00e9quilibre vocal lui permettant d\u2019assurer avec une certaine aisance ce r\u00f4le multi-facettes et les travestissements qu\u2019il impose.<\/p>\n<p>\u00a0<\/p>\n<p><img loading=\"lazy\" decoding=\"async\" typeof=\"foaf:Image\" src=\"https:\/\/www.europesays.com\/fr\/wp-content\/uploads\/2025\/12\/b._3_barrard_cacciamani.jpg\" width=\"400\" height=\"350\" alt=\"\"\/><\/p>\n<p>Marc Barrard (Bartolo) &amp; Alessio Cacciamani (Don Basilio) \u00a9 Christian Dresse\u00a0<\/p>\n<p>\n<strong>Barbier bad boy<\/strong><\/p>\n<p>Le Figaro de Vito Priante (<strong>photo<\/strong>)\u00a0est assur\u00e9ment le grand bonhomme de la soir\u00e9e. Une sorte de barbier bad boy, sans domicile fixe mais avec de l\u2019humour et un certain g\u00e9nie qu\u2019il monnaye volontiers pour berner les uns et marier les autres. Du grand art de la com\u00e9die et une voix de baryton somptueuse, puissante et id\u00e9alement projet\u00e9e avec des nuances et une pr\u00e9cision qui en font l\u2019\u00e9l\u00e9ment central et essentiel de la com\u00e9die. Triomphe assur\u00e9\u2026 et m\u00e9rit\u00e9 pour ce Figaro de No\u00ebl\u00a0!<br \/>\u00a0<\/p>\n<p><img loading=\"lazy\" decoding=\"async\" typeof=\"foaf:Image\" src=\"https:\/\/www.europesays.com\/fr\/wp-content\/uploads\/2025\/12\/b._5_final.jpg\" width=\"500\" height=\"350\" alt=\"\" title=\"\u00a9 Christian Dresse\"\/><\/p>\n<p>Sc\u00e8ne finale \u00a9 Christian Dresse<\/p>\n<p>Dans le r\u00f4le de Bartolo qu\u2019il poss\u00e8de totalement, Marc Barrard excelle sans exc\u00e8s dans le jeu, en barbon plus ben\u00eat que s\u00e9ducteur, servi par une voix mature, sans failles et d\u2019une parfaite ma\u00eetrise. Quant au Don Basilio d\u2019Alessio Cacciamani, sa taille immense lui conf\u00e8re une pr\u00e9sence sc\u00e9nique quelque peu inqui\u00e9tante et des allures de Commandeur lorsqu\u2019il appara\u00eet au deuxi\u00e8me acte dans l\u2019entreb\u00e2illement d\u2019une fen\u00eatre. Vision renforc\u00e9e par une voix de basse assur\u00e9e dont il use avec bonheur pour donner un air de la calomnie fort appr\u00e9ci\u00e9. Andreea Soare, Berta, Gilen Goicoechea, Fiorello et Norbert Dol, l\u2019officier, compl\u00e9tant sans lacune la distribution.<\/p>\n<p>\u00a0<\/p>\n<p><img loading=\"lazy\" decoding=\"async\" typeof=\"foaf:Image\" src=\"https:\/\/www.europesays.com\/fr\/wp-content\/uploads\/2025\/12\/alessandro-cadario_c_.com_.jpg\" width=\"400\" height=\"250\" alt=\"\" title=\"\u00a9 alessandrocadario.com\"\/><\/p>\n<p>Alessandro Cadario \u00a9 alessandrocadario.com\u00a0<\/p>\n<p>\nPour servir ce bijou musical, dont on dit souvent qu\u2019il est la composition la plus aboutie de Rossini, le ch\u0153ur de l\u2019Op\u00e9ra de Marseille a travaill\u00e9 sous la direction de son chef Florent Mayet afin d\u2019affronter du mieux possible les parties virtuoses impos\u00e9es par la partition, et l\u2019orchestre maison, aux couleurs et au son parfaitement adapt\u00e9s \u00e0 la veine romantique italienne, plac\u00e9 sous la direction d\u2019Alessandro Cadario, a tenu sa partie m\u00eame s\u2019il nous a parfois sembl\u00e9 \u00eatre moins flamboyant qu\u2019\u00e0 l\u2019accoutum\u00e9e. Un simple d\u00e9tail \u00e0 en juger par la chaleur de l\u2019accueil \u00e9voqu\u00e9e plus haut\u2026<\/p>\n<p><strong>Michel Eg\u00e9a<\/strong><br \/>\u00a0<\/p>\n","protected":false},"excerpt":{"rendered":"Passer d\u2019une ann\u00e9e \u00e0 l\u2019autre avec le sourire aux l\u00e8vres, c\u2019est possible \u00e0 deux pas du Vieux-Port o\u00f9&hellip;\n","protected":false},"author":2,"featured_media":626347,"comment_status":"","ping_status":"","sticky":false,"template":"","format":"standard","meta":{"footnotes":""},"categories":[2814],"tags":[1111,11,1777,674,1011,27,884,12,882,25],"class_list":{"0":"post-626346","1":"post","2":"type-post","3":"status-publish","4":"format-standard","5":"has-post-thumbnail","7":"category-marseille","8":"tag-actu","9":"tag-actualites","10":"tag-eu","11":"tag-europe","12":"tag-fr","13":"tag-france","14":"tag-marseille","15":"tag-news","16":"tag-provence-alpes-cote-dazur","17":"tag-republique-francaise"},"share_on_mastodon":{"url":"https:\/\/pubeurope.com\/@fr\/115795115909531310","error":""},"_links":{"self":[{"href":"https:\/\/www.europesays.com\/fr\/wp-json\/wp\/v2\/posts\/626346","targetHints":{"allow":["GET"]}}],"collection":[{"href":"https:\/\/www.europesays.com\/fr\/wp-json\/wp\/v2\/posts"}],"about":[{"href":"https:\/\/www.europesays.com\/fr\/wp-json\/wp\/v2\/types\/post"}],"author":[{"embeddable":true,"href":"https:\/\/www.europesays.com\/fr\/wp-json\/wp\/v2\/users\/2"}],"replies":[{"embeddable":true,"href":"https:\/\/www.europesays.com\/fr\/wp-json\/wp\/v2\/comments?post=626346"}],"version-history":[{"count":0,"href":"https:\/\/www.europesays.com\/fr\/wp-json\/wp\/v2\/posts\/626346\/revisions"}],"wp:featuredmedia":[{"embeddable":true,"href":"https:\/\/www.europesays.com\/fr\/wp-json\/wp\/v2\/media\/626347"}],"wp:attachment":[{"href":"https:\/\/www.europesays.com\/fr\/wp-json\/wp\/v2\/media?parent=626346"}],"wp:term":[{"taxonomy":"category","embeddable":true,"href":"https:\/\/www.europesays.com\/fr\/wp-json\/wp\/v2\/categories?post=626346"},{"taxonomy":"post_tag","embeddable":true,"href":"https:\/\/www.europesays.com\/fr\/wp-json\/wp\/v2\/tags?post=626346"}],"curies":[{"name":"wp","href":"https:\/\/api.w.org\/{rel}","templated":true}]}}