{"id":626350,"date":"2025-12-28T03:40:31","date_gmt":"2025-12-28T03:40:31","guid":{"rendered":"https:\/\/www.europesays.com\/fr\/626350\/"},"modified":"2025-12-28T03:40:31","modified_gmt":"2025-12-28T03:40:31","slug":"mene-a-la-pause-castres-se-lache-et-renverse-lyon","status":"publish","type":"post","link":"https:\/\/www.europesays.com\/fr\/626350\/","title":{"rendered":"men\u00e9 \u00e0 la pause, Castres se l\u00e2che et renverse Lyon"},"content":{"rendered":"<p>\n    Les Tarnais se sont impos\u00e9s, ce samedi \u00e0 Pierre-Fabre, face aux Rhodaniens (36-22), \u00e0 l\u2019occasion de la 13e journ\u00e9e du Top 14. Mais sans le bonus offensif.<\/p>\n<p class=\"fig-paragraph\">Le CO en deux temps\u00a0! Le\u00a0<a href=\"http:\/\/www.lefigaro.fr\/sports\/rugby\/top-14\/top-14-adrea-cocagi-va-manquer-plusieurs-mois-de-competitions-avec-castres-apres-une-blessure-20251224\" data-fig-type=\"NewsFlash\" data-gtm-custom-categorie=\"navigation\" data-gtm-custom-action=\"crossclick\" data-gtm-custom-label=\"Contextuel\" data-gtm-event=\"customEventSPE\" data-fig-domain=\"LEFIGARO\" target=\"_blank\" rel=\"noopener\">Castres Olympique<\/a>, qui \u00e9tait men\u00e9 10-15 \u00e0 la pause, a renvers\u00e9 Lyon, en s\u2019imposant ce samedi 36-22, \u00e0 l\u2019occasion du\u00a0<a href=\"http:\/\/www.lefigaro.fr\/sports\/rugby\/top-14\/top-14-fetes-sous-pression-a-clermont-toulouse-enrage-pour-le-boxing-day-20251226\" data-fig-type=\"Article\" data-gtm-custom-categorie=\"navigation\" data-gtm-custom-action=\"crossclick\" data-gtm-custom-label=\"Contextuel\" data-gtm-event=\"customEventSPE\" data-fig-domain=\"LEFIGARO\" target=\"_blank\" rel=\"noopener\">Boxing Day de la 13e journ\u00e9e du Top 14<\/a>. Le LOU avait pris les devants lors du premier acte gr\u00e2ce \u00e0 un doubl\u00e9 de Wainiqolo (32e, 38e), mais les Tarnais &#8211; qui avaient marqu\u00e9 d\u2019entr\u00e9e par Botitu (17e) &#8211; ont invers\u00e9 la vapeur au retour des vestiaires, en marquant par Ramototabua (52e), Zarantonello (63e), Ambadiang (65e) et Karawalevu (76e). Mais le CO a perdu le bonus offensif dans les derniers instants quand Lyon a marqu\u00e9 par Gonzalez (79e).<\/p>\n<p class=\"fig-paragraph\">Castres r\u00e9agit apr\u00e8s sa d\u00e9faite frustrante, le week-end dernier, contre Montpellier (33-31) et grimpe provisoirement dans le top 6. Rien ne va plus pour le LOU, d\u00e9j\u00e0 balay\u00e9 par Toulouse lors de la 12e journ\u00e9e (19-41), qui conc\u00e8de une cinqui\u00e8me d\u00e9faite d\u2019affil\u00e9e (une seule victoire lors de ses neuf derniers matches). L\u2019\u00e9quipe de\u00a0<a href=\"http:\/\/www.lefigaro.fr\/sports\/rugby\/top-14\/top-14-le-lou-voit-deja-ressurgir-le-spectre-d-une-nouvelle-saison-galere-20251103\" data-fig-type=\"NewsFlash\" data-gtm-custom-categorie=\"navigation\" data-gtm-custom-action=\"crossclick\" data-gtm-custom-label=\"Contextuel\" data-gtm-event=\"customEventSPE\" data-fig-domain=\"LEFIGARO\" target=\"_blank\" rel=\"noopener\">Karim Ghezal<\/a>\u00a0est englu\u00e9e \u00e0 la 12e place, devant Montauban et Perpignan.<\/p>\n","protected":false},"excerpt":{"rendered":"Les Tarnais se sont impos\u00e9s, ce samedi \u00e0 Pierre-Fabre, face aux Rhodaniens (36-22), \u00e0 l\u2019occasion de la 13e&hellip;\n","protected":false},"author":2,"featured_media":626351,"comment_status":"","ping_status":"","sticky":false,"template":"","format":"standard","meta":{"footnotes":""},"categories":[1889],"tags":[1111,11,2430,7336,1777,674,1011,27,9216,2428,12,25],"class_list":{"0":"post-626350","1":"post","2":"type-post","3":"status-publish","4":"format-standard","5":"has-post-thumbnail","7":"category-lyon","8":"tag-actu","9":"tag-actualites","10":"tag-auvergne-rhone-alpes","11":"tag-castres-olympique","12":"tag-eu","13":"tag-europe","14":"tag-fr","15":"tag-france","16":"tag-lou","17":"tag-lyon","18":"tag-news","19":"tag-republique-francaise"},"share_on_mastodon":{"url":"","error":""},"_links":{"self":[{"href":"https:\/\/www.europesays.com\/fr\/wp-json\/wp\/v2\/posts\/626350","targetHints":{"allow":["GET"]}}],"collection":[{"href":"https:\/\/www.europesays.com\/fr\/wp-json\/wp\/v2\/posts"}],"about":[{"href":"https:\/\/www.europesays.com\/fr\/wp-json\/wp\/v2\/types\/post"}],"author":[{"embeddable":true,"href":"https:\/\/www.europesays.com\/fr\/wp-json\/wp\/v2\/users\/2"}],"replies":[{"embeddable":true,"href":"https:\/\/www.europesays.com\/fr\/wp-json\/wp\/v2\/comments?post=626350"}],"version-history":[{"count":0,"href":"https:\/\/www.europesays.com\/fr\/wp-json\/wp\/v2\/posts\/626350\/revisions"}],"wp:featuredmedia":[{"embeddable":true,"href":"https:\/\/www.europesays.com\/fr\/wp-json\/wp\/v2\/media\/626351"}],"wp:attachment":[{"href":"https:\/\/www.europesays.com\/fr\/wp-json\/wp\/v2\/media?parent=626350"}],"wp:term":[{"taxonomy":"category","embeddable":true,"href":"https:\/\/www.europesays.com\/fr\/wp-json\/wp\/v2\/categories?post=626350"},{"taxonomy":"post_tag","embeddable":true,"href":"https:\/\/www.europesays.com\/fr\/wp-json\/wp\/v2\/tags?post=626350"}],"curies":[{"name":"wp","href":"https:\/\/api.w.org\/{rel}","templated":true}]}}