{"id":626361,"date":"2025-12-28T03:48:13","date_gmt":"2025-12-28T03:48:13","guid":{"rendered":"https:\/\/www.europesays.com\/fr\/626361\/"},"modified":"2025-12-28T03:48:13","modified_gmt":"2025-12-28T03:48:13","slug":"zelensky-en-floride-pour-plaider-la-cause-de-lukraine-aupres-de-trump-actualites","status":"publish","type":"post","link":"https:\/\/www.europesays.com\/fr\/626361\/","title":{"rendered":"Zelensky en Floride pour plaider la cause de l&rsquo;Ukraine aupr\u00e8s de Trump : Actualit\u00e9s"},"content":{"rendered":"<p class=\"lead \">Volodymyr Zelensky rencontre Donald Trump dimanche en Floride pour plaider la cause de l&rsquo;Ukraine et tenter de d\u00e9crocher l&rsquo;accord du pr\u00e9sident am\u00e9ricain sur la derni\u00e8re version du plan de paix visant \u00e0 mettre fin \u00e0 pr\u00e8s de quatre ans de guerre avec la Russie.<\/p>\n<p class=\"lead \">Le chef d&rsquo;Etat ukrainien, qui arrive avec ses derni\u00e8res propositions sur la difficile question des territoires, n&rsquo;aura \u00ab\u00a0rien tant que je ne donne pas mon accord\u00a0\u00bb, avait d\u00e9clar\u00e9 le pr\u00e9sident am\u00e9ricain au site internet Politico vendredi, plantant le d\u00e9cor.<\/p>\n<p class=\"lead \">Donald Trump s&rsquo;\u00e9tait n\u00e9anmoins montr\u00e9 confiant. \u00ab\u00a0Je pense que \u00e7a se passera bien avec lui. Je pense que \u00e7a se passera bien avec (le pr\u00e9sident russe Vladimir) Poutine\u00a0\u00bb, avec lequel il pr\u00e9voit de s&rsquo;entretenir \u00ab\u00a0bient\u00f4t.\u00a0\u00bb<\/p>\n<p class=\"lead \">Son homologue ukrainien a lui esp\u00e9r\u00e9, samedi lors d&rsquo;une escale au Canada, que la rencontre soit \u00ab\u00a0tr\u00e8s constructive\u00a0\u00bb, et s&rsquo;est entretenu au pr\u00e9alable avec ses alli\u00e9s europ\u00e9ens. <\/p>\n<p class=\"lead \">Ces derniers l&rsquo;ont assur\u00e9 de leur \u00ab\u00a0plein soutien\u00a0\u00bb, selon le chancelier allemand Friedrich Merz.<\/p>\n<p class=\"lead \">Donald Trump recevra Volodymyr Zelensky \u00e0 13H00 (18H00 GMT) \u00e0 Mar-a-Lago.<\/p>\n<p class=\"lead \">Cette r\u00e9sidence priv\u00e9e de Palm Beach, o\u00f9 le r\u00e9publicain de 79 ans passe les f\u00eates, est devenue une sorte d&rsquo;annexe de la Maison Blanche. Il doit y recevoir lundi le Premier ministre isra\u00e9lien Benjamin Netanyahu.<\/p>\n<p class=\"lead \">\u00ab\u00a0Tout le monde vient\u00a0\u00bb, s&rsquo;\u00e9tait r\u00e9joui vendredi le ma\u00eetre des lieux, toujours cit\u00e9 par Politico.<\/p>\n<p class=\"lead \">&#8211; Nouvelle mouture &#8211;<\/p>\n<p class=\"lead \">La derni\u00e8re rencontre entre les dirigeants am\u00e9ricain et ukrainien en octobre, quand Volodymyr Zelensky avait demand\u00e9 en vain des missiles Tomahawks, n&rsquo;avait pas \u00e9t\u00e9 particuli\u00e8rement chaleureuse.<\/p>\n<p class=\"lead \">Le sommet en Floride suit de peu la pr\u00e9sentation par le pr\u00e9sident ukrainien d&rsquo;une nouvelle version du plan am\u00e9ricain visant \u00e0 mettre fin \u00e0 la guerre, remani\u00e9 apr\u00e8s des pourparlers avec l&rsquo;Ukraine, au grand dam de Moscou.<\/p>\n<p class=\"lead \">Apr\u00e8s une premi\u00e8re version du plan qui reprenait de nombreuses revendications russes, le Kremlin juge qu&rsquo;avec cette derni\u00e8re mouture Kiev cherche \u00e0 \u00ab\u00a0torpiller\u00a0\u00bb les pourparlers.<\/p>\n<p class=\"lead \">A la veille de cette rencontre en Floride, Moscou a envoy\u00e9 des centaines de drones et des dizaines de missiles bombarder Kiev et sa r\u00e9gion, tuant deux personnes et laissant plus d&rsquo;un million de foyers sans \u00e9lectricit\u00e9.<\/p>\n<p class=\"lead \">Une attaque qui illustre \u00ab\u00a0la r\u00e9ponse de la Russie \u00e0 nos efforts de paix\u00a0\u00bb, a estim\u00e9 samedi Volodymyr Zelensky.<\/p>\n<p class=\"lead \">Donald Trump, de temp\u00e9rament impatient, ne cache plus son agacement face \u00e0 ces n\u00e9gociations prolong\u00e9es faites de multiples r\u00e9unions et d&rsquo;aller-retours de documents.<\/p>\n<p class=\"lead \">Il \u00ab\u00a0est extr\u00eamement frustr\u00e9 par les deux camps\u00a0\u00bb, avait d\u00e9clar\u00e9 le 11 d\u00e9cembre sa porte-parole Karoline Leavitt. <\/p>\n<p class=\"lead \">&#8211; Donbass &#8211;<\/p>\n<p class=\"lead \">Le 19 d\u00e9cembre, le dirigeant am\u00e9ricain avait press\u00e9 l&rsquo;Ukraine de \u00ab\u00a0bouger\u00a0\u00bb. <\/p>\n<p class=\"lead \">Volodymyr Zelensky le convaincra-t-il d&rsquo;adresser le m\u00eame genre de message \u00e0 Moscou, alors que la derni\u00e8re version du plan para\u00eet inacceptable pour les Russes?<\/p>\n<p class=\"lead \">Le document en 20 points propose de geler les positions sur le front sans r\u00e9pondre \u00e0 la demande russe d&rsquo;un retrait des forces ukrainiennes des quelque 20% de la r\u00e9gion orientale de Donetsk qu&rsquo;elles contr\u00f4lent encore.<\/p>\n<p class=\"lead \">Et le nouveau texte ne comprend plus aucune obligation juridique de non-adh\u00e9sion \u00e0 l&rsquo;Otan pour l&rsquo;Ukraine, une autre requ\u00eate capitale du Kremlin.<\/p>\n<p class=\"lead \">Outre le sort du Donbass, cette r\u00e9gion de l&rsquo;est de l&rsquo;Ukraine que Moscou revendique, et celui de la centrale nucl\u00e9aire de Zaporijjia occup\u00e9e par les soldats russes, dans le sud, les deux dirigeants devraient \u00e9voquer les garanties de s\u00e9curit\u00e9 que les Occidentaux pourraient fournir \u00e0 Kiev dans le cadre d&rsquo;un \u00e9ventuel accord de paix.<\/p>\n<p class=\"lead \">Ces \u00ab\u00a0garanties de s\u00e9curit\u00e9 doivent arriver en m\u00eame temps que la fin de la guerre,\u00a0\u00bb a insist\u00e9 Volodymyr Zelensky samedi.<\/p>\n<p class=\"lead \">Le pr\u00e9sident am\u00e9ricain a r\u00e9cemment laiss\u00e9 entendre que selon lui, l&rsquo;Ukraine avait tout int\u00e9r\u00eat \u00e0 figer le plus vite possible la ligne de front face \u00e0 de futures avanc\u00e9es russes, qu&rsquo;il juge in\u00e9vitables.<\/p>\n<p class=\"lead \">\u00ab\u00a0La Russie a l&rsquo;avantage. Et elle l&rsquo;a toujours eu\u00a0\u00bb, a-t-il lanc\u00e9 le 8 d\u00e9cembre.<\/p>\n<p class=\"lead \">La paix devra pr\u00e9server la \u00ab\u00a0souverainet\u00e9\u00a0\u00bb et \u00ab\u00a0l&rsquo;int\u00e9grit\u00e9 territoriale\u00a0\u00bb de l&rsquo;Ukraine a soulign\u00e9 samedi la pr\u00e9sidente de la Commission europ\u00e9enne, Ursula von der Leyen, apr\u00e8s un entretien t\u00e9l\u00e9phonique avec les dirigeants europ\u00e9ens et M. Zelensky.<\/p>\n<p class=\"small font-weight-bold text-gray3 \"> publi\u00e9 le 28 d\u00e9cembre \u00e0 04h35, AFP<\/p>\n<p>                             Partager<\/p>\n","protected":false},"excerpt":{"rendered":"Volodymyr Zelensky rencontre Donald Trump dimanche en Floride pour plaider la cause de l&rsquo;Ukraine et tenter de d\u00e9crocher&hellip;\n","protected":false},"author":2,"featured_media":626362,"comment_status":"","ping_status":"","sticky":false,"template":"","format":"standard","meta":{"footnotes":""},"categories":[1590],"tags":[11,2120,312,1777,674,12,132,220,308],"class_list":{"0":"post-626361","1":"post","2":"type-post","3":"status-publish","4":"format-standard","5":"has-post-thumbnail","7":"category-ukraine","8":"tag-actualites","9":"tag-conflit","10":"tag-diplomatie","11":"tag-eu","12":"tag-europe","13":"tag-news","14":"tag-russie","15":"tag-ukraine","16":"tag-usa"},"share_on_mastodon":{"url":"https:\/\/pubeurope.com\/@fr\/115795152333149779","error":""},"_links":{"self":[{"href":"https:\/\/www.europesays.com\/fr\/wp-json\/wp\/v2\/posts\/626361","targetHints":{"allow":["GET"]}}],"collection":[{"href":"https:\/\/www.europesays.com\/fr\/wp-json\/wp\/v2\/posts"}],"about":[{"href":"https:\/\/www.europesays.com\/fr\/wp-json\/wp\/v2\/types\/post"}],"author":[{"embeddable":true,"href":"https:\/\/www.europesays.com\/fr\/wp-json\/wp\/v2\/users\/2"}],"replies":[{"embeddable":true,"href":"https:\/\/www.europesays.com\/fr\/wp-json\/wp\/v2\/comments?post=626361"}],"version-history":[{"count":0,"href":"https:\/\/www.europesays.com\/fr\/wp-json\/wp\/v2\/posts\/626361\/revisions"}],"wp:featuredmedia":[{"embeddable":true,"href":"https:\/\/www.europesays.com\/fr\/wp-json\/wp\/v2\/media\/626362"}],"wp:attachment":[{"href":"https:\/\/www.europesays.com\/fr\/wp-json\/wp\/v2\/media?parent=626361"}],"wp:term":[{"taxonomy":"category","embeddable":true,"href":"https:\/\/www.europesays.com\/fr\/wp-json\/wp\/v2\/categories?post=626361"},{"taxonomy":"post_tag","embeddable":true,"href":"https:\/\/www.europesays.com\/fr\/wp-json\/wp\/v2\/tags?post=626361"}],"curies":[{"name":"wp","href":"https:\/\/api.w.org\/{rel}","templated":true}]}}