{"id":626365,"date":"2025-12-28T03:50:15","date_gmt":"2025-12-28T03:50:15","guid":{"rendered":"https:\/\/www.europesays.com\/fr\/626365\/"},"modified":"2025-12-28T03:50:15","modified_gmt":"2025-12-28T03:50:15","slug":"au-royaume-uni-des-volontaires-tentent-de-faire-renaitre-les-forets-tropicales-temperees-disparues","status":"publish","type":"post","link":"https:\/\/www.europesays.com\/fr\/626365\/","title":{"rendered":"Au Royaume-Uni, des volontaires tentent de faire rena\u00eetre les for\u00eats tropicales temp\u00e9r\u00e9es disparues"},"content":{"rendered":"<p>Longtemps oubli\u00e9es du grand public, les <strong>for\u00eats tropicales temp\u00e9r\u00e9es britanniques<\/strong>, aussi appel\u00e9es for\u00eats atlantiques ou celtiques, font l\u2019objet depuis quelques ann\u00e9es d\u2019un vaste mouvement de restauration. Sur des collines battues par les vents et dans des vall\u00e9es d\u00e9tremp\u00e9es de l\u2019ouest des \u00eeles Britanniques, des b\u00e9n\u00e9voles replantent patiemment ce qui fut autrefois l\u2019un des paysages naturels les plus riches du pays.<\/p>\n<p>Une for\u00eat disparue avec l\u2019histoire<\/p>\n<p>Peu le savent, mais la Grande-Bretagne fut jadis une v\u00e9ritable <strong>nation de for\u00eats humides<\/strong>. Jusqu\u2019\u00e0 un cinqui\u00e8me du territoire \u00e9tait recouvert de ces boisements denses et ombrag\u00e9s, s\u2019\u00e9tendant de la Cornouaille aux H\u00e9brides. Ch\u00eanes anciens, noisetiers, bouleaux et saules y \u00e9taient recouverts de mousses, de foug\u00e8res et de lichens rares, formant des paysages presque irr\u00e9els, profond\u00e9ment ancr\u00e9s dans l\u2019imaginaire celtique et la litt\u00e9rature britannique.<\/p>\n<p>Aujourd\u2019hui, <strong>moins de 1 % de ces for\u00eats subsistent<\/strong>, souvent sous forme de fragments isol\u00e9s, r\u00e9fugi\u00e9s dans des ravins humides du pays de Galles, de l\u2019ouest de l\u2019\u00c9cosse ou du sud-ouest de l\u2019Angleterre. Des si\u00e8cles de d\u00e9frichements, de p\u00e2turage intensif et d\u2019exploitation foresti\u00e8re ont presque totalement effac\u00e9 ces \u00e9cosyst\u00e8mes.<\/p>\n<p>Une mobilisation lente mais d\u00e9termin\u00e9e<\/p>\n<p><a href=\"https:\/\/www.thetimes.com\/uk\/science\/article\/britains-lost-forests-2jv7k70d8\" target=\"_blank\" rel=\"noopener\">Depuis le d\u00e9but des ann\u00e9es 2020, une dynamique nouvelle s\u2019est mise en place.<\/a> Des strat\u00e9gies nationales et r\u00e9gionales visent d\u00e9sormais \u00e0 <strong>cartographier, prot\u00e9ger et reconnecter<\/strong> ces for\u00eats relictuelles. Des organisations comme le National Trust, le Woodland Trust ou les diff\u00e9rents Wildlife Trusts coordonnent des programmes de replantation \u00e0 tr\u00e8s long terme.<\/p>\n<p>Sur l\u2019\u00eele de Man, territoire largement d\u00e9bois\u00e9 au fil des si\u00e8cles, des b\u00e9n\u00e9voles plantent noisetiers, ch\u00eanes, saules et gen\u00e9vriers sur des pentes longtemps laiss\u00e9es au p\u00e2turage. Les plants sont issus de graines locales, parfois uniques \u00e0 l\u2019\u00eele, afin de respecter l\u2019identit\u00e9 g\u00e9n\u00e9tique des \u00e9cosyst\u00e8mes originels.<\/p>\n<p>Penser en d\u00e9cennies, voire en si\u00e8cles<\/p>\n<p>Les responsables de ces projets insistent sur une r\u00e9alit\u00e9 souvent mal comprise : <strong>la restauration d\u2019une for\u00eat n\u2019est pas imm\u00e9diate<\/strong>. Les arbres plant\u00e9s aujourd\u2019hui ne constituent qu\u2019une \u00e9tape. Ils pr\u00e9pareront un sol, une humidit\u00e9, une ombre qui permettront \u00e0 d\u2019autres g\u00e9n\u00e9rations v\u00e9g\u00e9tales de s\u2019installer naturellement.<\/p>\n<p>Certaines techniques sont adapt\u00e9es \u00e0 des terrains difficiles : arbres plant\u00e9s en biais sur des pentes raides, parcelles prot\u00e9g\u00e9es du b\u00e9tail, r\u00e9introduction progressive de plantes de sous-bois comme les an\u00e9mones, les primev\u00e8res ou certaines orchid\u00e9es foresti\u00e8res.<\/p>\n<p>Ces for\u00eats humides sont <strong>d\u2019une importance mondiale<\/strong>. Elles abritent des esp\u00e8ces extr\u00eamement rares de mousses et de lichens, parfois h\u00e9rit\u00e9es de la derni\u00e8re glaciation, qui ne survivent que dans des conditions tr\u00e8s sp\u00e9cifiques de fra\u00eecheur et d\u2019humidit\u00e9. Elles jouent aussi un r\u00f4le cl\u00e9 dans la r\u00e9gulation de l\u2019eau, la stabilisation des sols et le stockage du carbone.<\/p>\n<p>\u00c0 l\u2019heure o\u00f9 le climat britannique conna\u00eet des \u00e9pisodes plus chauds et plus instables, ces for\u00eats pourraient devenir des <strong>refuges essentiels pour la biodiversit\u00e9<\/strong>, l\u00e0 o\u00f9 d\u2019autres milieux s\u2019ass\u00e8chent.<\/p>\n<p>Un travail discret, loin du mythe du \u201crewilding\u201d<\/p>\n<p>Contrairement \u00e0 l\u2019image parfois v\u00e9hicul\u00e9e, il ne s\u2019agit pas d\u2019abandonner les terres \u00e0 elles-m\u00eames. Le p\u00e2turage excessif, les cerfs ou encore des esp\u00e8ces invasives comme le rhododendron restent des menaces constantes. La renaissance de ces for\u00eats repose sur un <strong>travail manuel, ingrat, souvent sous la pluie<\/strong>, assur\u00e9 en grande partie par des b\u00e9n\u00e9voles.<\/p>\n<p>Mais pour ceux qui participent \u00e0 cette aventure, l\u2019enjeu d\u00e9passe largement le pr\u00e9sent. L\u2019objectif n\u2019est pas seulement de planter des arbres, mais de <strong>r\u00e9parer une continuit\u00e9 historique et paysag\u00e8re<\/strong>, rompue depuis des si\u00e8cles.<\/p>\n<p>Un jour peut-\u00eatre, sur ces collines aujourd\u2019hui nues, l\u2019air sentira \u00e0 nouveau les feuilles humides et la terre vivante. Et la for\u00eat, silencieusement, aura repris sa place.<\/p>\n<p>Illustration : DR<br \/>[cc] Article relu et corrig\u00e9 (orthographe, syntaxe) par ChatGPT.<\/p>\n<p>Breizh-info.com, 2025, d\u00e9p\u00eaches libres de copie et de diffusion sous r\u00e9serve de mention et de lien vers la source d\u2019origine..<\/p>\n","protected":false},"excerpt":{"rendered":"Longtemps oubli\u00e9es du grand public, les for\u00eats tropicales temp\u00e9r\u00e9es britanniques, aussi appel\u00e9es for\u00eats atlantiques ou celtiques, font l\u2019objet&hellip;\n","protected":false},"author":2,"featured_media":626366,"comment_status":"","ping_status":"","sticky":false,"template":"","format":"standard","meta":{"footnotes":""},"categories":[1588],"tags":[11,15089,1130,1129,17458,73567,1777,674,73568,73569,73570,12,73571,73572,73573,473,1853,1851,1850,1852],"class_list":{"0":"post-626365","1":"post","2":"type-post","3":"status-publish","4":"format-standard","5":"has-post-thumbnail","7":"category-royaume-uni","8":"tag-actualites","9":"tag-benevoles","10":"tag-biodiversite","11":"tag-climat","12":"tag-conservation","13":"tag-ecosystemes-forestiers","14":"tag-eu","15":"tag-europe","16":"tag-foret-celtique","17":"tag-foret-temperee-humide","18":"tag-isle-of-man","19":"tag-news","20":"tag-patrimoine-naturel","21":"tag-reforestation","22":"tag-replantation","23":"tag-royaume-uni","24":"tag-royaume-uni-de-grande-bretagne-et-dirlande-du-nord","25":"tag-uk","26":"tag-united-kingdom","27":"tag-united-kingdom-of-great-britain-and-northern-ireland"},"share_on_mastodon":{"url":"https:\/\/pubeurope.com\/@fr\/115795160154307356","error":""},"_links":{"self":[{"href":"https:\/\/www.europesays.com\/fr\/wp-json\/wp\/v2\/posts\/626365","targetHints":{"allow":["GET"]}}],"collection":[{"href":"https:\/\/www.europesays.com\/fr\/wp-json\/wp\/v2\/posts"}],"about":[{"href":"https:\/\/www.europesays.com\/fr\/wp-json\/wp\/v2\/types\/post"}],"author":[{"embeddable":true,"href":"https:\/\/www.europesays.com\/fr\/wp-json\/wp\/v2\/users\/2"}],"replies":[{"embeddable":true,"href":"https:\/\/www.europesays.com\/fr\/wp-json\/wp\/v2\/comments?post=626365"}],"version-history":[{"count":0,"href":"https:\/\/www.europesays.com\/fr\/wp-json\/wp\/v2\/posts\/626365\/revisions"}],"wp:featuredmedia":[{"embeddable":true,"href":"https:\/\/www.europesays.com\/fr\/wp-json\/wp\/v2\/media\/626366"}],"wp:attachment":[{"href":"https:\/\/www.europesays.com\/fr\/wp-json\/wp\/v2\/media?parent=626365"}],"wp:term":[{"taxonomy":"category","embeddable":true,"href":"https:\/\/www.europesays.com\/fr\/wp-json\/wp\/v2\/categories?post=626365"},{"taxonomy":"post_tag","embeddable":true,"href":"https:\/\/www.europesays.com\/fr\/wp-json\/wp\/v2\/tags?post=626365"}],"curies":[{"name":"wp","href":"https:\/\/api.w.org\/{rel}","templated":true}]}}