{"id":626377,"date":"2025-12-28T03:57:11","date_gmt":"2025-12-28T03:57:11","guid":{"rendered":"https:\/\/www.europesays.com\/fr\/626377\/"},"modified":"2025-12-28T03:57:11","modified_gmt":"2025-12-28T03:57:11","slug":"etape-21-tour-de-france-2026-thoiry","status":"publish","type":"post","link":"https:\/\/www.europesays.com\/fr\/626377\/","title":{"rendered":"\u00c9tape 21 Tour de France 2026 : Thoiry"},"content":{"rendered":"<p>            <a href=\"https:\/\/todaycycling.com\/wp-content\/uploads\/2025\/12\/parcours-tour-de-france-2026-pourquoi-l-ultime-etape-vers-les-champs-elysees-sera-un-casse-tete-tactique.jpg\" data-caption=\"Image : @ASO_letour\" target=\"_blank\" rel=\"noopener\"><img loading=\"lazy\" decoding=\"async\" width=\"696\" height=\"416\" class=\"entry-thumb td-modal-image\" src=\"data:image\/svg+xml,%3Csvg%20xmlns=\" http:=\"\" data-lazy- data-lazy- alt=\"Parcours Tour de France 2026 pourquoi l'ultime \u00e9tape vers les Champs Elys\u00e9es sera un casse t\u00eate tactique\" title=\"\" data-lazy-src=\"https:\/\/www.europesays.com\/fr\/wp-content\/uploads\/2025\/12\/parcours-tour-de-france-2026-pourquoi-l-ultime-etape-vers-les-champs-elysees-sera-un-casse-tete-tact.jpeg\"\/><\/a>Image : @ASO_letour<\/p>\n<p>Le 26 juillet 2026, le Tour de France conclura son voyage \u00e0 Paris. Mais le sc\u00e9nario de la 21e \u00e9tape, entre Thoiry et les Champs-\u00c9lys\u00e9es, a \u00e9t\u00e9 subtilement modifi\u00e9. Avec trois ascensions de la butte Montmartre, mais un final raccourci pour les sprinteurs, les organisateurs ont orchestr\u00e9 un \u00e9quilibre parfait entre spectacle et incertitude. D\u00e9cryptage d\u2019une arriv\u00e9e l\u00e9gendaire en mutation.<\/p>\n<p>Lire aussi :\u00a0<a href=\"https:\/\/todaycycling.com\/tour-de-france-2026-pourquoi-ce-parcours-inedit-va-mettre-le-feu-au-classement-general-des-barcelone\/\" target=\"_blank\" rel=\"noreferrer noopener\">Tour de France 2026. Pourquoi ce parcours in\u00e9dit va mettre le feu au classement g\u00e9n\u00e9ral d\u00e8s Barcelone ?<\/a><\/p>\n<p>Le final parisien du Tour de France entre dans une nouvelle \u00e8re. Apr\u00e8s le coup de g\u00e9nie des Jeux Olympiques 2024 et l\u2019embrasement de la rue Lepic lors du Tour 2025, la butte Montmartre s\u2019impose comme un passage oblig\u00e9, un \u00ab monument \u00bb moderne ajout\u00e9 \u00e0 la mythologie de la Grande Boucle. Pour l\u2019\u00e9dition 2026, dont le d\u00e9part sera donn\u00e9 le 4 juillet, les organisateurs ne se sont pas content\u00e9s de reconduire un succ\u00e8s. Ils l\u2019ont r\u00e9ajust\u00e9 avec une pr\u00e9cision chirurgicale.<\/p>\n<p>Un h\u00e9ritage olympique devenu rituel<\/p>\n<p>Il a suffi d\u2019une \u00e9dition pour graver la mont\u00e9e de la rue Lepic dans le marbre. Inspir\u00e9e par la course olympique, son introduction en 2025 a transform\u00e9 une traditionnelle \u00e9tape de transition en une ar\u00e8ne de lutte acharn\u00e9e. L\u2019image de Wout van Aert, l\u00e2chant un Tadej Pogacar pourtant dominateur dans la pente \u00e0 11%, a prouv\u00e9 le potentiel dramatique du site. Christian Prudhomme, le directeur du Tour, l\u2019a valid\u00e9 : \u00ab Le potentiel d\u2019explosivit\u00e9 de la rue Lepic a jailli dans un combat de chefs. Un d\u00e9nouement en forme de classique. \u00bb Un format si concluant qu\u2019il devient la norme.<\/p>\n<p>Le nouveau pari de l\u2019organisation : r\u00e9concilier la classique et le sprint<\/p>\n<p>Pour 2026, cependant, un param\u00e8tre crucial change. La derni\u00e8re difficult\u00e9 r\u00e9f\u00e9renc\u00e9e, au sommet du Sacr\u00e9-C\u0153ur, sera plac\u00e9e \u00e0 15 kilom\u00e8tres de la ligne des Champs-\u00c9lys\u00e9es, contre seulement 6 km en 2025. Ce d\u00e9tail, technique en apparence, est un coup de ma\u00eetre strat\u00e9gique.<\/p>\n<p><strong>L\u2019objectif est double<\/strong> : Pr\u00e9server le spectacle de l\u2019attaque sur les pentes pav\u00e9es et pentues de Montmartre, avec trois passages \u00e0 vocation s\u00e9lective. Redonner un espoir l\u00e9gitime aux \u00e9quipes de sprinteurs, qui auront d\u00e9sormais le temps de r\u00e9organiser leurs trains et de rattraper un \u00e9ventuel fugitif.<\/p>\n<p>\u00ab Les plus forts des sprinteurs auront encore leur chance \u00bb a conc\u00e9d\u00e9 Prudhomme. Cette d\u00e9cision \u00e9vite un sc\u00e9nario trop pr\u00e9dictible o\u00f9 les puncheurs-sprinteurs type van Aert, Pidcock ou m\u00eame Mathieu van der Poel, auraient un avantage \u00e9crasant. Elle rouvre la porte \u00e0 des purs-sprinteurs comme Jasper Philipsen ou Dylan Groenewegen, tout en maintenant la pression sur les \u00e9paules des favoris du classement g\u00e9n\u00e9ral jusqu\u2019au bout.<\/p>\n<p>Montmartre, troisi\u00e8me acte : \u00e0 quoi s\u2019attendre le 26 juillet ?<\/p>\n<p>Le dimanche 26 juillet 2026, le d\u00e9part sera donn\u00e9 de Thoiry, dans les Yvelines. Un long parcours de transfert (130 km) vers la capitale, o\u00f9 l\u2019essentiel se jouera dans les 20 derniers kilom\u00e8tres.<\/p>\n<p><strong>Le circuit final se d\u00e9cortique ainsi<\/strong> : Une entr\u00e9e th\u00e9\u00e2trale dans Paris avec une premi\u00e8re approche de la butte. Trois boucles incluant l\u2019ascension int\u00e9grale de la rue Lepic, soit pr\u00e8s de 600 m\u00e8tres \u00e0 une moyenne de 8%, avec des pics \u00e0 11%. Chaque passage servira de tremplin pour une attaque ou de filtre pour \u00e9liminer les moins \u00e0 l\u2019aise. Une descente technique et un final de 15 km relativement plat, le long de la Seine puis sur les Champs-\u00c9lys\u00e9es, o\u00f9 les \u00e9quipes se livreront \u00e0 une course-poursuite \u00e0 plus de 60 km\/h.<\/p>\n<p>Analyse tactique : qui peut gagner ?<\/p>\n<p><strong>Cette configuration in\u00e9dite cr\u00e9e un dilemme fascinant pour les coureurs et les directeurs sportifs.<\/strong><\/p>\n<p><strong>Pour les puncheurs<\/strong> : L\u2019attaque doit \u00eatre lanc\u00e9e lors du troisi\u00e8me et dernier passage \u00e0 Montmartre. Elle doit \u00eatre imm\u00e9diatement suivie d\u2019une descente \u00e0 risque et d\u2019un relais par des co\u00e9quipiers positionn\u00e9s en contrebas.<\/p>\n<p><strong>Pour les sprinteurs<\/strong> : Il faudra survivre aux ascensions, sans y d\u00e9penser trop d\u2019\u00e9nergie, et compter sur une \u00e9quipe solide et organis\u00e9e pour mener la chasse dans les derniers kilom\u00e8tres.<\/p>\n<p><strong>Pour le maillot jaune<\/strong> : Les \u00e9carts \u00e9tant gel\u00e9s sur les tours finaux, le risque de chute reste la principale menace. La vigilance sera absolue.<\/p>\n<p>La 21e \u00e9tape du Tour de France 2026 ne sera donc ni une simple parade, ni une classique pure. C\u2019est un hybride calcul\u00e9, con\u00e7u pour maintenir la tension jusqu\u2019au dernier m\u00e8tre. En d\u00e9calant la ligne, les organisateurs n\u2019ont pas d\u00e9sarm\u00e9 Montmartre. Ils en ont fait un pi\u00e8ge plus subtil, dont la d\u00e9tente pourrait se lib\u00e9rer bien apr\u00e8s son sommet. Paris attend un nouveau chapitre de son histoire avec le Tour. Entre tradition et innovation, l\u2019\u00e9quilibre parfait est en jeu.<\/p>\n","protected":false},"excerpt":{"rendered":"Image : @ASO_letour Le 26 juillet 2026, le Tour de France conclura son voyage \u00e0 Paris. Mais le&hellip;\n","protected":false},"author":2,"featured_media":626378,"comment_status":"","ping_status":"","sticky":false,"template":"","format":"standard","meta":{"footnotes":""},"categories":[4],"tags":[5734,11,1011,27,12,25,210],"class_list":{"0":"post-626377","1":"post","2":"type-post","3":"status-publish","4":"format-standard","5":"has-post-thumbnail","7":"category-france","8":"tag-5734","9":"tag-actualites","10":"tag-fr","11":"tag-france","12":"tag-news","13":"tag-republique-francaise","14":"tag-tour-de-france"},"share_on_mastodon":{"url":"https:\/\/pubeurope.com\/@fr\/115795187655330073","error":""},"_links":{"self":[{"href":"https:\/\/www.europesays.com\/fr\/wp-json\/wp\/v2\/posts\/626377","targetHints":{"allow":["GET"]}}],"collection":[{"href":"https:\/\/www.europesays.com\/fr\/wp-json\/wp\/v2\/posts"}],"about":[{"href":"https:\/\/www.europesays.com\/fr\/wp-json\/wp\/v2\/types\/post"}],"author":[{"embeddable":true,"href":"https:\/\/www.europesays.com\/fr\/wp-json\/wp\/v2\/users\/2"}],"replies":[{"embeddable":true,"href":"https:\/\/www.europesays.com\/fr\/wp-json\/wp\/v2\/comments?post=626377"}],"version-history":[{"count":0,"href":"https:\/\/www.europesays.com\/fr\/wp-json\/wp\/v2\/posts\/626377\/revisions"}],"wp:featuredmedia":[{"embeddable":true,"href":"https:\/\/www.europesays.com\/fr\/wp-json\/wp\/v2\/media\/626378"}],"wp:attachment":[{"href":"https:\/\/www.europesays.com\/fr\/wp-json\/wp\/v2\/media?parent=626377"}],"wp:term":[{"taxonomy":"category","embeddable":true,"href":"https:\/\/www.europesays.com\/fr\/wp-json\/wp\/v2\/categories?post=626377"},{"taxonomy":"post_tag","embeddable":true,"href":"https:\/\/www.europesays.com\/fr\/wp-json\/wp\/v2\/tags?post=626377"}],"curies":[{"name":"wp","href":"https:\/\/api.w.org\/{rel}","templated":true}]}}