{"id":626383,"date":"2025-12-28T04:06:20","date_gmt":"2025-12-28T04:06:20","guid":{"rendered":"https:\/\/www.europesays.com\/fr\/626383\/"},"modified":"2025-12-28T04:06:20","modified_gmt":"2025-12-28T04:06:20","slug":"je-savais-qua-la-sortie-du-bois-il-fallait-etre-premier-maxime-vezie-a-fait-parler-son-experience-de-la-route-a-cruguel","status":"publish","type":"post","link":"https:\/\/www.europesays.com\/fr\/626383\/","title":{"rendered":"\u00ab\u00a0Je savais qu\u2019\u00e0 la sortie du bois, il fallait \u00eatre premier\u00a0\u00bb\u00a0: Maxime V\u00e9zie a fait parler son exp\u00e9rience de la route \u00e0 Cruguel"},"content":{"rendered":"<p>D\u00e8s les premiers coups de p\u00e9dale, trois coureurs se d\u00e9tachaient\u00a0: deux co\u00e9quipiers du VC Pays de Loud\u00e9ac, Maxime V\u00e9zie et Malo Stevant, accompagn\u00e9s de Victor Dr\u00e9ano du VC Pays de Lorient. Les trois hommes allaient faire la course en t\u00eate, s\u2019\u00e9changeant la pole position au gr\u00e9 des difficult\u00e9s du parcours. Le Lorientais tentait de faire la diff\u00e9rence dans les parties techniques mais \u00e9tait vite repris par les routards \u00e0 leur aise dans les secteurs plus roulants. C\u2019est ce que Maxime V\u00e9zie, le vainqueur du jour, avait parfaitement anticip\u00e9.<\/p>\n<p><img decoding=\"async\" src=\"https:\/\/www.europesays.com\/fr\/wp-content\/uploads\/2025\/12\/69501c88dc6d70f2150c3902.1.jpeg\" width=\"480\" height=\"300\" class=\"web_golden_m\" loading=\"lazy\" alt=\"Maxime V\u00e9zie s\u2019est impos\u00e9 devant Malo Stevant pour un doubl\u00e9 du VCP Loud\u00e9ac.\"\/>Maxime V\u00e9zie s\u2019est impos\u00e9 devant Malo Stevant pour un doubl\u00e9 du VCP Loud\u00e9ac. (Photo Patricia M\u00e9rer)<\/p>\n<p>\u00ab\u00a0Victor \u00e9tait plus rapide que nous techniquement. Avec Malo, notre but \u00e9tait de passer devant lui dans les parties techniques, sinon il nous mettait trop d\u2019avance. \u00c7a s\u2019est vraiment jou\u00e9 \u00e0 la fin quand on montait la bosse. Malo a attaqu\u00e9 en bas et j\u2019ai r\u00e9ussi \u00e0 passer en t\u00eate en haut. Je savais qu\u2019\u00e0 la sortie du bois, il fallait \u00eatre premier. J\u2019ai tout mis pour y \u00eatre et, apr\u00e8s, je ne me suis pas assis jusqu\u2019\u00e0 la ligne d\u2019arriv\u00e9e. J\u2019\u00e9tais \u00e0 bloc.\u00a0\u00bb<\/p>\n<p>Avec seulement deux entra\u00eenements sp\u00e9cifiques en un an, le coureur de Loud\u00e9ac a pu compter sur son exp\u00e9rience de la route pour faire la diff\u00e9rence.<\/p>\n<p><img decoding=\"async\" src=\"https:\/\/www.europesays.com\/fr\/wp-content\/uploads\/2025\/12\/69501c8872aea397b5008a60.1.jpeg\" width=\"480\" height=\"300\" class=\"web_golden_m\" loading=\"lazy\" alt=\"Maxime V\u00e9zie s\u2019est impos\u00e9 devant Malo Stevant pour un doubl\u00e9 du VCP Loud\u00e9ac.\"\/>Maxime V\u00e9zie s\u2019est impos\u00e9 devant Malo Stevant pour un doubl\u00e9 du VCP Loud\u00e9ac. (Photo Patricia M\u00e9rer)<\/p>\n<p class=\"titre-tech\">Les classements<\/p>\n<p class=\"tech\"><strong class=\"tech\">HOMMES\u00a0: <\/strong>1. Maxime V\u00e9zie (VC Pays de Loud\u00e9ac)\u00a0; 2. M. Stevant (VC Pays de Loud\u00e9ac)\u00a0; 3. V. Dr\u00e9ano (VC Pays de Lorient)\u00a0; 4. G. Dubosq (VC Bocage Vire)\u00a0; 5. P. Thierry (US La Gacilly Cyclisme)<\/p>\n<p class=\"tech\"><strong class=\"tech\">FEMMES\u00a0: <\/strong>1. Lana Le Guilloux (OC Locmin\u00e9)\u00a0; 2. N. Le Couedic Henin (VC Pays de Loud\u00e9ac)\u00a0; 3. I. Conanec (AC Pays de Baud)\u00a0; 4. M. Glon (Oust Lanvaux VTT)\u00a0; 5. S. Rouillon (La Petite Reine du Loch)<\/p>\n","protected":false},"excerpt":{"rendered":"D\u00e8s les premiers coups de p\u00e9dale, trois coureurs se d\u00e9tachaient\u00a0: deux co\u00e9quipiers du VC Pays de Loud\u00e9ac, Maxime&hellip;\n","protected":false},"author":2,"featured_media":626384,"comment_status":"","ping_status":"","sticky":false,"template":"","format":"standard","meta":{"footnotes":""},"categories":[1411],"tags":[73576,1154,207,6159,59294,1011,27,2885,60],"class_list":{"0":"post-626383","1":"post","2":"type-post","3":"status-publish","4":"format-standard","5":"has-post-thumbnail","7":"category-cyclisme","8":"tag-cruguel","9":"tag-cycling","10":"tag-cyclisme","11":"tag-cyclisme-amateurs","12":"tag-cyclo-cross","13":"tag-fr","14":"tag-france","15":"tag-loudeac","16":"tag-sports"},"share_on_mastodon":{"url":"https:\/\/pubeurope.com\/@fr\/115795224054927474","error":""},"_links":{"self":[{"href":"https:\/\/www.europesays.com\/fr\/wp-json\/wp\/v2\/posts\/626383","targetHints":{"allow":["GET"]}}],"collection":[{"href":"https:\/\/www.europesays.com\/fr\/wp-json\/wp\/v2\/posts"}],"about":[{"href":"https:\/\/www.europesays.com\/fr\/wp-json\/wp\/v2\/types\/post"}],"author":[{"embeddable":true,"href":"https:\/\/www.europesays.com\/fr\/wp-json\/wp\/v2\/users\/2"}],"replies":[{"embeddable":true,"href":"https:\/\/www.europesays.com\/fr\/wp-json\/wp\/v2\/comments?post=626383"}],"version-history":[{"count":0,"href":"https:\/\/www.europesays.com\/fr\/wp-json\/wp\/v2\/posts\/626383\/revisions"}],"wp:featuredmedia":[{"embeddable":true,"href":"https:\/\/www.europesays.com\/fr\/wp-json\/wp\/v2\/media\/626384"}],"wp:attachment":[{"href":"https:\/\/www.europesays.com\/fr\/wp-json\/wp\/v2\/media?parent=626383"}],"wp:term":[{"taxonomy":"category","embeddable":true,"href":"https:\/\/www.europesays.com\/fr\/wp-json\/wp\/v2\/categories?post=626383"},{"taxonomy":"post_tag","embeddable":true,"href":"https:\/\/www.europesays.com\/fr\/wp-json\/wp\/v2\/tags?post=626383"}],"curies":[{"name":"wp","href":"https:\/\/api.w.org\/{rel}","templated":true}]}}