{"id":626391,"date":"2025-12-28T04:11:13","date_gmt":"2025-12-28T04:11:13","guid":{"rendered":"https:\/\/www.europesays.com\/fr\/626391\/"},"modified":"2025-12-28T04:11:13","modified_gmt":"2025-12-28T04:11:13","slug":"top-models-amour-gloire-et-beaute-spoiler-luna-prete-a-se-debarrasser-de-steffy-les-moments-forts-des-episodes-du-29-decembre-2025-au-2-janvier-2026-sur-rtl9","status":"publish","type":"post","link":"https:\/\/www.europesays.com\/fr\/626391\/","title":{"rendered":"Top models \/ Amour, gloire et beaut\u00e9 (spoiler)\u00a0: Luna pr\u00eate \u00e0 se d\u00e9barrasser de Steffy\u00a0? Les moments forts des \u00e9pisodes du 29 d\u00e9cembre 2025 au 2 janvier 2026 sur RTL9"},"content":{"rendered":"<p>\n\t\t\t\t\t\tPubli\u00e9 le 27\/12\/2025 \u00e0 16:00<\/p>\n<p>Liam n\u2019a rien pu dire \u00e0 Hope \u00e0 propos de sa maladie incurable. <strong>Steffy<\/strong> d\u00e9cide alors de prendre les devants et d\u2019aller tout r\u00e9v\u00e9ler \u00e0 la fille Logan. Et la hache pourrait bien \u00eatre enterr\u00e9e entre les deux femmes dans les prochains \u00e9pisodes de <strong>Top models<\/strong> \u00e0 suivre en cette fin d\u2019ann\u00e9e 2025 sur RTL9.<\/p>\n<p>Du lundi au vendredi vers <strong>18 heures<\/strong>, <strong><a href=\"https:\/\/toutelatele.ouest-france.fr\/rtl9-684\" target=\"_blank\" rel=\"noopener\">RTL9<\/a><\/strong> met \u00e0 l\u2019antenne un \u00e9pisode in\u00e9dit de <strong> <a href=\"https:\/\/toutelatele.ouest-france.fr\/amour-gloire-et-beaute-top-models-321\" target=\"_blank\" rel=\"noopener\">Top Models<\/a> <\/strong> en parall\u00e8le de sa diffusion sur <strong>TF1<\/strong> et <strong>TF1 S\u00e9ries Films<\/strong>. Plus connu sous le nom d\u2019<strong> Amour, gloire et beaut\u00e9 <\/strong>, le soap am\u00e9ricain met en sc\u00e8ne le quotidien des familles Forrester, Spencer et Logan.<\/p>\n<p>Les rivalit\u00e9s s\u2019entrecroisent dans ce milieu de luxe et de haute couture avec des personnages comme Steffy (<strong>Jacqueline MacInnes Wood<\/strong>), Finn (<strong>Tanner Novlan<\/strong>), Bill (<strong>Don Diamont<\/strong>), Taylor (<strong>Krista Allen<\/strong>), Ridge (<strong>Thorsten Kaye<\/strong>), Brooke (<strong>Katherine Kelly Lang<\/strong>), Hope (<strong>Annika Noelle<\/strong>), Liam (<strong>Scott Clifton<\/strong>), Thomas (<strong>Matthew Atkinson<\/strong>), Eric (<strong>John McCook<\/strong>), Wyatt (<strong>Darin Brooks<\/strong>), Sheila (<strong>Kimberlin Brown<\/strong>), Deacon (<strong>Sean Kanan<\/strong>) et tant d\u2019autres.<\/p>\n<p>Toutelatele vous invite \u00e0 retrouver des contenus exclusifs sur les pages officielles fran\u00e7aises du feuilleton sur <a href=\"https:\/\/www.facebook.com\/amourgloireetbeautetopmodels\" class=\"spip_out\" rel=\"noopener noreferrer external\" target=\"_blank\">Facebook<\/a> et <a href=\"https:\/\/www.instagram.com\/amourgloireetbeautetopmodels\" class=\"spip_out\" rel=\"noopener noreferrer external\" target=\"_blank\">Instagram<\/a> et vous propose de d\u00e9couvrir les intrigues diffus\u00e9es, en avant-premi\u00e8re fran\u00e7aise, sur RTL9 du lundi 29 d\u00e9cembre 2025 au vendredi 2 janvier 2026.<\/p>\n<p>Une r\u00e9conciliation \u00e0 tout jamais pour Steffy et Hope\u00a0?<\/p>\n<p><strong>Lundi 29 d\u00e9cembre 2025 (\u00e9pisode 9521) <\/strong><br class=\"autobr\"\/><br \/>\nLiam retourne \u00e0 la maison sur la falaise et avoue \u00e0 Steffy et Finn qu\u2019il n\u2019a rien dit \u00e0 Hope. Il refuse de le faire, car il ne veut pas voir autant de visages tristes pendant ses derniers mois. Apr\u00e8s son d\u00e9part, Steffy annonce \u00e0 Finn qu\u2019elle va tout raconter \u00e0 Hope (<strong>Annika Noelle<\/strong>). Steffy arrive donc pour voir Hope. Elle se met \u00e0 pleurer en racontant que Liam est en train de mourir. Chez Forrester, Daphne confie \u00e0 Carter qu\u2019elle pense qu\u2019il veut faire revenir Hope uniquement parce qu\u2019il se sent responsable de ce qui lui est arriv\u00e9.<\/p>\n<p><strong>Mardi 30 d\u00e9cembre 2025 (\u00e9pisode 9522) <\/strong><br class=\"autobr\"\/><br \/>\nHope est choqu\u00e9e par la nouvelle. Steffy lui dit que Liam ignore qu\u2019elle lui a tout racont\u00e9 et qu\u2019il ne veut pas que quiconque soit au courant de sa maladie. Steffy (<strong>Jacqueline MacInnes Wood<\/strong>) et Hope finissent par s\u2019enlacer, cherchant une solution. Pendant ce temps, \u00e0 Il Giardino, Luna vient voir Sheila. Steffy \u00e9tant la raison pour laquelle elles ne peuvent pas lui parler, Luna d\u00e9cide d\u2019agir et annonce qu\u2019elle va voir son p\u00e8re sur le champ \u00e0 la maison de la falaise\u2026<\/p>\n<p><strong>Mercredi 31 d\u00e9cembre 2025 (\u00e9pisode 9523) <\/strong><br class=\"autobr\"\/><br \/>\nHope et Steffy sont boulevers\u00e9es par leur chagrin face \u00e0 la maladie incurable de Liam. Elles se promettent de traverser cette \u00e9preuve ensemble. A Il Giardino, Bill est \u00e9mu aux larmes lorsque Liam le f\u00e9licite d\u2019\u00eatre un p\u00e8re formidable. Bill (<strong>Don Diamont<\/strong>) est tout aussi reconnaissant envers Liam et refuse sa d\u00e9mission de Spencer Publications. Puis, il se rend chez Hope qui l\u2019a appel\u00e9. \u00c0 la maison sur la falaise, Luna supplie Finn d\u2019\u00e9tablir une relation. Steffy entre alors et est horripil\u00e9e de voir Luna chez elle.<\/p>\n<p>Luna retourne voir Finn<\/p>\n<p><strong>Jeudi 1er janvier 2026 (\u00e9pisode 9524) <\/strong> <br class=\"autobr\"\/><br \/>\nHope annonce \u00e0 Liam qu\u2019elle souhaiterait partir en voyage avec lui et Beth. Rapidement, Liam comprend qu\u2019elle est d\u00e9j\u00e0 au courant de sa maladie incurable. \u00c0 la maison sur la falaise, Steffy ordonne \u00e0 Luna de partir. Luna veut parler \u00e0 son p\u00e8re, mais Finn est cat\u00e9gorique\u00a0: il ne peut y avoir aucune relation entre eux. Luna (<strong>Lisa Yamada<\/strong>) finit par comprendre, s\u2019excuse et promet de ne plus les d\u00e9ranger. De retour \u00e0 Il Giardino, Luna insulte Steffy. Sheila lui annonce qu\u2019elle n\u2019aura jamais de relation avec Finn.<\/p>\n<p><strong>Vendredi 2 janvier 2026 (\u00e9pisode 9525) <\/strong><br class=\"autobr\"\/><br \/>\nLiam comprend que Steffy a tout r\u00e9v\u00e9l\u00e9 \u00e0 Hope. La fille Logan lui demande de ne pas en vouloir \u00e0 Steffy. \u00c0 Forrester Creations, Brooke trouve Carter (<strong>Lawrence Saint-Victor<\/strong>) pr\u00e9occup\u00e9. Il avoue penser \u00e0 Hope. Brooke l\u2019encourage et lui dit qu\u2019elle est de tout c\u0153ur avec lui et Hope.<\/p>\n<p> <script async src=\"\/\/www.instagram.com\/embed.js\"><\/script><\/p>\n","protected":false},"excerpt":{"rendered":"Publi\u00e9 le 27\/12\/2025 \u00e0 16:00 Liam n\u2019a rien pu dire \u00e0 Hope \u00e0 propos de sa maladie incurable.&hellip;\n","protected":false},"author":2,"featured_media":626392,"comment_status":"","ping_status":"","sticky":false,"template":"","format":"standard","meta":{"footnotes":""},"categories":[1356],"tags":[58,59,1011,27,252,1364],"class_list":{"0":"post-626391","1":"post","2":"type-post","3":"status-publish","4":"format-standard","5":"has-post-thumbnail","7":"category-television","8":"tag-divertissement","9":"tag-entertainment","10":"tag-fr","11":"tag-france","12":"tag-television","13":"tag-tv"},"share_on_mastodon":{"url":"https:\/\/pubeurope.com\/@fr\/115795242767354795","error":""},"_links":{"self":[{"href":"https:\/\/www.europesays.com\/fr\/wp-json\/wp\/v2\/posts\/626391","targetHints":{"allow":["GET"]}}],"collection":[{"href":"https:\/\/www.europesays.com\/fr\/wp-json\/wp\/v2\/posts"}],"about":[{"href":"https:\/\/www.europesays.com\/fr\/wp-json\/wp\/v2\/types\/post"}],"author":[{"embeddable":true,"href":"https:\/\/www.europesays.com\/fr\/wp-json\/wp\/v2\/users\/2"}],"replies":[{"embeddable":true,"href":"https:\/\/www.europesays.com\/fr\/wp-json\/wp\/v2\/comments?post=626391"}],"version-history":[{"count":0,"href":"https:\/\/www.europesays.com\/fr\/wp-json\/wp\/v2\/posts\/626391\/revisions"}],"wp:featuredmedia":[{"embeddable":true,"href":"https:\/\/www.europesays.com\/fr\/wp-json\/wp\/v2\/media\/626392"}],"wp:attachment":[{"href":"https:\/\/www.europesays.com\/fr\/wp-json\/wp\/v2\/media?parent=626391"}],"wp:term":[{"taxonomy":"category","embeddable":true,"href":"https:\/\/www.europesays.com\/fr\/wp-json\/wp\/v2\/categories?post=626391"},{"taxonomy":"post_tag","embeddable":true,"href":"https:\/\/www.europesays.com\/fr\/wp-json\/wp\/v2\/tags?post=626391"}],"curies":[{"name":"wp","href":"https:\/\/api.w.org\/{rel}","templated":true}]}}