{"id":626393,"date":"2025-12-28T04:12:29","date_gmt":"2025-12-28T04:12:29","guid":{"rendered":"https:\/\/www.europesays.com\/fr\/626393\/"},"modified":"2025-12-28T04:12:29","modified_gmt":"2025-12-28T04:12:29","slug":"radio-intensite-vendome-41","status":"publish","type":"post","link":"https:\/\/www.europesays.com\/fr\/626393\/","title":{"rendered":"RADIO INTENSITE | VEND\u00d4ME (41)"},"content":{"rendered":"\n<p lang=\"fr-FR\" align=\"JUSTIFY\">Dimanche 10 mai \u00e0 17h00 au Minotaure de Vend\u00f4me (Loir-et-Cher)\u00a0: H\u00e9l\u00e8ne Segara. 29e festival de Vend\u00f4me. <\/p>\n<p lang=\"fr-FR\" align=\"JUSTIFY\">Depuis trente ans, H\u00e9l\u00e8ne S\u00e9gara fait partie des voix qui accompagnent la vie de plusieurs g\u00e9n\u00e9rations. R\u00e9v\u00e9l\u00e9e en 1996, elle rencontre tr\u00e8s vite le succ\u00e8s avec Vivo per lei, son duo avec Andrea Bocelli, avant de marquer durablement la sc\u00e8ne fran\u00e7aise en incarnant Esm\u00e9ralda dans Notre-Dame de Paris.<\/p>\n<p lang=\"fr-FR\" align=\"JUSTIFY\">Port\u00e9e par une voix chaleureuse et une interpr\u00e9tation profond\u00e9ment sinc\u00e8re, elle encha\u00eene les titres devenus incontournables : Il y a trop de gens qui t\u2019aiment, Elle tu l\u2019aimes, On n\u2019oublie jamais rien, on vit avec avec Laura Pausini, L\u2019amour est un soleil, Tu vas me quitter\u2026 Autant de chansons qui r\u00e9sonnent encore aujourd\u2019hui.<\/p>\n<p lang=\"fr-FR\" align=\"JUSTIFY\">H\u00e9l\u00e8ne S\u00e9gara pr\u00eate \u00e9galement sa voix au film d\u2019animation Anastasia, rend hommage \u00e0 Joe Dassin avec un album salu\u00e9 par le public, et soutient le projet Kids United au profit de l\u2019UNICEF. Depuis onze saisons, elle partage son exp\u00e9rience et sa bienveillance en tant que jury de La France a un incroyable talent sur M6.<\/p>\n<p lang=\"fr-FR\" align=\"JUSTIFY\">Artiste majeure de la sc\u00e8ne francophone, elle a vendu des millions d\u2019albums, chant\u00e9 en plusieurs langues et parcouru le monde. En 2026, elle c\u00e9l\u00e8bre ses trente ans de carri\u00e8re avec une s\u00e9rie de concerts exceptionnels, dont un \u00e9v\u00e9nement \u00e0 la Salle Pleyel. \u00c0 Vend\u00f4me, elle viendra offrir un moment rempli d\u2019\u00e9motion, de souvenirs et de chansons qui ont marqu\u00e9 son histoire autant que la n\u00f4tre.<\/p>\n<p lang=\"fr-FR\" align=\"JUSTIFY\"><a href=\"https:\/\/festivaldevendome.com\/billetterie\/\" target=\"_blank\" rel=\"noopener\">https:\/\/festivaldevendome.com\/billetterie\/<\/a><\/p>\n<p lang=\"fr-FR\" align=\"JUSTIFY\"><a href=\"https:\/\/festivaldevendome.com\/\" target=\"_blank\" rel=\"noopener\">https:\/\/festivaldevendome.com\/<\/a><\/p>\n","protected":false},"excerpt":{"rendered":"Dimanche 10 mai \u00e0 17h00 au Minotaure de Vend\u00f4me (Loir-et-Cher)\u00a0: H\u00e9l\u00e8ne Segara. 29e festival de Vend\u00f4me. Depuis trente&hellip;\n","protected":false},"author":2,"featured_media":626394,"comment_status":"","ping_status":"","sticky":false,"template":"","format":"standard","meta":{"footnotes":""},"categories":[1355],"tags":[4763,20887,20886,4396,10036,340,5738,6961,4150,650,1697,58,20888,59,1939,3696,1349,20889,19290,8181,1011,27,20883,5590,6653,330,1351,10265,20890,635,1361,873,2742,4838,6426,1825,20891,20885,11725,17385,20892,20893,20894,20895,20896,14356,3552,16335,20884,853,517,20897,602,20898,20899],"class_list":{"0":"post-626393","1":"post","2":"type-post","3":"status-publish","4":"format-standard","5":"has-post-thumbnail","7":"category-musique","8":"tag-agenda","9":"tag-agenda-complet","10":"tag-agenda-eure-et-loir","11":"tag-atelier","12":"tag-ateliers","13":"tag-bourse","14":"tag-bourses","15":"tag-brocante","16":"tag-ceremonie","17":"tag-cinema","18":"tag-concert","19":"tag-divertissement","20":"tag-dons-du-sang","21":"tag-entertainment","22":"tag-eure-et-loir","23":"tag-evenements","24":"tag-expositions","25":"tag-fetes-foraines","26":"tag-feux-dartifices","27":"tag-foires","28":"tag-fr","29":"tag-france","30":"tag-idees-sorties","31":"tag-intensite","32":"tag-jeune-public","33":"tag-jeux","34":"tag-litterature","35":"tag-loto","36":"tag-lotos","37":"tag-marches","38":"tag-music","39":"tag-musique","40":"tag-nature","41":"tag-peche","42":"tag-petanque","43":"tag-radio","44":"tag-randonnees","45":"tag-region-centre-val-de-loir","46":"tag-religions","47":"tag-repas","48":"tag-reunions","49":"tag-saison-halloween","50":"tag-saison-noel","51":"tag-saison-telethon","52":"tag-saisons-culturelles","53":"tag-salons","54":"tag-seniors","55":"tag-soirees","56":"tag-sortir-en-eure-et-loir","57":"tag-spectacles","58":"tag-sport","59":"tag-thes-dansants","60":"tag-tourisme","61":"tag-ventes-aux-encheres","62":"tag-visites"},"share_on_mastodon":{"url":"","error":"Validation failed: Text character limit of 500 exceeded"},"_links":{"self":[{"href":"https:\/\/www.europesays.com\/fr\/wp-json\/wp\/v2\/posts\/626393","targetHints":{"allow":["GET"]}}],"collection":[{"href":"https:\/\/www.europesays.com\/fr\/wp-json\/wp\/v2\/posts"}],"about":[{"href":"https:\/\/www.europesays.com\/fr\/wp-json\/wp\/v2\/types\/post"}],"author":[{"embeddable":true,"href":"https:\/\/www.europesays.com\/fr\/wp-json\/wp\/v2\/users\/2"}],"replies":[{"embeddable":true,"href":"https:\/\/www.europesays.com\/fr\/wp-json\/wp\/v2\/comments?post=626393"}],"version-history":[{"count":0,"href":"https:\/\/www.europesays.com\/fr\/wp-json\/wp\/v2\/posts\/626393\/revisions"}],"wp:featuredmedia":[{"embeddable":true,"href":"https:\/\/www.europesays.com\/fr\/wp-json\/wp\/v2\/media\/626394"}],"wp:attachment":[{"href":"https:\/\/www.europesays.com\/fr\/wp-json\/wp\/v2\/media?parent=626393"}],"wp:term":[{"taxonomy":"category","embeddable":true,"href":"https:\/\/www.europesays.com\/fr\/wp-json\/wp\/v2\/categories?post=626393"},{"taxonomy":"post_tag","embeddable":true,"href":"https:\/\/www.europesays.com\/fr\/wp-json\/wp\/v2\/tags?post=626393"}],"curies":[{"name":"wp","href":"https:\/\/api.w.org\/{rel}","templated":true}]}}