{"id":626400,"date":"2025-12-28T04:16:26","date_gmt":"2025-12-28T04:16:26","guid":{"rendered":"https:\/\/www.europesays.com\/fr\/626400\/"},"modified":"2025-12-28T04:16:26","modified_gmt":"2025-12-28T04:16:26","slug":"bertrand-de-saint-vincent-miss-chaos-2026","status":"publish","type":"post","link":"https:\/\/www.europesays.com\/fr\/626400\/","title":{"rendered":"Bertrand de Saint Vincent\u00a0: \u00abMiss Chaos 2026\u00bb"},"content":{"rendered":"<p>\n    <strong>CHRONIQUE &#8211;<\/strong> Miss France 2026 est \u00e0 l\u2019image du pays dont elle a rev\u00eatu l\u2019\u00e9charpe\u00a0: c\u2019est Miss K.-O. Avec les yeux verts.<\/p>\n<p class=\"fig-paragraph\"><a href=\"http:\/\/tvmag.lefigaro.fr\/programme-tv\/miss-france\/miss-france-2026-hinaupoko-deveze-couronnee-miss-tahiti-2025-20250629\" data-fig-type=\"Article\" data-gtm-custom-categorie=\"navigation\" data-gtm-custom-action=\"crossclick\" data-gtm-custom-label=\"Contextuel\" data-gtm-event=\"customEventSPE\" data-fig-domain=\"TVMAG\" target=\"_blank\" rel=\"noopener\">Miss Tahiti 2025<\/a>\u00a0a de sublimes yeux verts. \u00ab\u00a0Pincez-moi, pincez-moi\u00a0!\u00a0\u00bb s\u2019est-elle exclam\u00e9e au moment de son triomphe. Je n\u2019aurais jamais cru qu\u2019un jour j\u2019aurais un aussi beau dressing \u00e0 ma disposition.\u00a0\u00bb Un dimanche de d\u00e9cembre, Hinaupoko Dev\u00e8ze est devenue Miss France 2026. Devant plus de 6\u00a0millions de t\u00e9l\u00e9spectateurs, elle a battu d\u2019une courte t\u00eate Miss\u00a0Cal\u00e9donie. C\u2019\u00e9tait la favorite du public\u2009; le jury aurait pr\u00e9f\u00e9r\u00e9 sa dauphine. Cette derni\u00e8re a obtenu l\u2019\u00e9charpe de la bonne camaraderie.<\/p>\n<p class=\"fig-paragraph\">Elles \u00e9taient 30\u00a0postulantes au d\u00e9part. Au Karibea Sainte-Luce H\u00f4tel, elles ont suivi des cours de catwalk, une master class de prise de confiance en soi, un perfectionnement en maquillage. Plus un test de culture g\u00e9n\u00e9rale\u00a0: 60\u00a0questions. Vingt \u00e0 quarante secondes pour y r\u00e9pondre. On a supprim\u00e9 la dict\u00e9e\u00a0: principe de pr\u00e9caution.<\/p>\n<p class=\"fig-paragraph\">Douze d\u2019entre elles ont \u00e9t\u00e9 retenues pour le grand soir. Miss Nord-Pas-de-Calais n\u2019a pas cach\u00e9 sa d\u00e9ception de ne pas avoir \u00e9t\u00e9 s\u00e9lectionn\u00e9e\u00a0: \u00ab\u00a0Je\u2026<\/p>\n<p class=\"fig-premium-paywall__infos\">\n        Cet article est r\u00e9serv\u00e9 aux abonn\u00e9s.        Il vous reste 73% \u00e0 d\u00e9couvrir.\n    <\/p>\n<p>                <img  data- alt=\"Le Figaro\" class=\"fig-img--complete fig-img\"\/><\/p>\n<p class=\"fig-premium-paywall__title\">Vous avez envie de lire la suite ?<\/p>\n<p class=\"fig-premium-paywall__subtitle\">D\u00e9bloquez tous les articles imm\u00e9diatement.<\/p>\n<p class=\"fig-premium-paywall__connect\">\n                D\u00e9j\u00e0 abonn\u00e9\u00a0?                <a class=\"fig-premium-paywall__connect-link\" href=\"https:\/\/connect.lefigaro.fr\/login?client=horizon_web&amp;type=main&amp;redirect_uri=https%3A%2F%2Fwww.lefigaro.fr%2Fvox%2Fsociete%2Fbertrand-de-saint-vincent-miss-chaos-2026-20251227\" data-js-gtm=\"{&quot;customCategorie&quot;: &quot;conversion&quot;, &quot;customAction&quot;: &quot;before_Landing_Connexion_paywall_auto&quot;, &quot;customLabel&quot;: &quot;bGVmaWdhcm8uZnJfXzFmMGUwYjcxLTllNjctNmIwNC1hNjExLTVkZTJlY2ViOGVkYl9fQXJ0aWNsZQ==_Bertrand de Saint Vincent\u00a0: \u00abMiss Chaos 2026\u00bb_148&quot;, &quot;customIDSPE&quot;: &quot;bGVmaWdhcm8uZnJfXzFmMGUwYjcxLTllNjctNmIwNC1hNjExLTVkZTJlY2ViOGVkYl9fQXJ0aWNsZQ==&quot;, &quot;event&quot;: &quot;customEventSPE&quot;}\" target=\"_blank\" rel=\"noopener\"><br \/>\n                    Connectez-vous<br \/>\n                <\/a>\n            <\/p>\n","protected":false},"excerpt":{"rendered":"CHRONIQUE &#8211; Miss France 2026 est \u00e0 l\u2019image du pays dont elle a rev\u00eatu l\u2019\u00e9charpe\u00a0: c\u2019est Miss K.-O.&hellip;\n","protected":false},"author":2,"featured_media":626401,"comment_status":"","ping_status":"","sticky":false,"template":"","format":"standard","meta":{"footnotes":""},"categories":[8],"tags":[58,59,1011,27,3034],"class_list":{"0":"post-626400","1":"post","2":"type-post","3":"status-publish","4":"format-standard","5":"has-post-thumbnail","7":"category-divertissement","8":"tag-divertissement","9":"tag-entertainment","10":"tag-fr","11":"tag-france","12":"tag-miss-france"},"share_on_mastodon":{"url":"https:\/\/pubeurope.com\/@fr\/115795262529018931","error":""},"_links":{"self":[{"href":"https:\/\/www.europesays.com\/fr\/wp-json\/wp\/v2\/posts\/626400","targetHints":{"allow":["GET"]}}],"collection":[{"href":"https:\/\/www.europesays.com\/fr\/wp-json\/wp\/v2\/posts"}],"about":[{"href":"https:\/\/www.europesays.com\/fr\/wp-json\/wp\/v2\/types\/post"}],"author":[{"embeddable":true,"href":"https:\/\/www.europesays.com\/fr\/wp-json\/wp\/v2\/users\/2"}],"replies":[{"embeddable":true,"href":"https:\/\/www.europesays.com\/fr\/wp-json\/wp\/v2\/comments?post=626400"}],"version-history":[{"count":0,"href":"https:\/\/www.europesays.com\/fr\/wp-json\/wp\/v2\/posts\/626400\/revisions"}],"wp:featuredmedia":[{"embeddable":true,"href":"https:\/\/www.europesays.com\/fr\/wp-json\/wp\/v2\/media\/626401"}],"wp:attachment":[{"href":"https:\/\/www.europesays.com\/fr\/wp-json\/wp\/v2\/media?parent=626400"}],"wp:term":[{"taxonomy":"category","embeddable":true,"href":"https:\/\/www.europesays.com\/fr\/wp-json\/wp\/v2\/categories?post=626400"},{"taxonomy":"post_tag","embeddable":true,"href":"https:\/\/www.europesays.com\/fr\/wp-json\/wp\/v2\/tags?post=626400"}],"curies":[{"name":"wp","href":"https:\/\/api.w.org\/{rel}","templated":true}]}}