{"id":626408,"date":"2025-12-28T04:20:23","date_gmt":"2025-12-28T04:20:23","guid":{"rendered":"https:\/\/www.europesays.com\/fr\/626408\/"},"modified":"2025-12-28T04:20:23","modified_gmt":"2025-12-28T04:20:23","slug":"vigilance-orange-dans-les-pyrenees-orientales-pourquoi-les-gps-ont-ils-envoye-des-automobilistes-vers-des-passages-a-gue-fermes","status":"publish","type":"post","link":"https:\/\/www.europesays.com\/fr\/626408\/","title":{"rendered":"Vigilance orange dans les Pyr\u00e9n\u00e9es-Orientales\u00a0: Pourquoi les GPS ont-ils envoy\u00e9 des automobilistes vers des passages \u00e0 gu\u00e9 ferm\u00e9s\u00a0?"},"content":{"rendered":"<p>\n                                                                Alors que des routes \u00e9taient inaccessibles, durant l\u2019alerte orange de ces derniers jours, des syst\u00e8mes de navigation proposaient des itin\u00e9raires sur des routes en partie ferm\u00e9es des Pyr\u00e9n\u00e9es-Orientales.\n                            <\/p>\n<p>C\u2019est sans doute un des \u00e9l\u00e9ments que les autorit\u00e9s devront parvenir \u00e0 corriger au plus vite pour \u00e9viter de mettre en danger les populations et \u00e9carter encore plus la survenue de drames lors d\u2019\u00e9pisodes climatiques \u00e0 l\u2019intensit\u00e9 remarquable.<\/p>\n<p>Les syst\u00e8mes de navigation ne sont en effet pas aussi fiables que l\u2019on pense et, ces derniers jours, L\u2019Ind\u00e9pendant est en mesure d\u2019assurer que des passages \u00e0 gu\u00e9 annonc\u00e9s ferm\u00e9s par les autorit\u00e9s n\u2019\u00e9taient pas indiqu\u00e9s sur les applications telles que Waze, Google Maps, etc. Pire m\u00eame, certains syst\u00e8mes de navigation faisaient passer les automobilistes par ces passages \u00e0 gu\u00e9 pourtant interdits \u00e0 la circulation.<\/p>\n<p>C\u2019\u00e9tait ainsi le cas \u00e0 Pollestres o\u00f9, ce samedi encore, un seul des trois passages \u00e0 gu\u00e9 ferm\u00e9s de la ville \u00e9tait indiqu\u00e9 comme tel sur Google Maps. La m\u00eame application continuait \u00e0 proposer des itin\u00e9raires via les passages \u00e0 gu\u00e9 ferm\u00e9s.<\/p>\n<p>Il n\u2019\u00e9tait alors pas \u00e9tonnant de voir des automobilistes, trop confiants dans leurs syst\u00e8mes de navigation, tenter de forcer le passage. Ce vendredi 26 d\u00e9cembre, le maire de Pollestres, Jean-Charles Moriconi, s\u2019\u00e9tait ainsi d\u00e9sol\u00e9 aupr\u00e8s de <a href=\"https:\/\/www.lindependant.fr\/2025\/12\/26\/intemperies-le-maire-de-pollestres-denonce-certains-inconscients-qui-tentent-de-traverser-les-passages-a-gue-13132029.php\" target=\"_self\" rel=\"noopener\">L\u2019Ind\u00e9pendant <\/a>de la prise de risque de certains automobilistes qui cherchaient \u00e0 traverser ces passages \u00e0 gu\u00e9. \u00ab\u00a0Vous mettez en place un dispositif, avec les agents et \u00e9lus, qui restent en veille sous la pluie, et vous attrapez des personnes qui enl\u00e8vent les protections de s\u00e9curit\u00e9 pour pouvoir traverser le cours d\u2019eau\u00a0\u00bb, d\u00e9plorait le maire.<\/p>\n<p><strong>Un syst\u00e8me \u00e0 l\u2019espagnole \u00e0 inventer ?<\/strong><\/p>\n<p>Les automobilistes sont-ils devenus \u00e0 ce point d\u00e9pendants de leurs syst\u00e8mes de navigation qu\u2019ils en viennent \u00e0 ignorer les alertes pr\u00e9sentes sur le terrain ?<\/p>\n<p>Cette confiance aveugle dans des syst\u00e8mes imparfaits se nourrit pourtant de donn\u00e9es collaboratives loin d\u2019\u00eatre fiables \u00e0 100 % et devrait appeler \u00e0 la prudence en toute occasion. Et si des cartes officielles des incidents routiers existent bien comme inforoutes11 ou 66, elles sont incompl\u00e8tes et pas vraiment \u00ab\u00a0digital friendly\u00a0\u00bb\u2026 Il est sans doute aussi \u00e0 d\u00e9plorer que ces syst\u00e8mes ne communiquent pas entre eux\u2026<\/p>\n<p>L\u2019exemple pourrait venir, une fois de plus, de l\u2019Espagne o\u00f9 le gouvernement a acc\u00e9l\u00e9r\u00e9 la mise en place de son syst\u00e8me DGT 3.0 apr\u00e8s le dramatique \u00e9pisode climatique de Valencia, en octobre 2024.<\/p>\n<p>La plateforme de la DGT (direction g\u00e9n\u00e9rale du trafic) vise \u00e0 centraliser l\u2019information actualis\u00e9e avec une s\u00e9rie de services mis en place par ou pour les automobilistes. Cette application de navigation permet d\u2019\u00e9viter les embouteillages, les manifestations, les incidents et les accidents officiellement r\u00e9pertori\u00e9s. Elle se nourrit aussi des fameuses balises connect\u00e9es qui seront obligatoires en Espagne \u00e0 partir du 1er janvier 2026. Chaque incident alerte les autres automobilistes en temps r\u00e9el. Sa mise en place vise un objectif plus large et tr\u00e8s ambitieux : \u00ab\u00a0z\u00e9ro d\u00e9c\u00e8s sur les routes d\u2019ici 2050\u00a0\u00bb.<\/p>\n","protected":false},"excerpt":{"rendered":"Alors que des routes \u00e9taient inaccessibles, durant l\u2019alerte orange de ces derniers jours, des syst\u00e8mes de navigation proposaient&hellip;\n","protected":false},"author":2,"featured_media":626409,"comment_status":"","ping_status":"","sticky":false,"template":"","format":"standard","meta":{"footnotes":""},"categories":[4],"tags":[1111,11,1011,27,15882,12,3464,11548,25],"class_list":{"0":"post-626408","1":"post","2":"type-post","3":"status-publish","4":"format-standard","5":"has-post-thumbnail","7":"category-france","8":"tag-actu","9":"tag-actualites","10":"tag-fr","11":"tag-france","12":"tag-mu00e9tu00e9o","13":"tag-news","14":"tag-perpignan","15":"tag-pyrenees-orientales","16":"tag-republique-francaise"},"share_on_mastodon":{"url":"https:\/\/pubeurope.com\/@fr\/115795278347801747","error":""},"_links":{"self":[{"href":"https:\/\/www.europesays.com\/fr\/wp-json\/wp\/v2\/posts\/626408","targetHints":{"allow":["GET"]}}],"collection":[{"href":"https:\/\/www.europesays.com\/fr\/wp-json\/wp\/v2\/posts"}],"about":[{"href":"https:\/\/www.europesays.com\/fr\/wp-json\/wp\/v2\/types\/post"}],"author":[{"embeddable":true,"href":"https:\/\/www.europesays.com\/fr\/wp-json\/wp\/v2\/users\/2"}],"replies":[{"embeddable":true,"href":"https:\/\/www.europesays.com\/fr\/wp-json\/wp\/v2\/comments?post=626408"}],"version-history":[{"count":0,"href":"https:\/\/www.europesays.com\/fr\/wp-json\/wp\/v2\/posts\/626408\/revisions"}],"wp:featuredmedia":[{"embeddable":true,"href":"https:\/\/www.europesays.com\/fr\/wp-json\/wp\/v2\/media\/626409"}],"wp:attachment":[{"href":"https:\/\/www.europesays.com\/fr\/wp-json\/wp\/v2\/media?parent=626408"}],"wp:term":[{"taxonomy":"category","embeddable":true,"href":"https:\/\/www.europesays.com\/fr\/wp-json\/wp\/v2\/categories?post=626408"},{"taxonomy":"post_tag","embeddable":true,"href":"https:\/\/www.europesays.com\/fr\/wp-json\/wp\/v2\/tags?post=626408"}],"curies":[{"name":"wp","href":"https:\/\/api.w.org\/{rel}","templated":true}]}}