{"id":626419,"date":"2025-12-28T04:32:25","date_gmt":"2025-12-28T04:32:25","guid":{"rendered":"https:\/\/www.europesays.com\/fr\/626419\/"},"modified":"2025-12-28T04:32:25","modified_gmt":"2025-12-28T04:32:25","slug":"apres-la-pluie-la-foule-a-massivement-retrouve-le-centre-ville-de-montpellier-ce-samedi-27-decembre","status":"publish","type":"post","link":"https:\/\/www.europesays.com\/fr\/626419\/","title":{"rendered":"Apr\u00e8s la pluie, la foule a massivement retrouv\u00e9 le centre-ville de Montpellier ce samedi 27\u00a0d\u00e9cembre"},"content":{"rendered":"<p>\n                                                                Apr\u00e8s plusieurs jours de pluie et d\u2019intemp\u00e9ries, le centre-ville de Montpellier a fait le plein ce samedi 27\u00a0septembre. Rues bond\u00e9es, terrasses anim\u00e9es\u00a0: une affluence massive qui ne dit pas si elle se transforme en consommation record.\n                            <\/p>\n<p>Apr\u00e8s plusieurs jours rythm\u00e9s par les intemp\u00e9ries, juste avant le rush de No\u00ebl, le centre-ville de Montpellier a retrouv\u00e9 des airs de grand jour ce samedi 27\u00a0septembre. Tout au long de la journ\u00e9e, les rues pi\u00e9tonnes de l\u2019\u00c9cusson, en particulier la rue de la Loge et la place de la Com\u00e9die, \u00e9taient noires de monde. Un contraste saisissant apr\u00e8s une p\u00e9riode marqu\u00e9e par la pluie, qui avait largement frein\u00e9 la fr\u00e9quentation des commerces et des terrasses.<\/p>\n<p>Affluence massive<\/p>\n<p>Sous un ciel enfin cl\u00e9ment, Montpelli\u00e9rains et touristes ont r\u00e9pondu pr\u00e9sents, profitant de ce r\u00e9pit m\u00e9t\u00e9o pour fl\u00e2ner, faire leurs achats ou simplement se retrouver en ville. Cette affluence massive a redonn\u00e9 le sourire aux commer\u00e7ants, qui esp\u00e8rent transformer cette fr\u00e9quentation en ventes concr\u00e8tes.<\/p>\n<p>Si l\u2019ambiance \u00e9tait au rendez-vous, tous restent n\u00e9anmoins prudents. Apr\u00e8s un mois de d\u00e9cembre en demi-teinte, cette p\u00e9riode de vacances est d\u00e9cisive pour confirmer ce regain d\u2019activit\u00e9 et relancer une dynamique commerciale fragilis\u00e9e par les caprices de la m\u00e9t\u00e9o.<\/p>\n","protected":false},"excerpt":{"rendered":"Apr\u00e8s plusieurs jours de pluie et d\u2019intemp\u00e9ries, le centre-ville de Montpellier a fait le plein ce samedi 27\u00a0septembre.&hellip;\n","protected":false},"author":2,"featured_media":626420,"comment_status":"","ping_status":"","sticky":false,"template":"","format":"standard","meta":{"footnotes":""},"categories":[9599],"tags":[1111,11,1777,674,1011,27,7089,2208,12,2680,25,1857,16726],"class_list":{"0":"post-626419","1":"post","2":"type-post","3":"status-publish","4":"format-standard","5":"has-post-thumbnail","7":"category-montpellier","8":"tag-actu","9":"tag-actualites","10":"tag-eu","11":"tag-europe","12":"tag-fr","13":"tag-france","14":"tag-herault","15":"tag-montpellier","16":"tag-news","17":"tag-occitanie","18":"tag-republique-francaise","19":"tag-sociu00e9tu00e9","20":"tag-vie-quotidienne"},"share_on_mastodon":{"url":"https:\/\/pubeurope.com\/@fr\/115795325297060413","error":""},"_links":{"self":[{"href":"https:\/\/www.europesays.com\/fr\/wp-json\/wp\/v2\/posts\/626419","targetHints":{"allow":["GET"]}}],"collection":[{"href":"https:\/\/www.europesays.com\/fr\/wp-json\/wp\/v2\/posts"}],"about":[{"href":"https:\/\/www.europesays.com\/fr\/wp-json\/wp\/v2\/types\/post"}],"author":[{"embeddable":true,"href":"https:\/\/www.europesays.com\/fr\/wp-json\/wp\/v2\/users\/2"}],"replies":[{"embeddable":true,"href":"https:\/\/www.europesays.com\/fr\/wp-json\/wp\/v2\/comments?post=626419"}],"version-history":[{"count":0,"href":"https:\/\/www.europesays.com\/fr\/wp-json\/wp\/v2\/posts\/626419\/revisions"}],"wp:featuredmedia":[{"embeddable":true,"href":"https:\/\/www.europesays.com\/fr\/wp-json\/wp\/v2\/media\/626420"}],"wp:attachment":[{"href":"https:\/\/www.europesays.com\/fr\/wp-json\/wp\/v2\/media?parent=626419"}],"wp:term":[{"taxonomy":"category","embeddable":true,"href":"https:\/\/www.europesays.com\/fr\/wp-json\/wp\/v2\/categories?post=626419"},{"taxonomy":"post_tag","embeddable":true,"href":"https:\/\/www.europesays.com\/fr\/wp-json\/wp\/v2\/tags?post=626419"}],"curies":[{"name":"wp","href":"https:\/\/api.w.org\/{rel}","templated":true}]}}