{"id":626422,"date":"2025-12-28T04:39:31","date_gmt":"2025-12-28T04:39:31","guid":{"rendered":"https:\/\/www.europesays.com\/fr\/626422\/"},"modified":"2025-12-28T04:39:31","modified_gmt":"2025-12-28T04:39:31","slug":"un-incendie-nocturne-a-rennes-une-femme-hospitalisee","status":"publish","type":"post","link":"https:\/\/www.europesays.com\/fr\/626422\/","title":{"rendered":"Un incendie nocturne \u00e0 Rennes : une femme hospitalis\u00e9e"},"content":{"rendered":"<p style=\"text-align: justify;\" data-start=\"188\" data-end=\"443\">Un incendie s\u2019est produit dans la nuit du vendredi 26 au samedi 27 d\u00e9cembre 2025, aux alentours de 1 h 30 du matin, dans un immeuble d\u2019habitation situ\u00e9 square du Dr Fernand Jacques, dans le quartier de La Pommeraie. Il a pris au troisi\u00e8me \u00e9tage de l\u2019immeuble, dans un appartement en duplex. \u00c0 ce stade, l\u2019origine du sinistre demeure inconnue. Rapidement d\u00e9p\u00each\u00e9s sur place, les 61 sapeurs-pompiers ont engag\u00e9 deux lances pour venir \u00e0 bout des flammes. Leur intervention rapide a permis de contenir l\u2019incendie et d\u2019\u00e9viter toute propagation aux autres niveaux du b\u00e2timent. Par mesure de s\u00e9curit\u00e9, les occupants de l\u2019immeuble ont \u00e9t\u00e9 \u00e9vacu\u00e9s. Au total, 28 personnes ont \u00e9t\u00e9 mises \u00e0 l\u2019abri. Une femme \u00e2g\u00e9e de 46 ans, incommod\u00e9e, a \u00e9t\u00e9 prise en charge par les secours et transport\u00e9e au CHU de Rennes. Le feu a \u00e9t\u00e9 officiellement ma\u00eetris\u00e9 vers 3 h du matin. Les op\u00e9rations de s\u00e9curisation et de v\u00e9rification des lieux se sont poursuivies plusieurs heures avant de s\u2019achever aux alentours de 7 h 30. Cr\u00e9dit : Sdis35<\/p>\n","protected":false},"excerpt":{"rendered":"Un incendie s\u2019est produit dans la nuit du vendredi 26 au samedi 27 d\u00e9cembre 2025, aux alentours de&hellip;\n","protected":false},"author":2,"featured_media":626423,"comment_status":"","ping_status":"","sticky":false,"template":"","format":"standard","meta":{"footnotes":""},"categories":[2821],"tags":[1111,11,829,1777,674,1011,27,12,584,25],"class_list":{"0":"post-626422","1":"post","2":"type-post","3":"status-publish","4":"format-standard","5":"has-post-thumbnail","7":"category-rennes","8":"tag-actu","9":"tag-actualites","10":"tag-bretagne","11":"tag-eu","12":"tag-europe","13":"tag-fr","14":"tag-france","15":"tag-news","16":"tag-rennes","17":"tag-republique-francaise"},"share_on_mastodon":{"url":"https:\/\/pubeurope.com\/@fr\/115795352803547741","error":""},"_links":{"self":[{"href":"https:\/\/www.europesays.com\/fr\/wp-json\/wp\/v2\/posts\/626422","targetHints":{"allow":["GET"]}}],"collection":[{"href":"https:\/\/www.europesays.com\/fr\/wp-json\/wp\/v2\/posts"}],"about":[{"href":"https:\/\/www.europesays.com\/fr\/wp-json\/wp\/v2\/types\/post"}],"author":[{"embeddable":true,"href":"https:\/\/www.europesays.com\/fr\/wp-json\/wp\/v2\/users\/2"}],"replies":[{"embeddable":true,"href":"https:\/\/www.europesays.com\/fr\/wp-json\/wp\/v2\/comments?post=626422"}],"version-history":[{"count":0,"href":"https:\/\/www.europesays.com\/fr\/wp-json\/wp\/v2\/posts\/626422\/revisions"}],"wp:featuredmedia":[{"embeddable":true,"href":"https:\/\/www.europesays.com\/fr\/wp-json\/wp\/v2\/media\/626423"}],"wp:attachment":[{"href":"https:\/\/www.europesays.com\/fr\/wp-json\/wp\/v2\/media?parent=626422"}],"wp:term":[{"taxonomy":"category","embeddable":true,"href":"https:\/\/www.europesays.com\/fr\/wp-json\/wp\/v2\/categories?post=626422"},{"taxonomy":"post_tag","embeddable":true,"href":"https:\/\/www.europesays.com\/fr\/wp-json\/wp\/v2\/tags?post=626422"}],"curies":[{"name":"wp","href":"https:\/\/api.w.org\/{rel}","templated":true}]}}