{"id":626426,"date":"2025-12-28T04:42:16","date_gmt":"2025-12-28T04:42:16","guid":{"rendered":"https:\/\/www.europesays.com\/fr\/626426\/"},"modified":"2025-12-28T04:42:16","modified_gmt":"2025-12-28T04:42:16","slug":"stop-au-suicide-de-loccident-dans-sa-guerre-contre-la-russie-strasbourg-2025","status":"publish","type":"post","link":"https:\/\/www.europesays.com\/fr\/626426\/","title":{"rendered":"Stop au suicide de l\u2019Occident dans sa guerre contre la Russie ! Strasbourg 2025"},"content":{"rendered":"<p><strong>Stop au suicide de l\u2019Occident dans sa guerre contre la Russie \u2013 \u0152uvrons pour la Paix et la Libert\u00e9\u00a0!<\/strong><\/p>\n<p>Citoyens souverains et partisans de la paix, rejoignez-nous\u00a0!<\/p>\n<p>L\u2019association 3R (R\u00e9sister, Reconqu\u00e9rir, R\u00e9gir) vous appelle \u00e0 un rassemblement pro-paix le<strong> samedi 27 d\u00e9cembre 2025, de 15 h \u00e0 17 h, place d\u2019Austerlitz \u00e0 Strasbourg.<\/strong><\/p>\n<p>Une guerre absurde men\u00e9e par des tyrans corrompus au service des puissances de l\u2019argent, qui n\u2019ont d\u2019autre but que de nous asservir.<\/p>\n<p>Les atteintes \u00e0 nos droits fondamentaux, tant individuels que collectifs, \u00e0 la libert\u00e9 de s\u2019informer et bient\u00f4t \u00e0 celle de contester, doivent cesser\u00a0!<\/p>\n<p>Les partisans de la paix sont jet\u00e9s en prison ou harcel\u00e9s comme des criminels\u00a0:<\/p>\n<p><strong>* Anna Novikova<\/strong> (et ses coll\u00e8gues de SOS Donbass), cette humanitaire fran\u00e7aise arr\u00eat\u00e9e le 17 novembre 2025, accus\u00e9e d\u2019\u00ab espionnage \u00bb sans preuves.<\/p>\n<p><strong>* Jacques Baud<\/strong>, cet analyste suisse objectif, sanctionn\u00e9 par l\u2019UE le 15 d\u00e9cembre 2025 pour \u00ab propagande pro-russe \u00bb sans proc\u00e8s\u00a0!<\/p>\n<p><strong>* Xavier Moreau<\/strong> (et tant d\u2019autres), qui n\u2019a fait qu\u2019avertir des cons\u00e9quences d\u00e9sastreuses de cette guerre.<\/p>\n<p><strong>* <\/strong>En Estonie, le parti souverainiste pacifiste<strong> Koos<\/strong> est interdit\u00a0; ses leaders ont \u00e9t\u00e9 condamn\u00e9s \u00e0 14 ans et 13 ans de prison pour \u00ab trahison \u00bb \u2013 pour avoir pr\u00f4n\u00e9 le retrait de l\u2019OTAN et le refus du bellicisme contre la Russie.<\/p>\n<p>Nous, membres de 3R (et sympathisants), refusons cette d\u00e9ch\u00e9ance\u00a0! Nous exigeons\u00a0:<\/p>\n<p>La lib\u00e9ration imm\u00e9diate d\u2019Anna Novikova et de tous les prisonniers politiques pro-paix\u00a0!<\/p>\n<p>La fin des sanctions contre Jacques Baud et les dissidents\u00a0: la v\u00e9rit\u00e9 n\u2019est pas un crime\u00a0!<\/p>\n<p>Le Frexit, la sortie de l\u2019OTAN et de l\u2019Union europ\u00e9enne pour retrouver notre souverainet\u00e9\u00a0!<\/p>\n<p>La paix imm\u00e9diate en Ukraine bas\u00e9e sur le droit international (r\u00e9solution 2202 de l\u2019ONU) &amp; +\u00a0!<\/p>\n<p>La fin des sanctions contre la Russie et l\u2019inculpation des bellicistes qui ruin\u00e8rent l\u2019occident et qui contribu\u00e8rent aux exactions envers les Slaves et les l\u00e9gitimes autochtones du Levant (&amp; d\u2019Iran)\u00a0!<\/p>\n<p>Le refus de l\u2019impunit\u00e9 de l\u2019\u00c9tat g\u00e9nocidaire isra\u00e9lien (et de ses complices d\u2019ici). Des m\u00e9dias et des politiciens fran\u00e7ais falsifient les faits et ostracisent les antisionistes. Nul besoin d\u2019\u00eatre adepte du Hamas<strong>*1<\/strong> ou pro-islam<strong>*1<\/strong> pour admettre que les exactions (et l\u2019exil des habitants de Gaza &amp; Cisjordanie en ruines) que subissent les autochtones du Levant sont immorales et pr\u00e9judiciables pour la paix des autochtones occidentaux\u00a0!<\/p>\n<p>Rejoignez-nous le 27 d\u00e9cembre \u00e0 Strasbourg pour crier\u00a0: Non \u00e0 la guerre, oui \u00e0 la paix et \u00e0 la souverainet\u00e9\u00a0! Apportez vos pancartes, votre voix et votre d\u00e9termination. Ensemble, nous pouvons renverser cette tyrannie mondialiste et b\u00e2tir une France libre, prosp\u00e8re et en paix.<\/p>\n<p><strong>*1<\/strong>\u00a0: \u00a03R n\u2019est pas \u00ab l\u2019ami \u00bb de ces entit\u00e9s (politique et religieuse) qui nous sont fondamentalement exog\u00e8nes sur le plan culturel. Toutefois, nous affirmons l\u2019\u00e9vidence que les autochtones du Levant (et d\u2019Iran) agissent l\u00e9gitimement, avec les moyens du bord, pour obtenir leur \u00e9mancipation (et la paix) vis-\u00e0-vis des belliqueux expansionnistes sionistes. Nous ne croyons pas, comme les droitards sionistes, qu\u2019Isra\u00ebl et ses affid\u00e9s aideront les autochtones occidentaux \u00e0 s\u2019\u00e9manciper. Nous conseillons humblement aux sionistes de vivre au Birobidjan et aux fadas islamo-gauchistes de se souvenir que l\u2019islam (l\u2019Oumma) ne fait pas bon m\u00e9nage avec les (pr\u00e9tendus) progressistes, comme ce fut le cas en Iran, en Alg\u00e9rie, etc., o\u00f9, \u00e0 chaque fois, les cor\u00e9volutionnaires gauchistes p\u00e9rirent ou fuirent lorsque les ex-coll\u00e8gues islamistes impos\u00e8rent \u00e0 tous leurs vues. Certes, le processus de cohabitation (qui nous fut impos\u00e9) puis d\u2019exactions (qui n\u2019est pas qu\u2019un sentiment d\u2019ins\u00e9curit\u00e9 et pas seulement vis-\u00e0-vis des adeptes de l\u2019islam) n\u2019est pas 100 % identique, mais ne pas admettre les corr\u00e9lations (n\u00e9fastes pour les autochtones) rel\u00e8ve du d\u00e9ni du r\u00e9el, type aveuglement id\u00e9ologique. Chez 3R, nous ne sommes pas suicidaires\u00a0: nous refusons les exactions envers les Slaves et envers ceux du Levant (et d\u2019Iran) tout en refusant l\u2019effacement de l\u2019Occident. Nous voulons la paix\u00a0! Nota\u00a0: La pathologie id\u00e9ologique (type dissonance cognitive) du d\u00e9ni du r\u00e9el n\u2019affecte pas que les gauchistes\/wokistes\u00a0!<\/p>\n<p>Contact\u00a0: Association 3R =&gt; <a href=\"https:\/\/www.jds.fr\/strasbourg\/manifestations\/mailto:resisterreconquerirregir@gmail.com\" target=\"_blank\" rel=\"noopener\">resisterreconquerirregir@gmail.com<\/a><\/p>\n<p>Visitez\u00a0 =&gt; <a href=\"https:\/\/rrr.netlib.re\" target=\"_blank\" rel=\"nofollow noopener\">https:\/\/rrr.netlib.re<\/a><\/p>\n<p>Pour plus d\u2019infos (ainsi que pour d\u00e9couvrir nos expos argumentation pro paix et artistique &amp; comm\u00e9morative 1525) et adh\u00e9sions. \u00a0<\/p>\n<p>\u00a0 \u00a0 \u00a0<\/p>\n<p>\u00a0Solidarit\u00e9 et r\u00e9sistance.<\/p>\n<p><a href=\"https:\/\/rrr.netlib.re\/?stop-au-suicide-de-l-occident-dans-sa-guerre-contre-la-russie-oeuvrons-pour-la\" target=\"_blank\" rel=\"nofollow noopener\">https:\/\/rrr.netlib.re\/?stop-au-suicide-de-l-occident-dans-sa-guerre-contre-la-russie-oeuvrons-pour-la<\/a><\/p>\n","protected":false},"excerpt":{"rendered":"Stop au suicide de l\u2019Occident dans sa guerre contre la Russie \u2013 \u0152uvrons pour la Paix et la&hellip;\n","protected":false},"author":2,"featured_media":626427,"comment_status":"","ping_status":"","sticky":false,"template":"","format":"standard","meta":{"footnotes":""},"categories":[2820],"tags":[1111,11,1777,674,1011,27,775,12,25,640],"class_list":{"0":"post-626426","1":"post","2":"type-post","3":"status-publish","4":"format-standard","5":"has-post-thumbnail","7":"category-strasbourg","8":"tag-actu","9":"tag-actualites","10":"tag-eu","11":"tag-europe","12":"tag-fr","13":"tag-france","14":"tag-grand-est","15":"tag-news","16":"tag-republique-francaise","17":"tag-strasbourg"},"share_on_mastodon":{"url":"https:\/\/pubeurope.com\/@fr\/115795364676613316","error":""},"_links":{"self":[{"href":"https:\/\/www.europesays.com\/fr\/wp-json\/wp\/v2\/posts\/626426","targetHints":{"allow":["GET"]}}],"collection":[{"href":"https:\/\/www.europesays.com\/fr\/wp-json\/wp\/v2\/posts"}],"about":[{"href":"https:\/\/www.europesays.com\/fr\/wp-json\/wp\/v2\/types\/post"}],"author":[{"embeddable":true,"href":"https:\/\/www.europesays.com\/fr\/wp-json\/wp\/v2\/users\/2"}],"replies":[{"embeddable":true,"href":"https:\/\/www.europesays.com\/fr\/wp-json\/wp\/v2\/comments?post=626426"}],"version-history":[{"count":0,"href":"https:\/\/www.europesays.com\/fr\/wp-json\/wp\/v2\/posts\/626426\/revisions"}],"wp:featuredmedia":[{"embeddable":true,"href":"https:\/\/www.europesays.com\/fr\/wp-json\/wp\/v2\/media\/626427"}],"wp:attachment":[{"href":"https:\/\/www.europesays.com\/fr\/wp-json\/wp\/v2\/media?parent=626426"}],"wp:term":[{"taxonomy":"category","embeddable":true,"href":"https:\/\/www.europesays.com\/fr\/wp-json\/wp\/v2\/categories?post=626426"},{"taxonomy":"post_tag","embeddable":true,"href":"https:\/\/www.europesays.com\/fr\/wp-json\/wp\/v2\/tags?post=626426"}],"curies":[{"name":"wp","href":"https:\/\/api.w.org\/{rel}","templated":true}]}}