{"id":626430,"date":"2025-12-28T04:44:15","date_gmt":"2025-12-28T04:44:15","guid":{"rendered":"https:\/\/www.europesays.com\/fr\/626430\/"},"modified":"2025-12-28T04:44:15","modified_gmt":"2025-12-28T04:44:15","slug":"grosse-decision-de-restes-toulouse-pour-son-avenir-nice-avance-pour-un-joli-coup-en-serie-a","status":"publish","type":"post","link":"https:\/\/www.europesays.com\/fr\/626430\/","title":{"rendered":"Grosse d\u00e9cision de Restes (Toulouse) pour son avenir, Nice avance pour un joli coup en Serie A"},"content":{"rendered":"<p>Guillaume Restes est annonc\u00e9 depuis maintenant quelques ann\u00e9es comme l&rsquo;un des gardiens les plus prometteurs en France. Titulaire chez les Espoirs, il n&rsquo;a pas encore go\u00fbt\u00e9 aux A mais a bien \u00e9videmment cet objectif dans un coin de la t\u00eate. Une chose est s\u00fbre, du temps de jeu, il en b\u00e9n\u00e9ficie puisqu&rsquo;il est titulaire indiscutable \u00e0 Toulouse.<\/p>\n<p>Sans surprise, son nom revient souvent dans la rubrique transferts et un d\u00e9part ne semble pas exclu dans les prochains mois, probablement cet \u00e9t\u00e9. Et \u00e0 en croire les informations des <a href=\"https:\/\/www.lesviolets.com\/actu\/mercato-guillaume-restes-fait-un-choix-important-pour-la-suite-de-sa-carriere,80517.html\" target=\"_blank\" rel=\"noopener\">Violets<\/a>, le portier de 20 ans aurait pris une d\u00e9cision importante concernant son avis puisqu&rsquo;il aurait chang\u00e9 d&rsquo;agence pour le repr\u00e9senter.<\/p>\n<p>\u00c0 lire aussiRestes change de repr\u00e9sentants, \u00e7a avance pour Richardson \u00e0 Nice<\/p>\n<p>Li\u00e9 \u00e0 l&rsquo;agence Classico depuis le d\u00e9but de sa carri\u00e8re, il a d\u00e9cid\u00e9 de prendre un autre virage. Une preuve de plus que l&rsquo;apr\u00e8s TFC semble se rapprocher pour le natif de la Ville Rose. L&rsquo;\u00e9t\u00e9 dernier, son nom avait \u00e9t\u00e9 associ\u00e9 \u00e0 Galatasaray mais le deal n&rsquo;avait finalement pas abouti. Reste \u00e0 savoir quels pr\u00e9tendants viendront taper \u00e0 la porte du TFC.<\/p>\n<p>Dans le m\u00eame temps, l&rsquo;OGC Nice s&rsquo;active sur son Mercato hivernal. Alors que le nom d&rsquo;Elye Wahi revient avec insistance, Fabrizio Romano assure que les n\u00e9gociations avancent dans le bon sens pour l&rsquo;arriv\u00e9e d&rsquo;Amir Richardson. L&rsquo;international marocain pourrait donc quitter la Fiorentine afin de faire son retour dans le club de sa ville natale.<\/p>\n<p>Pass\u00e9 par le Gym entre 2012 et 2019, il avait quitt\u00e9 la France et le Stade de Reims en 2024 afin de s&rsquo;engager avec la Viola. Mais l&rsquo;exp\u00e9rience italienne n&rsquo;a pas \u00e9t\u00e9 concluante, lui qui n&rsquo;a disput\u00e9 que quatre petites rencontres toutes comp\u00e9titions confondues depuis le d\u00e9but de la saison. Gare cependant \u00e0 la concurrence, car plusieurs clubs seraient sur le coup.<\/p>\n<blockquote class=\"twitter-tweet\">\n<p dir=\"ltr\" lang=\"en\">Amir Richardson will leave Fiorentina in January as talks are underway with OGC Nice, as exclusively revealed. \u2935\ufe0f\ud83c\uddf2\ud83c\udde6 <a href=\"https:\/\/t.co\/aXmCQp9mcV\">https:\/\/t.co\/aXmCQp9mcV<\/a><\/p>\n<p>\u2014 Fabrizio Romano (@FabrizioRomano) <a href=\"https:\/\/twitter.com\/FabrizioRomano\/status\/2004640117064102248?ref_src=twsrc%5Etfw\" target=\"_blank\" rel=\"noopener\">December 26, 2025<\/a><\/p>\n<\/blockquote>\n<p>   Partagez cette info avec vos amis et vos proches en cliquant ici<br \/> Pour r\u00e9sumer<\/p>\n<p>Guillaume Restes, titulaire \u00e0 Toulouse et espoir fran\u00e7ais, a chang\u00e9 d\u2019agence, laissant pr\u00e9sager un d\u00e9part cet \u00e9t\u00e9. Son nom circule depuis longtemps sur le march\u00e9, tandis que Nice avance sur Amir Richardson pour renforcer son effectif hivernal.<\/p>\n<p>R\u00e9dacteur<\/p>\n<p><img decoding=\"async\" width=\"76\" height=\"76\" loading=\"lazy\" src=\"https:\/\/www.europesays.com\/fr\/wp-content\/uploads\/2025\/04\/avatar-onze.webp.webp\" alt=\"Nathan Bricout\"\/><script async src=\"https:\/\/platform.twitter.com\/widgets.js\" charset=\"utf-8\"><\/script><\/p>\n","protected":false},"excerpt":{"rendered":"Guillaume Restes est annonc\u00e9 depuis maintenant quelques ann\u00e9es comme l&rsquo;un des gardiens les plus prometteurs en France. Titulaire&hellip;\n","protected":false},"author":2,"featured_media":626431,"comment_status":"","ping_status":"","sticky":false,"template":"","format":"standard","meta":{"footnotes":""},"categories":[2819],"tags":[1111,11,1777,674,1011,27,66,12,2401,882,25,10662],"class_list":{"0":"post-626430","1":"post","2":"type-post","3":"status-publish","4":"format-standard","5":"has-post-thumbnail","7":"category-nice","8":"tag-actu","9":"tag-actualites","10":"tag-eu","11":"tag-europe","12":"tag-fr","13":"tag-france","14":"tag-ligue-1","15":"tag-news","16":"tag-nice","17":"tag-provence-alpes-cote-dazur","18":"tag-republique-francaise","19":"tag-transferts"},"share_on_mastodon":{"url":"https:\/\/pubeurope.com\/@fr\/115795372886206489","error":""},"_links":{"self":[{"href":"https:\/\/www.europesays.com\/fr\/wp-json\/wp\/v2\/posts\/626430","targetHints":{"allow":["GET"]}}],"collection":[{"href":"https:\/\/www.europesays.com\/fr\/wp-json\/wp\/v2\/posts"}],"about":[{"href":"https:\/\/www.europesays.com\/fr\/wp-json\/wp\/v2\/types\/post"}],"author":[{"embeddable":true,"href":"https:\/\/www.europesays.com\/fr\/wp-json\/wp\/v2\/users\/2"}],"replies":[{"embeddable":true,"href":"https:\/\/www.europesays.com\/fr\/wp-json\/wp\/v2\/comments?post=626430"}],"version-history":[{"count":0,"href":"https:\/\/www.europesays.com\/fr\/wp-json\/wp\/v2\/posts\/626430\/revisions"}],"wp:featuredmedia":[{"embeddable":true,"href":"https:\/\/www.europesays.com\/fr\/wp-json\/wp\/v2\/media\/626431"}],"wp:attachment":[{"href":"https:\/\/www.europesays.com\/fr\/wp-json\/wp\/v2\/media?parent=626430"}],"wp:term":[{"taxonomy":"category","embeddable":true,"href":"https:\/\/www.europesays.com\/fr\/wp-json\/wp\/v2\/categories?post=626430"},{"taxonomy":"post_tag","embeddable":true,"href":"https:\/\/www.europesays.com\/fr\/wp-json\/wp\/v2\/tags?post=626430"}],"curies":[{"name":"wp","href":"https:\/\/api.w.org\/{rel}","templated":true}]}}