{"id":626437,"date":"2025-12-28T04:50:13","date_gmt":"2025-12-28T04:50:13","guid":{"rendered":"https:\/\/www.europesays.com\/fr\/626437\/"},"modified":"2025-12-28T04:50:13","modified_gmt":"2025-12-28T04:50:13","slug":"fenouillet-la-memoire-collective-se-raconte-au-present-appel-aux-archives","status":"publish","type":"post","link":"https:\/\/www.europesays.com\/fr\/626437\/","title":{"rendered":"Fenouillet. La m\u00e9moire collective se raconte au pr\u00e9sent : appel aux archives !"},"content":{"rendered":"<p>L\u2019histoire locale continue de s\u2019\u00e9crire \u00e0 plusieurs voix \u00e0 Fenouillet. Fort du succ\u00e8s rencontr\u00e9 par l\u2019exposition \u00ab\u00a0Il \u00e9tait une fois \u00e0 Fenouillet : les commerces et les m\u00e9tiers\u00a0\u00bb, le projet interg\u00e9n\u00e9rationnel et participatif d\u00e9di\u00e9 \u00e0 la pr\u00e9servation de la m\u00e9moire de la commune se poursuit avec un nouveau chapitre. Cette fois, ce sont les f\u00eates et les loisirs d\u2019antan qui sont \u00e0 l\u2019honneur. Port\u00e9e par la volont\u00e9 de valoriser le patrimoine immat\u00e9riel de la ville, cette initiative invite les habitants \u00e0 replonger dans les souvenirs qui ont rythm\u00e9 la vie fenouilletaine : rires partag\u00e9s lors des f\u00eates de village, musiques entra\u00eenantes des bals populaires, jeux d\u2019autrefois et moments de convivialit\u00e9 qui ont marqu\u00e9 plusieurs g\u00e9n\u00e9rations. Autant de fragments de vie qui dessinent l\u2019identit\u00e9 d\u2019un territoire et racontent son \u00e9volution. Apr\u00e8s avoir explor\u00e9 les m\u00e9tiers et les commerces d\u2019autrefois, ce deuxi\u00e8me \u00e9pisode de la s\u00e9rie \u00ab\u00a0Il \u00e9tait une fois \u00e0 Fenouillet\u00a0\u00bb se veut r\u00e9solument f\u00e9d\u00e9rateur. Il s\u2019adresse aussi bien \u00e0 celles et ceux qui ont v\u00e9cu ces \u00e9poques qu\u2019aux plus jeunes, curieux de d\u00e9couvrir un pass\u00e9 qu\u2019ils n\u2019ont pas connu. Photos anciennes, anecdotes familiales, t\u00e9moignages personnels : chaque contribution compte pour enrichir ce r\u00e9cit collectif. La d\u00e9marche repose sur un principe simple mais essentiel : transmettre. Transmettre des souvenirs, des \u00e9motions et une m\u00e9moire vivante, afin que l\u2019histoire locale ne se perde pas et continue d\u2019inspirer les g\u00e9n\u00e9rations futures. En favorisant les \u00e9changes entre habitants, le projet renforce \u00e9galement le lien social et le dialogue interg\u00e9n\u00e9rationnel. Les Fenouilletains d\u00e9sireux de participer \u00e0 cette aventure collective sont invit\u00e9s \u00e0 se manifester aupr\u00e8s du service communication de la ville. Car \u00e0 Fenouillet, l\u2019histoire ne se contente pas d\u2019\u00eatre conserv\u00e9e : elle se partage, se raconte et se construit ensemble, au fil des souvenirs et des rencontres.<\/p>\n","protected":false},"excerpt":{"rendered":"L\u2019histoire locale continue de s\u2019\u00e9crire \u00e0 plusieurs voix \u00e0 Fenouillet. Fort du succ\u00e8s rencontr\u00e9 par l\u2019exposition \u00ab\u00a0Il \u00e9tait&hellip;\n","protected":false},"author":2,"featured_media":626438,"comment_status":"","ping_status":"","sticky":false,"template":"","format":"standard","meta":{"footnotes":""},"categories":[2816],"tags":[1111,11,1777,674,73579,1011,27,329,2722,12,2680,25,1857,2312,70312],"class_list":{"0":"post-626437","1":"post","2":"type-post","3":"status-publish","4":"format-standard","5":"has-post-thumbnail","7":"category-toulouse","8":"tag-actu","9":"tag-actualites","10":"tag-eu","11":"tag-europe","12":"tag-fenouillet","13":"tag-fr","14":"tag-france","15":"tag-france-monde","16":"tag-haute-garonne","17":"tag-news","18":"tag-occitanie","19":"tag-republique-francaise","20":"tag-sociu00e9tu00e9","21":"tag-toulouse","22":"tag-vie-des-au00eenu00e9s"},"share_on_mastodon":{"url":"https:\/\/pubeurope.com\/@fr\/115795396099241976","error":""},"_links":{"self":[{"href":"https:\/\/www.europesays.com\/fr\/wp-json\/wp\/v2\/posts\/626437","targetHints":{"allow":["GET"]}}],"collection":[{"href":"https:\/\/www.europesays.com\/fr\/wp-json\/wp\/v2\/posts"}],"about":[{"href":"https:\/\/www.europesays.com\/fr\/wp-json\/wp\/v2\/types\/post"}],"author":[{"embeddable":true,"href":"https:\/\/www.europesays.com\/fr\/wp-json\/wp\/v2\/users\/2"}],"replies":[{"embeddable":true,"href":"https:\/\/www.europesays.com\/fr\/wp-json\/wp\/v2\/comments?post=626437"}],"version-history":[{"count":0,"href":"https:\/\/www.europesays.com\/fr\/wp-json\/wp\/v2\/posts\/626437\/revisions"}],"wp:featuredmedia":[{"embeddable":true,"href":"https:\/\/www.europesays.com\/fr\/wp-json\/wp\/v2\/media\/626438"}],"wp:attachment":[{"href":"https:\/\/www.europesays.com\/fr\/wp-json\/wp\/v2\/media?parent=626437"}],"wp:term":[{"taxonomy":"category","embeddable":true,"href":"https:\/\/www.europesays.com\/fr\/wp-json\/wp\/v2\/categories?post=626437"},{"taxonomy":"post_tag","embeddable":true,"href":"https:\/\/www.europesays.com\/fr\/wp-json\/wp\/v2\/tags?post=626437"}],"curies":[{"name":"wp","href":"https:\/\/api.w.org\/{rel}","templated":true}]}}