{"id":626439,"date":"2025-12-28T04:51:13","date_gmt":"2025-12-28T04:51:13","guid":{"rendered":"https:\/\/www.europesays.com\/fr\/626439\/"},"modified":"2025-12-28T04:51:13","modified_gmt":"2025-12-28T04:51:13","slug":"comedie-de-toulouse-trois-spectacles-sinon-rien","status":"publish","type":"post","link":"https:\/\/www.europesays.com\/fr\/626439\/","title":{"rendered":"Com\u00e9die de Toulouse : trois spectacles sinon rien"},"content":{"rendered":"<p>La Com\u00e9die de Toulouse propose un r\u00e9veillon exceptionnel plac\u00e9 sous le signe du spectacle et de la f\u00eate. \u00c0 17h30 puis \u00e0 22h30, \u00ab\u00a0Les D\u00e9coiffeuses\u00a0\u00bb, succ\u00e8s du Festival d\u2019Avignon 2025, entra\u00eenent les spectateurs dans un salon de coiffure aussi d\u00e9lirant qu\u2019hilarant avec Isabelle Parsy et Sandra Jouet. \u00c0 19h30, place \u00e0 l\u2019\u00e9motion avec Kiko Ruiz et Rafael Pradal (photo) pour un concert de flamenco m\u00ealant virtuosit\u00e9 et sensibilit\u00e9 dans un cadre chaleureux. \u00c0 20h, Ang\u00e9lique Panch\u00e9ri enflammera la sc\u00e8ne avec \u00ab\u00a0Very Speed Dating\u00a0\u00bb, un one woman show survolt\u00e9, dr\u00f4le et explosif, pour finir l\u2019ann\u00e9e dans les rires et l\u2019\u00e9nergie.<\/p>\n<p>Com\u00e9die de Toulouse, 16, rue Saint-Germier.Tel.05 37 04 01 02.<\/p>\n<p><a href=\"http:\/\/www.lacomediedetoulouse.com\" target=\"_blank\" rel=\"nofollow noopener\">www.lacomediedetoulouse.com<\/a>Soir\u00e9e festive et hilarante au Studio 55<\/p>\n<p>La soir\u00e9e du r\u00e9veillon s\u2019annonce aussi festive qu\u2019hilarante au Studio 55, qui rouvre exceptionnellement ses portes \u00e0 Toulouse Montaudran pour l\u2019occasion. Rendez-vous avec deux spectacles exceptionnels port\u00e9s par l\u2019\u00e9nergie et l\u2019humour de M\u00e9lissa, Pat et Fred. \u00c0 18h30, \u00ab\u00a0Les Toulousains refont les f\u00eates\u00a0\u00bb ouvrent la soir\u00e9e avec une com\u00e9die \u00e0 sketchs irr\u00e9sistible. Repas de famille interminables, exc\u00e8s en tout genre, cadeaux improbables et bonnes r\u00e9solutions vite oubli\u00e9es : les f\u00eates de fin d\u2019ann\u00e9e sont pass\u00e9es au crible dans un cabaret festif m\u00ealant rires, chansons et parodies. Un spectacle \u00e9v\u00e9nement o\u00f9 cotillons, pulls moches et situations absurdes s\u2019encha\u00eenent pour terminer l\u2019ann\u00e9e en beaut\u00e9. \u00c0 21h, place \u00e0 \u00ab\u00a0Toulousain : Le Best Of\u00a0\u00bb, un concentr\u00e9 explosif de cinq spectacles. Pour f\u00eater leurs 10 ans de sc\u00e8ne, le trio revisite ses sketchs cultes, improvisations m\u00e9morables et chansons marquantes. Trois formules sont propos\u00e9es : spectacle avec coupe de champagne, spectacle seul ou tarif \u2013 16 ans.<\/p>\n<p>Infos et r\u00e9servation : 06.<a href=\"http:\/\/59.21.20.86\" target=\"_blank\" rel=\"nofollow\">59.21.20.86<\/a>. 55 Av Louis Breguet, \u00e0 Toulouse. <a href=\"http:\/\/www.studio-55.fr\" target=\"_blank\" rel=\"nofollow noopener\">www.studio-55.fr<\/a>Dansez avec les artistes du Cirque de No\u00ebl<\/p>\n","protected":false},"excerpt":{"rendered":"La Com\u00e9die de Toulouse propose un r\u00e9veillon exceptionnel plac\u00e9 sous le signe du spectacle et de la f\u00eate.&hellip;\n","protected":false},"author":2,"featured_media":626440,"comment_status":"","ping_status":"","sticky":false,"template":"","format":"standard","meta":{"footnotes":""},"categories":[2816],"tags":[1111,11,1777,674,1011,27,329,2722,12,2680,25,1857,2312],"class_list":{"0":"post-626439","1":"post","2":"type-post","3":"status-publish","4":"format-standard","5":"has-post-thumbnail","7":"category-toulouse","8":"tag-actu","9":"tag-actualites","10":"tag-eu","11":"tag-europe","12":"tag-fr","13":"tag-france","14":"tag-france-monde","15":"tag-haute-garonne","16":"tag-news","17":"tag-occitanie","18":"tag-republique-francaise","19":"tag-sociu00e9tu00e9","20":"tag-toulouse"},"share_on_mastodon":{"url":"https:\/\/pubeurope.com\/@fr\/115795399979737348","error":""},"_links":{"self":[{"href":"https:\/\/www.europesays.com\/fr\/wp-json\/wp\/v2\/posts\/626439","targetHints":{"allow":["GET"]}}],"collection":[{"href":"https:\/\/www.europesays.com\/fr\/wp-json\/wp\/v2\/posts"}],"about":[{"href":"https:\/\/www.europesays.com\/fr\/wp-json\/wp\/v2\/types\/post"}],"author":[{"embeddable":true,"href":"https:\/\/www.europesays.com\/fr\/wp-json\/wp\/v2\/users\/2"}],"replies":[{"embeddable":true,"href":"https:\/\/www.europesays.com\/fr\/wp-json\/wp\/v2\/comments?post=626439"}],"version-history":[{"count":0,"href":"https:\/\/www.europesays.com\/fr\/wp-json\/wp\/v2\/posts\/626439\/revisions"}],"wp:featuredmedia":[{"embeddable":true,"href":"https:\/\/www.europesays.com\/fr\/wp-json\/wp\/v2\/media\/626440"}],"wp:attachment":[{"href":"https:\/\/www.europesays.com\/fr\/wp-json\/wp\/v2\/media?parent=626439"}],"wp:term":[{"taxonomy":"category","embeddable":true,"href":"https:\/\/www.europesays.com\/fr\/wp-json\/wp\/v2\/categories?post=626439"},{"taxonomy":"post_tag","embeddable":true,"href":"https:\/\/www.europesays.com\/fr\/wp-json\/wp\/v2\/tags?post=626439"}],"curies":[{"name":"wp","href":"https:\/\/api.w.org\/{rel}","templated":true}]}}