{"id":626441,"date":"2025-12-28T04:53:14","date_gmt":"2025-12-28T04:53:14","guid":{"rendered":"https:\/\/www.europesays.com\/fr\/626441\/"},"modified":"2025-12-28T04:53:14","modified_gmt":"2025-12-28T04:53:14","slug":"une-jeune-femme-tuee-a-larme-blanche-son-compagnon-mis-en-cause","status":"publish","type":"post","link":"https:\/\/www.europesays.com\/fr\/626441\/","title":{"rendered":"une jeune femme tu\u00e9e \u00e0 l\u2019arme blanche, son compagnon mis en cause"},"content":{"rendered":"<p>      <strong>Une alerte donn\u00e9e par le compagnon<\/strong><\/p>\n<p dir=\"ltr\">Les faits se sont produits le samedi 27 d\u00e9cembre 2025, dans l\u2019apr\u00e8s-midi \u00e0 <a target=\"_blank\" rel=\"noopener noreferrer\" href=\"https:\/\/www.linfo.re\/tags\/lille\"><strong>Lille<\/strong><\/a>. Selon une source polici\u00e8re, les services de police ont \u00e9t\u00e9 contact\u00e9s par le compagnon de la victime. \u00c0 leur arriv\u00e9e, les agents ont d\u00e9couvert le corps sans vie d\u2019une jeune femme, pr\u00e9sentant plusieurs blessures inflig\u00e9es par une arme blanche.<\/p>\n<p><strong>Un homme ma\u00eetris\u00e9 par les forces de l\u2019ordre<\/strong><\/p>\n<p dir=\"ltr\">Sur place, le suspect, \u00e2g\u00e9 de 29 ans, se trouvait en possession d\u2019un couteau. Les policiers ont proc\u00e9d\u00e9 \u00e0 sa neutralisation avant de l\u2019interpeller. Les circonstances exactes de l\u2019intervention restent \u00e0 pr\u00e9ciser, tandis que les premi\u00e8res constatations ont \u00e9t\u00e9 men\u00e9es sur les lieux du drame.<\/p>\n<p><strong>Une enqu\u00eate judiciaire en cours<\/strong><\/p>\n<p dir=\"ltr\">L\u2019homme a \u00e9t\u00e9 plac\u00e9 en garde \u00e0 vue pour <strong>homicide par concubin<\/strong>, a confirm\u00e9 le procureur de la R\u00e9publique adjoint de Lille, Antoine Berthelot. \u00c0 ce stade, il n\u2019avait pas encore \u00e9t\u00e9 entendu par les enqu\u00eateurs. Aucun \u00e9l\u00e9ment ne permettait donc, samedi soir, d\u2019\u00e9voquer un mobile. Les investigations se poursuivent afin de faire toute la lumi\u00e8re sur cette affaire.<\/p>\n<p dir=\"ltr\">D\u2019apr\u00e8s les donn\u00e9es 2024 de la Mission interminist\u00e9rielle pour la protection des femmes, publi\u00e9es en novembre, plus de trois <a target=\"_blank\" rel=\"noopener noreferrer\" href=\"https:\/\/www.linfo.re\/tags\/feminicide\"><strong>f\u00e9minicides<\/strong><\/a> ou tentatives de f\u00e9minicides conjugaux sont recens\u00e9s chaque jour en France, un chiffre en augmentation.<\/p>\n<p dir=\"ltr\">Sources : Ouest-France, CNews<\/p>\n","protected":false},"excerpt":{"rendered":"Une alerte donn\u00e9e par le compagnon Les faits se sont produits le samedi 27 d\u00e9cembre 2025, dans l\u2019apr\u00e8s-midi&hellip;\n","protected":false},"author":2,"featured_media":626442,"comment_status":"","ping_status":"","sticky":false,"template":"","format":"standard","meta":{"footnotes":""},"categories":[2815],"tags":[1111,11,1777,674,1011,27,811,1307,12,25],"class_list":{"0":"post-626441","1":"post","2":"type-post","3":"status-publish","4":"format-standard","5":"has-post-thumbnail","7":"category-lille","8":"tag-actu","9":"tag-actualites","10":"tag-eu","11":"tag-europe","12":"tag-fr","13":"tag-france","14":"tag-hauts-de-france","15":"tag-lille","16":"tag-news","17":"tag-republique-francaise"},"share_on_mastodon":{"url":"https:\/\/pubeurope.com\/@fr\/115795407870182972","error":""},"_links":{"self":[{"href":"https:\/\/www.europesays.com\/fr\/wp-json\/wp\/v2\/posts\/626441","targetHints":{"allow":["GET"]}}],"collection":[{"href":"https:\/\/www.europesays.com\/fr\/wp-json\/wp\/v2\/posts"}],"about":[{"href":"https:\/\/www.europesays.com\/fr\/wp-json\/wp\/v2\/types\/post"}],"author":[{"embeddable":true,"href":"https:\/\/www.europesays.com\/fr\/wp-json\/wp\/v2\/users\/2"}],"replies":[{"embeddable":true,"href":"https:\/\/www.europesays.com\/fr\/wp-json\/wp\/v2\/comments?post=626441"}],"version-history":[{"count":0,"href":"https:\/\/www.europesays.com\/fr\/wp-json\/wp\/v2\/posts\/626441\/revisions"}],"wp:featuredmedia":[{"embeddable":true,"href":"https:\/\/www.europesays.com\/fr\/wp-json\/wp\/v2\/media\/626442"}],"wp:attachment":[{"href":"https:\/\/www.europesays.com\/fr\/wp-json\/wp\/v2\/media?parent=626441"}],"wp:term":[{"taxonomy":"category","embeddable":true,"href":"https:\/\/www.europesays.com\/fr\/wp-json\/wp\/v2\/categories?post=626441"},{"taxonomy":"post_tag","embeddable":true,"href":"https:\/\/www.europesays.com\/fr\/wp-json\/wp\/v2\/tags?post=626441"}],"curies":[{"name":"wp","href":"https:\/\/api.w.org\/{rel}","templated":true}]}}