{"id":626443,"date":"2025-12-28T04:55:14","date_gmt":"2025-12-28T04:55:14","guid":{"rendered":"https:\/\/www.europesays.com\/fr\/626443\/"},"modified":"2025-12-28T04:55:14","modified_gmt":"2025-12-28T04:55:14","slug":"zinedine-zidane-lanecdote-puissante-a-marseille","status":"publish","type":"post","link":"https:\/\/www.europesays.com\/fr\/626443\/","title":{"rendered":"Zinedine Zidane : L\u2019anecdote puissante \u00e0 Marseille !"},"content":{"rendered":"<p>                    Thibault Morlain<br \/>\n                        &#8211;<\/p>\n<p>Journaliste<\/p>\n<p>Apr\u00e8s s\u2019\u00eatre essay\u00e9 \u00e0 diff\u00e9rents sports, Thibault se tourne vers une carri\u00e8re de footballeur amateur. Au moment de faire un choix entre devenir footballeur professionnel et journaliste, les qualit\u00e9s ont fait pencher la balance d\u2019un c\u00f4t\u00e9. Le voil\u00e0 d\u00e9sormais au sein de la r\u00e9daction du 10 Sport, apr\u00e8s un dipl\u00f4me obtenu \u00e0 l\u2019Institut International de Communication de Paris.<\/p>\n<p class=\"heading\">Comme cela \u00e9tait stipul\u00e9 dans son contrat avec la Juventus, en 1998, en remportant le Ballon d\u2019Or, Zinedine Zidane a re\u00e7u une Ferrari de la part du club italien. Le fait est qu\u2019il n\u2019est pas \u00e9norm\u00e9ment utilis\u00e9 cette voiture, qui est d\u2019ailleurs rest\u00e9e dans le garage de ses parents \u00e0 Marseille. Il n\u2019emp\u00eache que Zidane a gard\u00e9 cela comme un tr\u00e8s grand souvenir de son passage \u00e0 la Juventus.\n<\/p>\n<p>De 1996 \u00e0 2001, <a href=\"https:\/\/le10sport.com\/football\/equipe-de-france\/zidane-fin-de-lhistoire-damour-il-regrette-amerement-769563\" target=\"_blank\" rel=\"noopener\">Zinedine Zidane<\/a> a port\u00e9 le maillot de la <strong>Juventus<\/strong>. C\u2019est donc quand il \u00e9tait en Italie qu\u2019il a remport\u00e9 le Ballon d\u2019Or. Un troph\u00e9e qui lui a \u00e9t\u00e9 d\u00e9cern\u00e9 en 1998 apr\u00e8s la Coupe du monde soulev\u00e9e avec la <strong>France<\/strong>. De quoi valoir \u00e0 <strong>Zidane<\/strong> un tr\u00e8s beau cadeau de la part de la Vieille Dame. \u00ab\u00a0Je suis arriv\u00e9 \u00e0 la Juventus en 1996, et une clause sp\u00e9ciale figurait dans mon contrat : si je remportais le Ballon d&rsquo;Or dans les cinq ans, le club m&rsquo;offrirait une Ferrari. En 1998, j&rsquo;ai gagn\u00e9 le Ballon d&rsquo;Or, et la Juventus, sans tarder, a tenu sa promesse\u00a0\u00bb, confiait <strong>Zidane<\/strong>, rapport\u00e9 par <strong>Alfredo Pedulla<\/strong>. <\/p>\n<p>                                            \u00ab\u00a0La voiture est rest\u00e9e dans le garage de mes parents \u00e0 Marseille\u00a0\u00bb<\/p>\n<p>Mais qu\u2019est devenue ensuite cette Ferrari r\u00e9cup\u00e9r\u00e9e par <strong>Zinedine Zidane<\/strong> ? Dans la suite de son interview, l\u2019ancien joueur de la <strong>Juventus<\/strong> expliquait : \u00ab\u00a0Je n&rsquo;ai pas beaucoup utilis\u00e9 cette Ferrari, une F355 Berlinetta. Seulement quand j&rsquo;en avais envie. Je ne l&rsquo;ai jamais emmen\u00e9e \u00e0 Turin. La voiture est rest\u00e9e dans le garage de mes parents \u00e0 Marseille pendant plus de vingt ans, rarement utilis\u00e9e mais toujours conserv\u00e9e avec beaucoup d&rsquo;affection comme un souvenir de ma carri\u00e8re et de mon lien avec l\u2019Italie\u00a0\u00bb. <\/p>\n<p>                                            \u00ab\u00a0Le symbole d&rsquo;un moment historique et d&rsquo;un lien particulier avec la Juventus\u00a0\u00bb<\/p>\n<p>\u00ab Pour moi, cette Ferrari n&rsquo;a jamais \u00e9t\u00e9 un simple bien mat\u00e9riel, mais le symbole d&rsquo;un moment historique et d&rsquo;un lien particulier avec la Juventus et le football italien, un souvenir inestimable\u00a0\u00bb, poursuivait ensuite <strong>Zinedine Zidane<\/strong> sur la valeur particuli\u00e8re de cette Ferrari. <\/p>\n","protected":false},"excerpt":{"rendered":"Thibault Morlain &#8211; Journaliste Apr\u00e8s s\u2019\u00eatre essay\u00e9 \u00e0 diff\u00e9rents sports, Thibault se tourne vers une carri\u00e8re de footballeur&hellip;\n","protected":false},"author":2,"featured_media":626444,"comment_status":"","ping_status":"","sticky":false,"template":"","format":"standard","meta":{"footnotes":""},"categories":[2814],"tags":[1111,11,1777,674,1011,27,884,12,882,25],"class_list":{"0":"post-626443","1":"post","2":"type-post","3":"status-publish","4":"format-standard","5":"has-post-thumbnail","7":"category-marseille","8":"tag-actu","9":"tag-actualites","10":"tag-eu","11":"tag-europe","12":"tag-fr","13":"tag-france","14":"tag-marseille","15":"tag-news","16":"tag-provence-alpes-cote-dazur","17":"tag-republique-francaise"},"share_on_mastodon":{"url":"https:\/\/pubeurope.com\/@fr\/115795416147501833","error":""},"_links":{"self":[{"href":"https:\/\/www.europesays.com\/fr\/wp-json\/wp\/v2\/posts\/626443","targetHints":{"allow":["GET"]}}],"collection":[{"href":"https:\/\/www.europesays.com\/fr\/wp-json\/wp\/v2\/posts"}],"about":[{"href":"https:\/\/www.europesays.com\/fr\/wp-json\/wp\/v2\/types\/post"}],"author":[{"embeddable":true,"href":"https:\/\/www.europesays.com\/fr\/wp-json\/wp\/v2\/users\/2"}],"replies":[{"embeddable":true,"href":"https:\/\/www.europesays.com\/fr\/wp-json\/wp\/v2\/comments?post=626443"}],"version-history":[{"count":0,"href":"https:\/\/www.europesays.com\/fr\/wp-json\/wp\/v2\/posts\/626443\/revisions"}],"wp:featuredmedia":[{"embeddable":true,"href":"https:\/\/www.europesays.com\/fr\/wp-json\/wp\/v2\/media\/626444"}],"wp:attachment":[{"href":"https:\/\/www.europesays.com\/fr\/wp-json\/wp\/v2\/media?parent=626443"}],"wp:term":[{"taxonomy":"category","embeddable":true,"href":"https:\/\/www.europesays.com\/fr\/wp-json\/wp\/v2\/categories?post=626443"},{"taxonomy":"post_tag","embeddable":true,"href":"https:\/\/www.europesays.com\/fr\/wp-json\/wp\/v2\/tags?post=626443"}],"curies":[{"name":"wp","href":"https:\/\/api.w.org\/{rel}","templated":true}]}}