{"id":626448,"date":"2025-12-28T05:02:13","date_gmt":"2025-12-28T05:02:13","guid":{"rendered":"https:\/\/www.europesays.com\/fr\/626448\/"},"modified":"2025-12-28T05:02:13","modified_gmt":"2025-12-28T05:02:13","slug":"en-video-les-plus-beaux-essais-du-duel-epique-entre-bayonne-et-le-stade-francais","status":"publish","type":"post","link":"https:\/\/www.europesays.com\/fr\/626448\/","title":{"rendered":"en vid\u00e9o, les plus beaux essais du duel \u00e9pique entre Bayonne et le Stade Fran\u00e7ais"},"content":{"rendered":"<p>\n    Au bout du suspense, les Bayonnais ont pr\u00e9serv\u00e9 leur invincibilit\u00e9 \u00e0 Jean-Dauger en arrachant la victoire face aux Parisiens (35-34).<\/p>\n<p class=\"fig-paragraph\"><a href=\"http:\/\/www.lefigaro.fr\/sports\/rugby\/top-14\/top-14-au-terme-d-un-superbe-mano-a-mano-bayonne-s-impose-contre-le-stade-francais-et-reste-invaincu-a-jean-dauger-20251227\" data-fig-type=\"NewsFlash\" data-gtm-custom-categorie=\"navigation\" data-gtm-custom-action=\"crossclick\" data-gtm-custom-label=\"Contextuel\" data-gtm-event=\"customEventSPE\" data-fig-domain=\"LEFIGARO\" target=\"_blank\" rel=\"noopener\">Un grand match \u00e0 Jean-Dauger\u00a0!<\/a>\u00a0L\u2019Aviron Bayonnais s\u2019est impos\u00e9 in extremis face au Stade Fran\u00e7ais (<a href=\"https:\/\/www.lefigaro.fr\/sports\/rugby\/live\/top-14\/2026\/948009\/bayonne-st-francais\" target=\"_blank\" data-fig-type=\"Live\" rel=\"noopener\" data-gtm-custom-categorie=\"navigation\" data-gtm-custom-action=\"crossclick\" data-gtm-custom-label=\"Contextuel\" data-gtm-event=\"customEventSPE\" data-fig-domain=\"LEFIGARO\">35-34<\/a>), ce samedi, \u00e0 l\u2019occasion de la 13e journ\u00e9e du Top 14. Les Basques signent, dans la douleur, une 21e victoire cons\u00e9cutive \u00e0 Jean-Dauger. Retrouvez les plus beaux essais de ce match haletant.<\/p>\n<p>                                            Le show Ward<\/p>\n<p class=\"fig-paragraph\">Louis Carbonel jette un coup d\u2019\u0153il et, sur une belle inspiration, sert Ward pr\u00e8s de la ligne \u00e0 droite. Le centre sud-africain s\u2019\u00e9chappe dans la d\u00e9fense et parvient \u00e0 aplatir malgr\u00e9 le retour des Bayonnais. Carbonel transforme. Superbe\u00a0!<\/p>\n<p>                                            <a class=\"fig-a11y-skip\" href=\"#fig-a11y-skip-main-inarticle\" data-module=\"a11y-skip\" data-context=\"was @visible\"><br \/>\n    Passer la publicit\u00e9<br \/>\n<\/a>            <\/p>\n<p>                                            La vista de Carreras<\/p>\n<p class=\"fig-paragraph\">Bouscul\u00e9, Bayonne retrouve des couleurs avant l\u2019heure de jeu. Le demi de m\u00eal\u00e9e sud-africain Jantjies relance depuis son propre camp et transmet \u00e0 Segonds qui, d\u2019un parfait coup de pied, sert parfaitement Carreras, qui franchit seul la ligne. Jean-Dauger s\u2019enflamme\u00a0!<\/p>\n<p>                                            Quel finish de folie\u00a0!<\/p>\n<p class=\"fig-paragraph\">Paulos fait chavirer Jean-Dauger\u00a0! Au bout du suspense, dans les derni\u00e8res secondes et apr\u00e8s une longue s\u00e9rie de pick and go, Paulos franchit la ligne et Bayonne revient \u00e0 un point de Paris. Segonds transforme et offre la victoire \u00e0 son \u00e9quipe. Quelle fin de match\u00a0!<\/p>\n","protected":false},"excerpt":{"rendered":"Au bout du suspense, les Bayonnais ont pr\u00e9serv\u00e9 leur invincibilit\u00e9 \u00e0 Jean-Dauger en arrachant la victoire face aux&hellip;\n","protected":false},"author":2,"featured_media":626449,"comment_status":"","ping_status":"","sticky":false,"template":"","format":"standard","meta":{"footnotes":""},"categories":[1888],"tags":[1111,1928,11,1927,4736,1777,674,1011,27,12,1926,626,1925,25,2558],"class_list":{"0":"post-626448","1":"post","2":"type-post","3":"status-publish","4":"format-standard","5":"has-post-thumbnail","7":"category-paris","8":"tag-actu","9":"tag-actu-paris","10":"tag-actualites","11":"tag-actualites-paris","12":"tag-aviron-bayonnais","13":"tag-eu","14":"tag-europe","15":"tag-fr","16":"tag-france","17":"tag-news","18":"tag-news-paris","19":"tag-paris","20":"tag-paris-news","21":"tag-republique-francaise","22":"tag-stade-francais"},"share_on_mastodon":{"url":"https:\/\/pubeurope.com\/@fr\/115795443285634979","error":""},"_links":{"self":[{"href":"https:\/\/www.europesays.com\/fr\/wp-json\/wp\/v2\/posts\/626448","targetHints":{"allow":["GET"]}}],"collection":[{"href":"https:\/\/www.europesays.com\/fr\/wp-json\/wp\/v2\/posts"}],"about":[{"href":"https:\/\/www.europesays.com\/fr\/wp-json\/wp\/v2\/types\/post"}],"author":[{"embeddable":true,"href":"https:\/\/www.europesays.com\/fr\/wp-json\/wp\/v2\/users\/2"}],"replies":[{"embeddable":true,"href":"https:\/\/www.europesays.com\/fr\/wp-json\/wp\/v2\/comments?post=626448"}],"version-history":[{"count":0,"href":"https:\/\/www.europesays.com\/fr\/wp-json\/wp\/v2\/posts\/626448\/revisions"}],"wp:featuredmedia":[{"embeddable":true,"href":"https:\/\/www.europesays.com\/fr\/wp-json\/wp\/v2\/media\/626449"}],"wp:attachment":[{"href":"https:\/\/www.europesays.com\/fr\/wp-json\/wp\/v2\/media?parent=626448"}],"wp:term":[{"taxonomy":"category","embeddable":true,"href":"https:\/\/www.europesays.com\/fr\/wp-json\/wp\/v2\/categories?post=626448"},{"taxonomy":"post_tag","embeddable":true,"href":"https:\/\/www.europesays.com\/fr\/wp-json\/wp\/v2\/tags?post=626448"}],"curies":[{"name":"wp","href":"https:\/\/api.w.org\/{rel}","templated":true}]}}