{"id":626458,"date":"2025-12-28T05:07:20","date_gmt":"2025-12-28T05:07:20","guid":{"rendered":"https:\/\/www.europesays.com\/fr\/626458\/"},"modified":"2025-12-28T05:07:20","modified_gmt":"2025-12-28T05:07:20","slug":"guerre-en-ukraine-nous-devons-mettre-fin-a-cette-guerre-zelensky-en-visite-aux-etats-unis-pour-une-rencontre-avec-donald-trump","status":"publish","type":"post","link":"https:\/\/www.europesays.com\/fr\/626458\/","title":{"rendered":"Guerre en Ukraine\u00a0: \u00ab\u00a0Nous devons mettre fin \u00e0 cette guerre\u00a0\u00bb, Zelensky en visite aux \u00c9tats-Unis pour une rencontre avec Donald Trump"},"content":{"rendered":"<p>\n                                                                Le pr\u00e9sident ukrainien Volodymyr Zelensky a entam\u00e9 samedi 27\u00a0d\u00e9cembre une escale au Canada avant une rencontre cruciale en Floride avec Donald Trump. Les discussions porteront sur le plan de paix am\u00e9ricain visant \u00e0 geler le front, malgr\u00e9 l\u2019opposition de Moscou.\n                            <\/p>\n<ul>\n<li>\n<p>Le pr\u00e9sident Volodymyr Zelensky a fait escale \u00e0 Halifax (Canada) ce samedi 27\u00a0d\u00e9cembre pour rencontrer le Premier ministre Mark Carney, avant un sommet crucial en Floride avec Donald Trump. Ils doivent discuter du sort du Donbass et des garanties de s\u00e9curit\u00e9 pour l\u2019Ukraine.<\/p>\n<\/li>\n<li>\n<p>Cette visite intervient apr\u00e8s des frappes russes massives sur Kiev et sa r\u00e9gion dans la nuit de vendredi \u00e0 samedi. L\u2019attaque de drones et de missiles a fait deux morts, une quarantaine de bless\u00e9s et a priv\u00e9 d\u2019\u00e9lectricit\u00e9 plus d\u2019un million de foyers suite aux d\u00e9g\u00e2ts sur les infrastructures.<\/p>\n<\/li>\n<li>\n<p>Volodymyr Zelensky et Donald Trump se r\u00e9unissent en Floride pour discuter du plan de paix am\u00e9ricain visant \u00e0 mettre fin \u00e0 pr\u00e8s de quatre ans de guerre. Les \u00e9changes portent sur des \u00ab\u00a0questions sensibles\u00a0\u00bb\u00a0: le gel du front sur les positions actuelles, le sort du Donbass et les garanties de s\u00e9curit\u00e9.<\/p>\n<\/li>\n<\/ul>\n<p><a href=\"https:\/\/www.midilibre.fr\/2025\/12\/27\/guerre-en-ukraine-un-drone-fpv-la-touche-le-neonazi-denis-kapustin-et-commandant-du-corps-des-volontaires-russes-tue-a-zaporijjia-13133163.php\" target=\"_blank\" rel=\"noopener\">Le pr\u00e9sident ukrainien Volodymyr Zelensky <\/a>est arriv\u00e9 samedi 27\u00a0d\u00e9cembre au Canada pour une escale \u00e0 la veille d\u2019une rencontre cruciale en Floride <a href=\"https:\/\/www.midilibre.fr\/2025\/12\/26\/guerre-en-ukraine-une-prochaine-rencontre-trump-zelensky-beaucoup-de-choses-peuvent-etre-decidees-avant-le-nouvel-an-estime-le-president-ukrainien-13131604.php\" target=\"_blank\" rel=\"noopener\">avec son homologue am\u00e9ricain Donald Trump <\/a>et apr\u00e8s des frappes massives russes sur la ville de Kiev et sa r\u00e9gion, qui ont tu\u00e9 deux personnes et<a href=\"https:\/\/www.midilibre.fr\/2025\/12\/27\/guerre-en-ukraine-des-souffrances-plus-grandes-encore-la-russie-frappe-kiev-et-tue-au-moins-une-personne-13133094.php\" target=\"_blank\" rel=\"noopener\"> laiss\u00e9 plus d\u2019un million de foyers sans \u00e9lectricit\u00e9.<\/a><\/p>\n<p><a href=\"https:\/\/www.midilibre.fr\/2025\/12\/26\/video-guerre-en-ukraine-face-aux-drones-fpv-la-russie-equipe-ses-chars-dun-drole-dobjet-pour-les-proteger-13131689.php\" target=\"_blank\" rel=\"noopener\">Zelensky doit s\u2019entretenir avec Donald Trump<\/a> \u00e0 propos des \u00ab\u00a0questions sensibles\u00a0\u00bb que sont le sort du Donbass ukrainien et les garanties de s\u00e9curit\u00e9 occidentales pour l\u2019Ukraine, dans le cadre des n\u00e9gociations sur le plan am\u00e9ricain visant \u00e0 mettre fin \u00e0 bient\u00f4t quatre ans de guerre avec la Russie.<\/p>\n<p>Sur le chemin vers la Floride, le dirigeant ukrainien a fait escale \u00e0 Halifax en Nouvelle-\u00c9cosse, o\u00f9 il s\u2019est entretenu avec le Premier ministre canadien Mark Carney avant un entretien t\u00e9l\u00e9phonique pr\u00e9vu avec les alli\u00e9s europ\u00e9ens de Kiev.<\/p>\n<p>\u00ab\u00a0Nous devons mettre fin \u00e0 cette guerre, et pour cela, nous avons besoin de deux choses\u00a0: exercer une pression sur la Russie et apporter un soutien suffisamment fort \u00e0 l\u2019Ukraine\u00a0\u00bb, a plaid\u00e9 M. Zelensky.<\/p>\n<p>Mark\u00a0Carney a lui estim\u00e9 qu\u2019une \u00ab\u00a0paix juste et durable\u00a0\u00bb en Ukraine \u00e9tait possible. \u00ab\u00a0Mais cela n\u00e9cessite une Russie pr\u00eate \u00e0 coop\u00e9rer\u00a0\u00bb, a-t-il\u00a0d\u00e9clar\u00e9 tout en condamnant la \u00ab\u00a0barbarie dont nous avons \u00e9t\u00e9 t\u00e9moins cette nuit\u00a0\u00bb lors des frappes russes sur Kiev.<\/p>\n<p>Une attaque de drones \u00e0 Kiev<\/p>\n<p>Dans la nuit de vendredi \u00e0 samedi, la capitale ukrainienne a \u00e9t\u00e9 vis\u00e9e par plus de 519 drones et 40 missiles, dont respectivement 474 et 29 ont \u00e9t\u00e9 abattus, selon l\u2019arm\u00e9e de l\u2019air. Une journaliste de l\u2019AFP a entendu une s\u00e9rie de fortes explosions.<\/p>\n<p>Ces attaques, qui visaient comme lors des pr\u00e9c\u00e9dentes frappes des infrastructures \u00e9nerg\u00e9tiques, ont fait deux morts et une quarantaine de bless\u00e9s \u00e0 Kiev et dans sa r\u00e9gion, ont indiqu\u00e9 les autorit\u00e9s locales. Selon l\u2019op\u00e9rateur \u00e9lectrique DTEK, plus d\u2019un million de foyers ont \u00e9t\u00e9 priv\u00e9s de courant \u00e0 la suite de ces attaques et des travaux de r\u00e9paration sont en cours pour r\u00e9tablir l\u2019alimentation.<\/p>\n<p>Ces nouvelles frappes montrent que la Russie \u00ab\u00a0ne veut pas mettre fin \u00e0 la guerre\u00a0\u00bb, a d\u00e9clar\u00e9 Volodymyr Zelensky, avant son d\u00e9part pour le Canada et les \u00c9tats-Unis. Le minist\u00e8re russe de la D\u00e9fense a de son c\u00f4t\u00e9 indiqu\u00e9 que plus de 230 drones ukrainiens ont \u00e9t\u00e9 abattus au cours de la journ\u00e9e au-dessus de la Russie.<\/p>\n<p>L\u2019arm\u00e9e russe, qui a acc\u00e9l\u00e9r\u00e9 ses conqu\u00eates sur le front ces derniers mois, a aussi revendiqu\u00e9 la capture de la ville de Myrnograd dans la r\u00e9gion de Donetsk (est) et de celle de Goulia\u00efpol\u00e9, dans la r\u00e9gion de Zaporijjia (sud).<\/p>\n<p>Le plan am\u00e9ricain pour la paix en discussion<\/p>\n<p>Volodymyr Zelensky et Donald Trump \u00e9voqueront en Floride le plan am\u00e9ricain visant \u00e0 mettre fin \u00e0 la guerre, pr\u00e9sent\u00e9 par Washington il y a pr\u00e8s d\u2019un mois. Le pr\u00e9sident ukrainien a d\u00e9voil\u00e9 cette semaine la nouvelle mouture de ce document, retravaill\u00e9 apr\u00e8s d\u2019\u00e2pres n\u00e9gociations avec Kiev.<\/p>\n<p>Cette nouvelle version propose un gel du front aux positions actuelles sans offrir de solutions imm\u00e9diates aux revendications territoriales de la Russie, qui contr\u00f4le environ 19\u00a0% de l\u2019Ukraine. Le nouveau document abandonne deux exigences cl\u00e9s du Kremlin\u00a0: un retrait des troupes ukrainiennes de la r\u00e9gion orientale de Donetsk et un engagement de l\u2019Ukraine juridiquement contraignant de non-adh\u00e9sion \u00e0 l\u2019Otan.<\/p>\n<p>Dans ces conditions, la validation de cet accord par Moscou para\u00eet improbable.\u00a0Le vice-ministre russe des Affaires \u00e9trang\u00e8res, Sergue\u00ef Riabkov, a ainsi accus\u00e9 vendredi Kiev et ses alli\u00e9s europ\u00e9ens de vouloir \u00ab\u00a0torpiller\u00a0\u00bb les n\u00e9gociations et appel\u00e9 \u00e0 revenir aux ententes ant\u00e9rieures, faute de quoi \u00ab\u00a0aucun accord ne pourra \u00eatre conclu\u00a0\u00bb.<\/p>\n<p>\u00ab\u00a0Si les autorit\u00e9s de Kiev ne souhaitent pas r\u00e9gler cette affaire pacifiquement, nous r\u00e9soudrons tous les probl\u00e8mes qui se posent \u00e0 nous par la voie militaire\u00a0\u00bb, a assur\u00e9 Vladimir Poutine samedi.<\/p>\n<p>Zelensky \u00ab\u00a0n\u2019a rien tant que je ne donne pas mon accord\u00a0\u00bb<\/p>\n<p>Volodymyr Zelensky \u00ab\u00a0n\u2019a rien tant que je ne donne pas mon accord\u00a0\u00bb, a averti vendredi Donald Trump, dans un entretien au site internet Politico. \u00ab\u00a0Je pense que \u00e7a se passera bien avec lui. Je pense que \u00e7a se passera bien avec (le pr\u00e9sident russe Vladimir) Poutine\u00a0\u00bb, avec lequel il pr\u00e9voit de s\u2019entretenir \u00ab\u00a0bient\u00f4t\u00a0\u00bb, a-t-il relev\u00e9.<\/p>\n<p>Lors de leur derni\u00e8re entrevue en octobre, Zelensky avait \u00e9chou\u00e9 \u00e0 convaincre Trump de livrer \u00e0 son pays des missiles am\u00e9ricains Tomahawks et aucune conf\u00e9rence de presse commune n\u2019avait eu lieu \u00e0 l\u2019issue des discussions. Le porte-parole du Kremlin, Dmitri Peskov, a fait savoir de son c\u00f4t\u00e9 vendredi qu\u2019un \u00ab\u00a0contact t\u00e9l\u00e9phonique\u00a0\u00bb avait \u00ab\u00a0eu lieu\u00a0\u00bb entre Russes et Am\u00e9ricains mais a refus\u00e9 d\u2019en r\u00e9v\u00e9ler les d\u00e9tails.<\/p>\n<p>Avant sa rencontre avec Donald Trump, Zelensky s\u2019est entretenu vendredi avec plusieurs dirigeants dont le chancelier allemand Friedrich Merz, ainsi qu\u2019avec le secr\u00e9taire g\u00e9n\u00e9ral de l\u2019Otan, Mark Rutte.<\/p>\n<p>Juste apr\u00e8s le d\u00e9part de Zelensky pour les \u00c9tats-Unis, un nouveau scandale de corruption a \u00e9clat\u00e9 en Ukraine. L\u2019agence nationale anticorruption (NABU) a accus\u00e9 plusieurs d\u00e9put\u00e9s d\u2019avoir accept\u00e9 des pots-de-vin en \u00e9change de leur vote au Parlement.<\/p>\n","protected":false},"excerpt":{"rendered":"Le pr\u00e9sident ukrainien Volodymyr Zelensky a entam\u00e9 samedi 27\u00a0d\u00e9cembre une escale au Canada avant une rencontre cruciale en&hellip;\n","protected":false},"author":2,"featured_media":626459,"comment_status":"","ping_status":"","sticky":false,"template":"","format":"standard","meta":{"footnotes":""},"categories":[1590],"tags":[1111,11,1777,674,131,74,12,220],"class_list":{"0":"post-626458","1":"post","2":"type-post","3":"status-publish","4":"format-standard","5":"has-post-thumbnail","7":"category-ukraine","8":"tag-actu","9":"tag-actualites","10":"tag-eu","11":"tag-europe","12":"tag-guerre-en-ukraine","13":"tag-monde","14":"tag-news","15":"tag-ukraine"},"share_on_mastodon":{"url":"https:\/\/pubeurope.com\/@fr\/115795463590156502","error":""},"_links":{"self":[{"href":"https:\/\/www.europesays.com\/fr\/wp-json\/wp\/v2\/posts\/626458","targetHints":{"allow":["GET"]}}],"collection":[{"href":"https:\/\/www.europesays.com\/fr\/wp-json\/wp\/v2\/posts"}],"about":[{"href":"https:\/\/www.europesays.com\/fr\/wp-json\/wp\/v2\/types\/post"}],"author":[{"embeddable":true,"href":"https:\/\/www.europesays.com\/fr\/wp-json\/wp\/v2\/users\/2"}],"replies":[{"embeddable":true,"href":"https:\/\/www.europesays.com\/fr\/wp-json\/wp\/v2\/comments?post=626458"}],"version-history":[{"count":0,"href":"https:\/\/www.europesays.com\/fr\/wp-json\/wp\/v2\/posts\/626458\/revisions"}],"wp:featuredmedia":[{"embeddable":true,"href":"https:\/\/www.europesays.com\/fr\/wp-json\/wp\/v2\/media\/626459"}],"wp:attachment":[{"href":"https:\/\/www.europesays.com\/fr\/wp-json\/wp\/v2\/media?parent=626458"}],"wp:term":[{"taxonomy":"category","embeddable":true,"href":"https:\/\/www.europesays.com\/fr\/wp-json\/wp\/v2\/categories?post=626458"},{"taxonomy":"post_tag","embeddable":true,"href":"https:\/\/www.europesays.com\/fr\/wp-json\/wp\/v2\/tags?post=626458"}],"curies":[{"name":"wp","href":"https:\/\/api.w.org\/{rel}","templated":true}]}}