{"id":626462,"date":"2025-12-28T05:09:15","date_gmt":"2025-12-28T05:09:15","guid":{"rendered":"https:\/\/www.europesays.com\/fr\/626462\/"},"modified":"2025-12-28T05:09:15","modified_gmt":"2025-12-28T05:09:15","slug":"asile-et-migration-langola-et-la-namibie-vont-renforcer-leur-cooperation-avec-le-royaume-uni","status":"publish","type":"post","link":"https:\/\/www.europesays.com\/fr\/626462\/","title":{"rendered":"Asile et migration &#8211; L&rsquo;Angola et la Namibie vont renforcer leur coop\u00e9ration avec le Royaume-Uni"},"content":{"rendered":"<p class=\"ap-StoryElement ap-StoryElement--mb ap-StoryText\">Face \u00e0 ces d\u00e9clarations, l&rsquo;Angola et la Namibie ont ainsi accept\u00e9 de nouvelles proc\u00e9dures qui permettront au Royaume-Uni de leur renvoyer leurs ressortissants dans les mois \u00e0 venir. La proc\u00e9dure acc\u00e9l\u00e9r\u00e9e d&rsquo;octroi de visas et le traitement pr\u00e9f\u00e9rentiel accord\u00e9 aux diplomates et aux personnalit\u00e9s importantes de R\u00e9publique d\u00e9mocratique du Congo (RDC) ont par ailleurs \u00e9t\u00e9 suspendues par le Royaume-Uni \u00e0 titre d&rsquo;avertissement, car le pays n&rsquo;avait pas mis en \u0153uvre les changements requis.<\/p>\n<p class=\"ap-StoryElement ap-StoryElement--mb ap-StoryText\">Mme Mahmood a averti qu&rsquo;elle \u00e9tait pr\u00eate \u00e0 prendre davantage de d\u00e9cisions en ce sens. Une source au sein du gouvernement a d\u00e9clar\u00e9 que la ministre \u00ab\u00a0n&rsquo;h\u00e9siterait pas \u00e0 aller plus loin et \u00e0 interdire les visas pour les autres pays qui refusent de reprendre leurs ressortissants\u00a0\u00bb.<\/p>\n<p class=\"ap-StoryElement ap-StoryElement--mb ap-StoryText\">\u00ab\u00a0Ce n&rsquo;est que le d\u00e9but des mesures que je prends pour s\u00e9curiser nos fronti\u00e8res et acc\u00e9l\u00e9rer l&rsquo;expulsion des personnes qui ne sont pas autoris\u00e9es \u00e0 s\u00e9journer ici\u00a0\u00bb, a d\u00e9clar\u00e9 Shabana Mahmood. Le mois dernier, la ministre a annonc\u00e9 des r\u00e9formes radicales visant \u00e0 d\u00e9courager les demandes d&rsquo;asile au Royaume-Uni et \u00e0 faciliter les expulsions.<\/p>\n","protected":false},"excerpt":{"rendered":"Face \u00e0 ces d\u00e9clarations, l&rsquo;Angola et la Namibie ont ainsi accept\u00e9 de nouvelles proc\u00e9dures qui permettront au Royaume-Uni&hellip;\n","protected":false},"author":2,"featured_media":2837,"comment_status":"","ping_status":"","sticky":false,"template":"","format":"standard","meta":{"footnotes":""},"categories":[1588],"tags":[11,26740,10443,73589,312,1777,674,1061,58921,12,473,1853,1851,1850,1852],"class_list":{"0":"post-626462","1":"post","2":"type-post","3":"status-publish","4":"format-standard","5":"has-post-thumbnail","7":"category-royaume-uni","8":"tag-actualites","9":"tag-angola","10":"tag-asile","11":"tag-congo-kin","12":"tag-diplomatie","13":"tag-eu","14":"tag-europe","15":"tag-immigration","16":"tag-namibie","17":"tag-news","18":"tag-royaume-uni","19":"tag-royaume-uni-de-grande-bretagne-et-dirlande-du-nord","20":"tag-uk","21":"tag-united-kingdom","22":"tag-united-kingdom-of-great-britain-and-northern-ireland"},"share_on_mastodon":{"url":"https:\/\/pubeurope.com\/@fr\/115795471136274941","error":""},"_links":{"self":[{"href":"https:\/\/www.europesays.com\/fr\/wp-json\/wp\/v2\/posts\/626462","targetHints":{"allow":["GET"]}}],"collection":[{"href":"https:\/\/www.europesays.com\/fr\/wp-json\/wp\/v2\/posts"}],"about":[{"href":"https:\/\/www.europesays.com\/fr\/wp-json\/wp\/v2\/types\/post"}],"author":[{"embeddable":true,"href":"https:\/\/www.europesays.com\/fr\/wp-json\/wp\/v2\/users\/2"}],"replies":[{"embeddable":true,"href":"https:\/\/www.europesays.com\/fr\/wp-json\/wp\/v2\/comments?post=626462"}],"version-history":[{"count":0,"href":"https:\/\/www.europesays.com\/fr\/wp-json\/wp\/v2\/posts\/626462\/revisions"}],"wp:featuredmedia":[{"embeddable":true,"href":"https:\/\/www.europesays.com\/fr\/wp-json\/wp\/v2\/media\/2837"}],"wp:attachment":[{"href":"https:\/\/www.europesays.com\/fr\/wp-json\/wp\/v2\/media?parent=626462"}],"wp:term":[{"taxonomy":"category","embeddable":true,"href":"https:\/\/www.europesays.com\/fr\/wp-json\/wp\/v2\/categories?post=626462"},{"taxonomy":"post_tag","embeddable":true,"href":"https:\/\/www.europesays.com\/fr\/wp-json\/wp\/v2\/tags?post=626462"}],"curies":[{"name":"wp","href":"https:\/\/api.w.org\/{rel}","templated":true}]}}