{"id":626463,"date":"2025-12-28T05:10:34","date_gmt":"2025-12-28T05:10:34","guid":{"rendered":"https:\/\/www.europesays.com\/fr\/626463\/"},"modified":"2025-12-28T05:10:34","modified_gmt":"2025-12-28T05:10:34","slug":"biathlon-lou-jeanmonnot-va-participer-a-des-courses-dans-un-stade-de-foot-en-allemagne","status":"publish","type":"post","link":"https:\/\/www.europesays.com\/fr\/626463\/","title":{"rendered":"Biathlon. Lou Jeanmonnot va participer \u00e0 des courses dans un stade de foot en Allemagne"},"content":{"rendered":"<p>\u00ab\u00a0De mani\u00e8re g\u00e9n\u00e9rale, je trouve que le break de No\u00ebl est n\u00e9cessaire, \u00e7a fait du bien.\u00a0\u00bb Tranquille, apr\u00e8s <a href=\"https:\/\/www.estrepublicain.fr\/sport\/2025\/12\/20\/on-a-vecu-le-triomphe-de-lou-jeanmonnot-avec-son-club-au-grand-bornand\" target=\"_blank\" rel=\"noopener\">avoir brill\u00e9 au Grand-Bornand<\/a> devant ses supporters, <a href=\"https:\/\/www.estrepublicain.fr\/p\/lou-jeanmonnot\" target=\"_blank\" rel=\"noopener\">Lou Jeanmonnot<\/a> l\u2019a \u00e9t\u00e9. Mais pas tr\u00e8s longtemps. La Fran\u00e7aise, leader du collectif f\u00e9minin et <a href=\"https:\/\/www.estrepublicain.fr\/sport\/2025\/12\/21\/lou-jeanmonnot-leader-de-la-coupe-du-monde-a-noel-apres-le-grand-bornand-une-belle-sensation-de-satisfaction\" target=\"_blank\" rel=\"noopener\">d\u00e9sormais nouvelle patronne au classement g\u00e9n\u00e9ral<\/a> gr\u00e2ce \u00e0 ses trois podiums (dont une victoire) en Haute-Savoie, ne retrouvera les joutes de la coupe du monde qu\u2019\u00e0 partir du 9\u00a0janvier 2026, \u00e0 Oberhof (Allemagne). Encore deux semaines, direz-vous, sauf que la Franc-Comtoise va avant cela participer \u00e0 une course outre-Rhin pour clore 2025. Elle avait, en effet, \u00e9t\u00e9 annonc\u00e9e depuis d\u00e9but d\u00e9cembre sur le World Team Challenge, \u00e0 Gelsenkirchen.<\/p>\n<p>  Dix bin\u00f4mes au total<\/p>\n<p>Mais qu\u2019est ce donc que ce rendez-vous qui a lieu dans le cadre du festival \u00ab\u00a0Biathlon auf Schalke\u00a0\u00bb\u00a0? Eh bien un show dans et \u00e0 l\u2019ext\u00e9rieur de la Veltins-Arena (qui devrait accueillir environ 40\u00a0000 spectateurs), enceinte qui abrite le reste de l\u2019ann\u00e9e le club de foot de Schalke 04. L\u2019\u00e9v\u00e9nement date de 2002, bien cal\u00e9 entre No\u00ebl et le Nouvel An. Lou Jeanmonnot y fera \u00e9quipe avec le Vosgien <a href=\"https:\/\/www.estrepublicain.fr\/p\/fabien-claude\" target=\"_blank\" rel=\"noopener\">Fabien Claude<\/a>, qui conna\u00eet bien le lieu. Il s\u2019y est en effet impos\u00e9 deux fois, en\u00a02022 et\u00a02023, avec Julia Simon. Face au duo tricolore, Belges (avec Florent Claude), Slov\u00e8nes (avec Lampic), Finlandais (avec Minkkinen) et donc Allemands formeront le plateau de ce cru 2025. Soit au total dix bin\u00f4mes en lice.<\/p>\n<p>Une fa\u00e7on pour la Franc-Comtoise de 27 ans de ne pas perdre totalement le rythme. Mais un format tr\u00e8s nerveux dont il ne faudra pas tirer de grands enseignements, comme sur le Loop One festival de Munich plus t\u00f4t cette ann\u00e9e. Les biathl\u00e8tes seront align\u00e9s sur mass start et poursuite et devront skier sur des boucles d\u20191,4\u00a0km. Jeanmonnot aura ensuite une semaine plus l\u00e9g\u00e8re, avant de se rendre \u00e0 350\u00a0km de l\u00e0, au centre de l\u2019Allemagne pour d\u00e9fendre son maillot jaune. \u00ab\u00a0Le biathlon c\u2019est une remise \u00e0 z\u00e9ro permanente, et il faudra remettre le couvert au moment venu\u00a0\u00bb, pr\u00e9venait son coach Cyril Burdet, \u00e0 la fin de l\u2019\u00e9tape en Haute-Savoie.<\/p>\n<p class=\"note\"><strong>Programme.-<\/strong> 18h15 : mass start ; 19h12 : poursuite<\/p>\n","protected":false},"excerpt":{"rendered":"\u00ab\u00a0De mani\u00e8re g\u00e9n\u00e9rale, je trouve que le break de No\u00ebl est n\u00e9cessaire, \u00e7a fait du bien.\u00a0\u00bb Tranquille, apr\u00e8s&hellip;\n","protected":false},"author":2,"featured_media":626464,"comment_status":"","ping_status":"","sticky":false,"template":"","format":"standard","meta":{"footnotes":""},"categories":[1587],"tags":[11,672,4130,1804,1805,1803,14384,1777,674,1801,12,50320,53088,1802,517,14185,9589],"class_list":{"0":"post-626463","1":"post","2":"type-post","3":"status-publish","4":"format-standard","5":"has-post-thumbnail","7":"category-allemagne","8":"tag-actualites","9":"tag-allemagne","10":"tag-biathlon","11":"tag-bundesrepublik-deutschland","12":"tag-de","13":"tag-deutschland","14":"tag-edition-pontarlier-haut-doubs","15":"tag-eu","16":"tag-europe","17":"tag-germany","18":"tag-news","19":"tag-pontarlier","20":"tag-pontarlier-ville-25a","21":"tag-republique-federale-dallemagne","22":"tag-sport","23":"tag-sport-franc-comtois","24":"tag-sports-dhiver"},"share_on_mastodon":{"url":"https:\/\/pubeurope.com\/@fr\/115795474886928744","error":""},"_links":{"self":[{"href":"https:\/\/www.europesays.com\/fr\/wp-json\/wp\/v2\/posts\/626463","targetHints":{"allow":["GET"]}}],"collection":[{"href":"https:\/\/www.europesays.com\/fr\/wp-json\/wp\/v2\/posts"}],"about":[{"href":"https:\/\/www.europesays.com\/fr\/wp-json\/wp\/v2\/types\/post"}],"author":[{"embeddable":true,"href":"https:\/\/www.europesays.com\/fr\/wp-json\/wp\/v2\/users\/2"}],"replies":[{"embeddable":true,"href":"https:\/\/www.europesays.com\/fr\/wp-json\/wp\/v2\/comments?post=626463"}],"version-history":[{"count":0,"href":"https:\/\/www.europesays.com\/fr\/wp-json\/wp\/v2\/posts\/626463\/revisions"}],"wp:featuredmedia":[{"embeddable":true,"href":"https:\/\/www.europesays.com\/fr\/wp-json\/wp\/v2\/media\/626464"}],"wp:attachment":[{"href":"https:\/\/www.europesays.com\/fr\/wp-json\/wp\/v2\/media?parent=626463"}],"wp:term":[{"taxonomy":"category","embeddable":true,"href":"https:\/\/www.europesays.com\/fr\/wp-json\/wp\/v2\/categories?post=626463"},{"taxonomy":"post_tag","embeddable":true,"href":"https:\/\/www.europesays.com\/fr\/wp-json\/wp\/v2\/tags?post=626463"}],"curies":[{"name":"wp","href":"https:\/\/api.w.org\/{rel}","templated":true}]}}