{"id":626467,"date":"2025-12-28T05:12:27","date_gmt":"2025-12-28T05:12:27","guid":{"rendered":"https:\/\/www.europesays.com\/fr\/626467\/"},"modified":"2025-12-28T05:12:27","modified_gmt":"2025-12-28T05:12:27","slug":"plongee-dans-lunivers-de-khalil-gibran-a-travers-une-exposition-au-heysel-cest-fou-quil-ny-en-ait-jamais-eu-avant","status":"publish","type":"post","link":"https:\/\/www.europesays.com\/fr\/626467\/","title":{"rendered":"Plong\u00e9e dans l\u2019univers de Khalil Gibran \u00e0 travers une exposition au Heysel : \u00ab\u00a0C&rsquo;est fou qu&rsquo;il n&rsquo;y en ait jamais eu avant\u00a0\u00bb"},"content":{"rendered":"<p>                    Une exposition au Palais 2 pour d\u00e9couvrir les \u0153uvres de Khalil Gibran.<\/p>\n<p>Khalil Gibran : ce nom ne vous dit peut-\u00eatre rien. Pourtant, c\u2019est le troisi\u00e8me auteur le plus lu au monde. Ses \u0153uvres ont notamment inspir\u00e9 les Beatles ou encore Steve Jobs.<\/p>\n<p>Pour le d\u00e9couvrir, une exposition immersive a pos\u00e9 ses bagages dans le Palais 2 du Heysel. Les \u0153uvres projet\u00e9es sur les murs sont des illustrations de ses po\u00e8mes.<\/p>\n<p>\u201cC\u2019est fou qu\u2019il n\u2019y ait jamais eu d\u2019expositions avant\u201d, commente Roda Fawaz, ambassadeur de l\u2019exposition et com\u00e9dien. \u201cC\u2019est juste le Shakespeare arabe, c\u2019est assez hallucinant que certaines personnes ne le connaissent pas du tout\u201d, estime-t-il.<\/p>\n<p>Cette exp\u00e9rience immersive et le reste de l\u2019exposition se visite jusque fin mars au Heysel.<\/p>\n<p>\u25a0 Reportage de <strong>Simon Breem<\/strong>, <strong>Jacques Vermeer<\/strong> et <strong>Djop Medou Mvondo<\/strong><\/p>\n","protected":false},"excerpt":{"rendered":"Une exposition au Palais 2 pour d\u00e9couvrir les \u0153uvres de Khalil Gibran. Khalil Gibran : ce nom ne&hellip;\n","protected":false},"author":2,"featured_media":626468,"comment_status":"","ping_status":"","sticky":false,"template":"","format":"standard","meta":{"footnotes":""},"categories":[1586],"tags":[11,1777,674,1779,3293,1011,27,73590,73591,12,73592,25,1778,364],"class_list":{"0":"post-626467","1":"post","2":"type-post","3":"status-publish","4":"format-standard","5":"has-post-thumbnail","7":"category-europe","8":"tag-actualites","9":"tag-eu","10":"tag-europe","11":"tag-european-union","12":"tag-exposition","13":"tag-fr","14":"tag-france","15":"tag-heysel","16":"tag-khalil-gibran","17":"tag-news","18":"tag-palais-2","19":"tag-republique-francaise","20":"tag-ue","21":"tag-union-europeenne"},"share_on_mastodon":{"url":"https:\/\/pubeurope.com\/@fr\/115795482618051815","error":""},"_links":{"self":[{"href":"https:\/\/www.europesays.com\/fr\/wp-json\/wp\/v2\/posts\/626467","targetHints":{"allow":["GET"]}}],"collection":[{"href":"https:\/\/www.europesays.com\/fr\/wp-json\/wp\/v2\/posts"}],"about":[{"href":"https:\/\/www.europesays.com\/fr\/wp-json\/wp\/v2\/types\/post"}],"author":[{"embeddable":true,"href":"https:\/\/www.europesays.com\/fr\/wp-json\/wp\/v2\/users\/2"}],"replies":[{"embeddable":true,"href":"https:\/\/www.europesays.com\/fr\/wp-json\/wp\/v2\/comments?post=626467"}],"version-history":[{"count":0,"href":"https:\/\/www.europesays.com\/fr\/wp-json\/wp\/v2\/posts\/626467\/revisions"}],"wp:featuredmedia":[{"embeddable":true,"href":"https:\/\/www.europesays.com\/fr\/wp-json\/wp\/v2\/media\/626468"}],"wp:attachment":[{"href":"https:\/\/www.europesays.com\/fr\/wp-json\/wp\/v2\/media?parent=626467"}],"wp:term":[{"taxonomy":"category","embeddable":true,"href":"https:\/\/www.europesays.com\/fr\/wp-json\/wp\/v2\/categories?post=626467"},{"taxonomy":"post_tag","embeddable":true,"href":"https:\/\/www.europesays.com\/fr\/wp-json\/wp\/v2\/tags?post=626467"}],"curies":[{"name":"wp","href":"https:\/\/api.w.org\/{rel}","templated":true}]}}