{"id":62647,"date":"2025-04-29T20:22:08","date_gmt":"2025-04-29T20:22:08","guid":{"rendered":"https:\/\/www.europesays.com\/fr\/62647\/"},"modified":"2025-04-29T20:22:08","modified_gmt":"2025-04-29T20:22:08","slug":"tennis-les-internationaux-de-strasbourg-misent-sur-des-valeurs-sures","status":"publish","type":"post","link":"https:\/\/www.europesays.com\/fr\/62647\/","title":{"rendered":"Tennis. Les Internationaux de Strasbourg misent sur des valeurs s\u00fbres"},"content":{"rendered":"<p>\u00c0 moins d\u2019un mois du d\u00e9but du tournoi, les organisateurs des <a href=\"http:\/\/www.internationaux-strasbourg.fr.\" target=\"_blank\" rel=\"noopener\">Internationaux de Strasbourg<\/a> ont d\u00e9voil\u00e9 ce mardi le plateau 2025 des joueuses, tout pr\u00e8s d\u2019un court central en plein chantier au Wacken.<\/p>\n<p>L\u2019Espagnole Paula Badosa, n\u00b09 mondiale, esp\u00e8re faire sa reprise dans une \u00e9preuve alsacienne qu\u2019elle d\u00e9couvrira, elle qui s\u2019est bless\u00e9e au dos depuis le mois de mars et qui a encore d\u00e9clar\u00e9 forfait au Masters 1000 de Madrid la semaine derni\u00e8re.<\/p>\n<p>Raducanu et Azarenka sur liste d\u2019attente<\/p>\n<p>Elle aura pour principales rivales deux fid\u00e8les du tournoi, l\u2019Am\u00e9ricaine Emma Navarro, n\u00b010, et l\u2019Ukrainienne Elina Svitolina, n\u00b017, qui voudra reconqu\u00e9rir le titre qu\u2019elle avait perdu en 2024.<\/p>\n<p>Comme Paula Badosa, l\u2019Australienne d\u2019origine russe Daria Kasatkina, n\u00b014 mondiale, fera ses d\u00e9buts sur les courts du TC\u00a0Strasbourg, qui reverront \u00e9galement l\u2019Am\u00e9ricaine Danielle Collins, n\u00b030 mondiale et finaliste en 2024. Tenante du titre en Alsace, Madison Keys, qui a aussi remport\u00e9 l\u2019Open d\u2019Australie en d\u00e9but d\u2019ann\u00e9e,&#8230;<\/p>\n","protected":false},"excerpt":{"rendered":"\u00c0 moins d\u2019un mois du d\u00e9but du tournoi, les organisateurs des Internationaux de Strasbourg ont d\u00e9voil\u00e9 ce mardi&hellip;\n","protected":false},"author":2,"featured_media":62648,"comment_status":"","ping_status":"","sticky":false,"template":"","format":"standard","meta":{"footnotes":""},"categories":[2820],"tags":[1111,11,1777,674,107,1011,27,775,16055,12,25,517,640,1467],"class_list":{"0":"post-62647","1":"post","2":"type-post","3":"status-publish","4":"format-standard","5":"has-post-thumbnail","7":"category-strasbourg","8":"tag-actu","9":"tag-actualites","10":"tag-eu","11":"tag-europe","12":"tag-fil-info","13":"tag-fr","14":"tag-france","15":"tag-grand-est","16":"tag-internationaux-de-strasbourg","17":"tag-news","18":"tag-republique-francaise","19":"tag-sport","20":"tag-strasbourg","21":"tag-tennis"},"share_on_mastodon":{"url":"https:\/\/pubeurope.com\/@fr\/114423119569036724","error":""},"_links":{"self":[{"href":"https:\/\/www.europesays.com\/fr\/wp-json\/wp\/v2\/posts\/62647","targetHints":{"allow":["GET"]}}],"collection":[{"href":"https:\/\/www.europesays.com\/fr\/wp-json\/wp\/v2\/posts"}],"about":[{"href":"https:\/\/www.europesays.com\/fr\/wp-json\/wp\/v2\/types\/post"}],"author":[{"embeddable":true,"href":"https:\/\/www.europesays.com\/fr\/wp-json\/wp\/v2\/users\/2"}],"replies":[{"embeddable":true,"href":"https:\/\/www.europesays.com\/fr\/wp-json\/wp\/v2\/comments?post=62647"}],"version-history":[{"count":0,"href":"https:\/\/www.europesays.com\/fr\/wp-json\/wp\/v2\/posts\/62647\/revisions"}],"wp:featuredmedia":[{"embeddable":true,"href":"https:\/\/www.europesays.com\/fr\/wp-json\/wp\/v2\/media\/62648"}],"wp:attachment":[{"href":"https:\/\/www.europesays.com\/fr\/wp-json\/wp\/v2\/media?parent=62647"}],"wp:term":[{"taxonomy":"category","embeddable":true,"href":"https:\/\/www.europesays.com\/fr\/wp-json\/wp\/v2\/categories?post=62647"},{"taxonomy":"post_tag","embeddable":true,"href":"https:\/\/www.europesays.com\/fr\/wp-json\/wp\/v2\/tags?post=62647"}],"curies":[{"name":"wp","href":"https:\/\/api.w.org\/{rel}","templated":true}]}}