{"id":626473,"date":"2025-12-28T05:15:17","date_gmt":"2025-12-28T05:15:17","guid":{"rendered":"https:\/\/www.europesays.com\/fr\/626473\/"},"modified":"2025-12-28T05:15:17","modified_gmt":"2025-12-28T05:15:17","slug":"cet-article-est-lun-des-plus-lus","status":"publish","type":"post","link":"https:\/\/www.europesays.com\/fr\/626473\/","title":{"rendered":"cet article est l&rsquo;un des plus lus"},"content":{"rendered":"<p>                    Par<br \/>\n        <strong><br \/>\n            <a href=\"https:\/\/actu.fr\/auteur\/redaction-oc\" title=\"Consulter tous les articles de R\u00e9daction Flers\" target=\"_blank\" rel=\"noopener\">R\u00e9daction Flers<\/a><br \/>\n                    <\/strong><\/p>\n<p>        Publi\u00e9 le<\/p>\n<p>            28 d\u00e9c. 2025 \u00e0 6h06        <\/p>\n<p>Jusqu\u2019\u00e0 la fin de l\u2019ann\u00e9e 2025,\u00a0<a href=\"https:\/\/actu.fr\/l-orne-combattante\/\" target=\"_blank\" rel=\"noopener\">L\u2019Orne Combattante<\/a>\u00a0revient sur les articles qui vous ont<b> le plus marqu\u00e9 <\/b>pendant l\u2019ann\u00e9e\u2009qui vient de s\u2019\u00e9couler. Pour le septi\u00e8me \u00e9pisode de cette s\u00e9rie, retour sur un moment qui a marqu\u00e9 les esprits lors du<b> passage du Tour de France<\/b> \u00e0 <a href=\"https:\/\/actu.fr\/normandie\/flers_61169\" target=\"_blank\" rel=\"noopener\">Flers<\/a> <b>(Orne)<\/b>, au mois de juillet.<\/p>\n<p class=\" wall-content\">Le cycliste Cl\u00e9ment Russo, de la formation Groupama-FDJ, <a href=\"https:\/\/actu.fr\/normandie\/flers_61169\/un-cycliste-du-tour-de-france-reste-bloque-plusieurs-minutes-a-flers-les-fans-interviennent_62896600.html\" target=\"_blank\" rel=\"noopener\">reste bloqu\u00e9 plusieurs minutes dans la rue du Six-Juin<\/a>, l\u2019art\u00e8re principale de la ville<b> bond\u00e9e pour l\u2019occasion<\/b>.<\/p>\n<p>Un incident qui co\u00fbte cher au classement de cette \u00e9tape du Tour de France<\/p>\n<p class=\" wall-content\">Le co\u00e9quipier du coureur local <a href=\"https:\/\/actu.fr\/tag\/guillaume-martin\" target=\"_blank\" rel=\"noopener\">Guillaume Martin-Guyonnet<\/a> subit un probl\u00e8me li\u00e9 \u00e0 sa roue avant. Seulement <b>sa voiture de d\u00e9pannage <\/b>se trouve trop loin, et les autres assistances passent devant le sportif sans pouvoir l\u2019aider.<\/p>\n<p class=\" wall-content\">Les minutes passent, et les spectateurs interviennent en faisant de grands signes et crient des <b>\u00ab\u00a0d\u00e9pannez-le, arr\u00eatez-vous !\u00a0\u00bb <\/b>\u00e0 chaque nouvelle voiture passant, mais toutes continuent leur route.<\/p>\n<p>Vid\u00e9os : en ce moment sur Actu<\/p>\n<p class=\" wall-content\">De membre du groupe de chasse, le cycliste repart <b>dernier de la course<\/b> apr\u00e8s un changement de v\u00e9lo tant attendu. Un incident d\u2019une<b> dizaine de minutes <\/b>qui lui co\u00fbte cher sur le classement <a href=\"https:\/\/actu.fr\/normandie\/vire-normandie_14762\/en-images-cest-le-grand-jour-pour-la-6e-etape-bayeux-vire-du-tour-de-france-2025_62880499.html\" target=\"_blank\" rel=\"noopener\">cette \u00e9tape Bayeux-Vire<\/a>, mais qui restera dans la m\u00e9moire des spectateurs fl\u00e9riens\u2026 et du sportif.<\/p>\n<p class=\" wall-content\">Personnalisez votre actualit\u00e9 en ajoutant vos villes et m\u00e9dias en favori avec <a href=\"https:\/\/moncompte.actu.fr\" title=\"D\u00e9couvez Mon Actu\" rel=\"nofollow noopener\" data-trk=\"{&quot;cta&quot;:{&quot;action&quot;:&quot;https:\\\/\\\/moncompte.actu.fr&quot;,&quot;category&quot;:&quot;mon compte&quot;,&quot;from&quot;:&quot;article footer&quot;,&quot;name&quot;:&quot;Mon actu&quot;,&quot;type&quot;:&quot;cta&quot;}}\" target=\"_blank\">Mon Actu<\/a>.<\/p>\n","protected":false},"excerpt":{"rendered":"Par R\u00e9daction Flers Publi\u00e9 le 28 d\u00e9c. 2025 \u00e0 6h06 Jusqu\u2019\u00e0 la fin de l\u2019ann\u00e9e 2025,\u00a0L\u2019Orne Combattante\u00a0revient sur&hellip;\n","protected":false},"author":2,"featured_media":626474,"comment_status":"","ping_status":"","sticky":false,"template":"","format":"standard","meta":{"footnotes":""},"categories":[4],"tags":[11,22362,1011,27,12,25,104,210,208],"class_list":{"0":"post-626473","1":"post","2":"type-post","3":"status-publish","4":"format-standard","5":"has-post-thumbnail","7":"category-france","8":"tag-actualites","9":"tag-flers-agglo","10":"tag-fr","11":"tag-france","12":"tag-news","13":"tag-republique-francaise","14":"tag-societe","15":"tag-tour-de-france","16":"tag-velo"},"share_on_mastodon":{"url":"https:\/\/pubeurope.com\/@fr\/115795494388129552","error":""},"_links":{"self":[{"href":"https:\/\/www.europesays.com\/fr\/wp-json\/wp\/v2\/posts\/626473","targetHints":{"allow":["GET"]}}],"collection":[{"href":"https:\/\/www.europesays.com\/fr\/wp-json\/wp\/v2\/posts"}],"about":[{"href":"https:\/\/www.europesays.com\/fr\/wp-json\/wp\/v2\/types\/post"}],"author":[{"embeddable":true,"href":"https:\/\/www.europesays.com\/fr\/wp-json\/wp\/v2\/users\/2"}],"replies":[{"embeddable":true,"href":"https:\/\/www.europesays.com\/fr\/wp-json\/wp\/v2\/comments?post=626473"}],"version-history":[{"count":0,"href":"https:\/\/www.europesays.com\/fr\/wp-json\/wp\/v2\/posts\/626473\/revisions"}],"wp:featuredmedia":[{"embeddable":true,"href":"https:\/\/www.europesays.com\/fr\/wp-json\/wp\/v2\/media\/626474"}],"wp:attachment":[{"href":"https:\/\/www.europesays.com\/fr\/wp-json\/wp\/v2\/media?parent=626473"}],"wp:term":[{"taxonomy":"category","embeddable":true,"href":"https:\/\/www.europesays.com\/fr\/wp-json\/wp\/v2\/categories?post=626473"},{"taxonomy":"post_tag","embeddable":true,"href":"https:\/\/www.europesays.com\/fr\/wp-json\/wp\/v2\/tags?post=626473"}],"curies":[{"name":"wp","href":"https:\/\/api.w.org\/{rel}","templated":true}]}}